{"id":68120,"date":"2016-03-28T08:54:54","date_gmt":"2016-03-28T11:54:54","guid":{"rendered":"http:\/\/www.eltrabajo.cl\/portal\/?p=68120"},"modified":"2016-03-28T08:54:54","modified_gmt":"2016-03-28T11:54:54","slug":"por-malos-tratos-y-persecucion-trabajadores-bloquean-acceso-a-saladillo","status":"publish","type":"post","link":"https:\/\/eltrabajo.cl\/portal\/por-malos-tratos-y-persecucion-trabajadores-bloquean-acceso-a-saladillo\/","title":{"rendered":"Por malos tratos y persecuci\u00f3n trabajadores bloquean acceso a Saladillo"},"content":{"rendered":"<figure id=\"attachment_68121\" aria-describedby=\"caption-attachment-68121\" style=\"width: 530px\" class=\"wp-caption alignleft\"><a href=\"http:\/\/www.eltrabajo.cl\/portal\/por-malos-tratos-y-persecucion-trabajadores-bloquean-acceso-a-saladillo\/compass1\/\" rel=\"attachment wp-att-68121\"><img data-recalc-dims=\"1\" loading=\"lazy\" decoding=\"async\" class=\"size-full wp-image-68121\" src=\"https:\/\/i0.wp.com\/www.eltrabajo.cl\/portal\/wp-content\/uploads\/2016\/03\/compass1.jpg?resize=530%2C348\" alt=\"Los trabajadores mantuvieron cortado por cuatro horas el acceso a Saladillo.\" width=\"530\" height=\"348\" srcset=\"https:\/\/i0.wp.com\/eltrabajo.cl\/portal\/wp-content\/uploads\/2016\/03\/compass1.jpg?w=530&amp;ssl=1 530w, https:\/\/i0.wp.com\/eltrabajo.cl\/portal\/wp-content\/uploads\/2016\/03\/compass1.jpg?resize=200%2C131&amp;ssl=1 200w, https:\/\/i0.wp.com\/eltrabajo.cl\/portal\/wp-content\/uploads\/2016\/03\/compass1.jpg?resize=300%2C197&amp;ssl=1 300w, https:\/\/i0.wp.com\/eltrabajo.cl\/portal\/wp-content\/uploads\/2016\/03\/compass1.jpg?resize=228%2C150&amp;ssl=1 228w, https:\/\/i0.wp.com\/eltrabajo.cl\/portal\/wp-content\/uploads\/2016\/03\/compass1.jpg?resize=400%2C263&amp;ssl=1 400w\" sizes=\"auto, (max-width: 530px) 100vw, 530px\" \/><\/a><figcaption id=\"caption-attachment-68121\" class=\"wp-caption-text\">Los trabajadores mantuvieron cortado por cuatro horas el acceso a Saladillo.<\/figcaption><\/figure>\n<p><strong>LOS ANDES.-<\/strong> Por espacio de cuatro horas los trabajadores de la empresa Compass mantuvieron bloqueado el camino de acceso al \u00e1rea industrial de la Divisi\u00f3n Andina de Codelco en Saladillo, por los malos tratos y persecuci\u00f3n laboral, seg\u00fan denunciaron.<br \/>\nEl bloqueo con barricadas se inici\u00f3 a las 5 de la ma\u00f1ana y se prolong\u00f3 hasta las 9 horas donde se llev\u00f3 adelante una asamblea.<br \/>\nEl Presidente de la Fetramin, Guillermo Candia, manifest\u00f3 que esta protesta impidi\u00f3 el ingreso del primer turno de alimentaci\u00f3n a fin de llamar la atenci\u00f3n sobre los malos tratos que se traducen en constantes amenazas de despidos y abusos de algunos supervisores, \u201clo que genera un clima laboral que no es propicio para los trabajadores y tambi\u00e9n la sobrecarga laboral debido a que la empresa ha ido bajando su planilla\u201d.<br \/>\nEl presidente llam\u00f3 la atenci\u00f3n del hecho que los trabajadores tengan que llegar a estas instancias de presi\u00f3n para poder ser escuchados y hacer valer sus derechos, \u201cpues el sindicato en reiteradas ocasiones pidi\u00f3 reuni\u00f3n para ver estos temas y no les fue concedida y por eso decidimos tomar el acceso a la mina\u201d.<br \/>\nA\u00f1adi\u00f3 que todo esto parte por la pol\u00edtica de reducci\u00f3n de costos que ha impuesto a la cupr\u00edfera estatal que ha llevado a las empresas contratistas a replicarla con sus trabajadores, \u201cpor lo que esta toma fue una advertencia, ya que nosotros como federaci\u00f3n siempre hemos planteado nuestras demandas en la calle cuando no nos escuchan\u201d.<br \/>\nGuillermo Candia dijo que gracias a esta medida se logr\u00f3 conformar una mesa con la empresa y tambi\u00e9n con Codelco para ver las demandas de los trabajadores de Compass y as\u00ed buscar una soluci\u00f3n pronta.<br \/>\nAclar\u00f3 que no est\u00e1n pidiendo aumento de remuneraciones, sino que condiciones laborales dignas y sin persecuci\u00f3n.<\/p>\n","protected":false},"excerpt":{"rendered":"<p>LOS ANDES.- Por espacio de cuatro horas los trabajadores de la empresa Compass mantuvieron bloqueado el camino de acceso al \u00e1rea industrial de la Divisi\u00f3n Andina de Codelco en Saladillo, por los&#8230;<\/p>\n","protected":false},"author":1,"featured_media":68121,"comment_status":"open","ping_status":"open","sticky":false,"template":"","format":"standard","meta":{"advanced_seo_description":"","jetpack_seo_html_title":"","jetpack_seo_noindex":false,"_jetpack_memberships_contains_paid_content":false,"footnotes":""},"categories":[1],"tags":[],"class_list":["post-68120","post","type-post","status-publish","format-standard","has-post-thumbnail","hentry","category-cronica"],"jetpack_featured_media_url":"https:\/\/i0.wp.com\/eltrabajo.cl\/portal\/wp-content\/uploads\/2016\/03\/compass1.jpg?fit=530%2C348&ssl=1","jetpack_sharing_enabled":true,"jetpack_likes_enabled":true,"jetpack-related-posts":[],"_links":{"self":[{"href":"https:\/\/eltrabajo.cl\/portal\/wp-json\/wp\/v2\/posts\/68120","targetHints":{"allow":["GET"]}}],"collection":[{"href":"https:\/\/eltrabajo.cl\/portal\/wp-json\/wp\/v2\/posts"}],"about":[{"href":"https:\/\/eltrabajo.cl\/portal\/wp-json\/wp\/v2\/types\/post"}],"author":[{"embeddable":true,"href":"https:\/\/eltrabajo.cl\/portal\/wp-json\/wp\/v2\/users\/1"}],"replies":[{"embeddable":true,"href":"https:\/\/eltrabajo.cl\/portal\/wp-json\/wp\/v2\/comments?post=68120"}],"version-history":[{"count":0,"href":"https:\/\/eltrabajo.cl\/portal\/wp-json\/wp\/v2\/posts\/68120\/revisions"}],"wp:featuredmedia":[{"embeddable":true,"href":"https:\/\/eltrabajo.cl\/portal\/wp-json\/wp\/v2\/media\/68121"}],"wp:attachment":[{"href":"https:\/\/eltrabajo.cl\/portal\/wp-json\/wp\/v2\/media?parent=68120"}],"wp:term":[{"taxonomy":"category","embeddable":true,"href":"https:\/\/eltrabajo.cl\/portal\/wp-json\/wp\/v2\/categories?post=68120"},{"taxonomy":"post_tag","embeddable":true,"href":"https:\/\/eltrabajo.cl\/portal\/wp-json\/wp\/v2\/tags?post=68120"}],"curies":[{"name":"wp","href":"https:\/\/api.w.org\/{rel}","templated":true}]}}