{"id":68124,"date":"2016-03-28T08:57:45","date_gmt":"2016-03-28T11:57:45","guid":{"rendered":"http:\/\/www.eltrabajo.cl\/portal\/?p=68124"},"modified":"2016-03-28T08:58:35","modified_gmt":"2016-03-28T11:58:35","slug":"continua-investigacion-de-supuesto-ladron-muerto-desangrado-en-san-rafael","status":"publish","type":"post","link":"https:\/\/eltrabajo.cl\/portal\/continua-investigacion-de-supuesto-ladron-muerto-desangrado-en-san-rafael\/","title":{"rendered":"Contin\u00faa investigaci\u00f3n de supuesto ladr\u00f3n muerto desangrado en San Rafael"},"content":{"rendered":"<figure id=\"attachment_68125\" aria-describedby=\"caption-attachment-68125\" style=\"width: 530px\" class=\"wp-caption alignleft\"><a href=\"http:\/\/www.eltrabajo.cl\/portal\/continua-investigacion-de-supuesto-ladron-muerto-desangrado-en-san-rafael\/joven-muerto-en-san-esteban\/\" rel=\"attachment wp-att-68125\"><img data-recalc-dims=\"1\" loading=\"lazy\" decoding=\"async\" class=\"size-full wp-image-68125\" src=\"https:\/\/i0.wp.com\/www.eltrabajo.cl\/portal\/wp-content\/uploads\/2016\/03\/joven-muerto-en-san-esteban.jpg?resize=530%2C349\" alt=\"Posiblemente peruano ser\u00eda el joven hallado muerto la ma\u00f1ana del mi\u00e9rcoles, apoyado en un muro de adobe, en el sector San Rafael.\" width=\"530\" height=\"349\" srcset=\"https:\/\/i0.wp.com\/eltrabajo.cl\/portal\/wp-content\/uploads\/2016\/03\/joven-muerto-en-san-esteban.jpg?w=530&amp;ssl=1 530w, https:\/\/i0.wp.com\/eltrabajo.cl\/portal\/wp-content\/uploads\/2016\/03\/joven-muerto-en-san-esteban.jpg?resize=200%2C132&amp;ssl=1 200w, https:\/\/i0.wp.com\/eltrabajo.cl\/portal\/wp-content\/uploads\/2016\/03\/joven-muerto-en-san-esteban.jpg?resize=300%2C198&amp;ssl=1 300w, https:\/\/i0.wp.com\/eltrabajo.cl\/portal\/wp-content\/uploads\/2016\/03\/joven-muerto-en-san-esteban.jpg?resize=228%2C150&amp;ssl=1 228w, https:\/\/i0.wp.com\/eltrabajo.cl\/portal\/wp-content\/uploads\/2016\/03\/joven-muerto-en-san-esteban.jpg?resize=400%2C263&amp;ssl=1 400w\" sizes=\"auto, (max-width: 530px) 100vw, 530px\" \/><\/a><figcaption id=\"caption-attachment-68125\" class=\"wp-caption-text\">Posiblemente peruano ser\u00eda el joven hallado muerto la ma\u00f1ana del mi\u00e9rcoles, apoyado en un muro de adobe, en el sector San Rafael.<\/figcaption><\/figure>\n<p>Se trata de un extranjero cuya identidad a\u00fan no es posible establecer ya que sus huellas dactilares no estaban en la base de datos del Registro Civil, aunque se presume podr\u00eda ser peruano.<br \/>\nA\u00fan no hay claridad sobre las causas y circunstancias en las cuales un sujeto de nacionalidad posiblemente peruana, falleci\u00f3 desangrado tras recibir un disparo de escopeta la madrugada del mi\u00e9rcoles en el sector de San Rafael, luego que hubiera participado supuestamente en un intento de robo a una vivienda del sector.<br \/>\nAs\u00ed lo reconoci\u00f3 el Jefe de la Brigada de Homicidios de la PDI, Comisario Gino Guti\u00e9rrez, quien confirm\u00f3 que el joven ser\u00eda extranjero, posiblemente peruano, ya que las huellas dactilares tomadas al cuerpo no arrojaron coincidencias con la base de datos del Registro Civil.<br \/>\n\u201cEstamos haciendo las consultas con interpol a fin de verificar su identidad con nuestros s\u00edmiles en Bolivia, Argentina y Per\u00fa\u201d, agreg\u00f3.<br \/>\nEl oficial se\u00f1al\u00f3 que en los rastreos efectuados cerca del lugar donde fue hallado el cuerpo apoyado en muro de adobe, ubicaron restos sangu\u00edneos en predios colindantes que dan cuenta del tr\u00e1nsito que tuvo la v\u00edctima antes de fallecer.<br \/>\nPrecis\u00f3 que la v\u00edctima tiene entre 20 y 30 a\u00f1os, \u201cpero el m\u00f3vil de este cuasi delito de homicidio es parte de la investigaci\u00f3n, as\u00ed como tambi\u00e9n la causa de su muerte y las causas y circunstancias del deceso\u201d.<br \/>\nEn cuanto al hijo de la due\u00f1a de casa que efectu\u00f3 disparos cuando sinti\u00f3 que desconocidos intentaban ingresar a robar al inmueble, record\u00f3 que fue puesto a disposici\u00f3n del Tribunal de Garant\u00eda de San Felipe y formalizado este jueves por infracci\u00f3n a la ley de armas, \u201cpuesto que la escopeta que utiliz\u00f3 no se encontraba inscrita a su nombre ni en el domicilio que estaba registrado en el padr\u00f3n\u201d.<br \/>\nEl Comisario subray\u00f3 que se debe cotejar la declaraci\u00f3n del autor de los disparos, quien se\u00f1al\u00f3 que apunt\u00f3 al aire, con las pericias bal\u00edsticas de la trayectoria, \u201cpues hay que recordar que los cartuchos de escopeta son m\u00faltiples, tienen una cantidad de proyectiles y \u00e9stos al momento de ser expulsados se van abriendo\u201d.<br \/>\nComent\u00f3 que una de las tesis es que se habr\u00eda tratado de un intento de robo, \u201cpero las declaraciones y el empadronamiento en el lugar dan cuenta que en el lugar de los hechos hubo m\u00e1s personas y estamos tratando de ubicarlos\u201d.<br \/>\nA\u00f1adi\u00f3 que se est\u00e1 estableciendo si producto de estos disparos otra persona result\u00f3 herida y para ello se est\u00e1 cruzando informaci\u00f3n con los establecimientos de salud por si llega alguien con heridas de perdigones.<\/p>\n","protected":false},"excerpt":{"rendered":"<p>Se trata de un extranjero cuya identidad a\u00fan no es posible establecer ya que sus huellas dactilares no estaban en la base de datos del Registro Civil, aunque se presume podr\u00eda ser&#8230;<\/p>\n","protected":false},"author":1,"featured_media":68125,"comment_status":"open","ping_status":"open","sticky":false,"template":"","format":"standard","meta":{"advanced_seo_description":"","jetpack_seo_html_title":"","jetpack_seo_noindex":false,"_jetpack_memberships_contains_paid_content":false,"footnotes":""},"categories":[21],"tags":[],"class_list":["post-68124","post","type-post","status-publish","format-standard","has-post-thumbnail","hentry","category-policial"],"jetpack_featured_media_url":"https:\/\/i0.wp.com\/eltrabajo.cl\/portal\/wp-content\/uploads\/2016\/03\/joven-muerto-en-san-esteban.jpg?fit=530%2C349&ssl=1","jetpack_sharing_enabled":true,"jetpack_likes_enabled":true,"jetpack-related-posts":[],"_links":{"self":[{"href":"https:\/\/eltrabajo.cl\/portal\/wp-json\/wp\/v2\/posts\/68124","targetHints":{"allow":["GET"]}}],"collection":[{"href":"https:\/\/eltrabajo.cl\/portal\/wp-json\/wp\/v2\/posts"}],"about":[{"href":"https:\/\/eltrabajo.cl\/portal\/wp-json\/wp\/v2\/types\/post"}],"author":[{"embeddable":true,"href":"https:\/\/eltrabajo.cl\/portal\/wp-json\/wp\/v2\/users\/1"}],"replies":[{"embeddable":true,"href":"https:\/\/eltrabajo.cl\/portal\/wp-json\/wp\/v2\/comments?post=68124"}],"version-history":[{"count":0,"href":"https:\/\/eltrabajo.cl\/portal\/wp-json\/wp\/v2\/posts\/68124\/revisions"}],"wp:featuredmedia":[{"embeddable":true,"href":"https:\/\/eltrabajo.cl\/portal\/wp-json\/wp\/v2\/media\/68125"}],"wp:attachment":[{"href":"https:\/\/eltrabajo.cl\/portal\/wp-json\/wp\/v2\/media?parent=68124"}],"wp:term":[{"taxonomy":"category","embeddable":true,"href":"https:\/\/eltrabajo.cl\/portal\/wp-json\/wp\/v2\/categories?post=68124"},{"taxonomy":"post_tag","embeddable":true,"href":"https:\/\/eltrabajo.cl\/portal\/wp-json\/wp\/v2\/tags?post=68124"}],"curies":[{"name":"wp","href":"https:\/\/api.w.org\/{rel}","templated":true}]}}