{"id":68139,"date":"2016-03-28T09:09:28","date_gmt":"2016-03-28T12:09:28","guid":{"rendered":"http:\/\/www.eltrabajo.cl\/portal\/?p=68139"},"modified":"2016-03-28T09:09:28","modified_gmt":"2016-03-28T12:09:28","slug":"conductor-ebrio-choco-dos-vehiculos-estacionados-antes-de-volcar-y-danar-casa","status":"publish","type":"post","link":"https:\/\/eltrabajo.cl\/portal\/conductor-ebrio-choco-dos-vehiculos-estacionados-antes-de-volcar-y-danar-casa\/","title":{"rendered":"Conductor ebrio choc\u00f3 dos veh\u00edculos estacionados antes de volcar y da\u00f1ar casa"},"content":{"rendered":"<figure id=\"attachment_68140\" aria-describedby=\"caption-attachment-68140\" style=\"width: 530px\" class=\"wp-caption alignleft\"><a href=\"http:\/\/www.eltrabajo.cl\/portal\/conductor-ebrio-choco-dos-vehiculos-estacionados-antes-de-volcar-y-danar-casa\/samsung-csc-121\/\" rel=\"attachment wp-att-68140\"><img data-recalc-dims=\"1\" loading=\"lazy\" decoding=\"async\" class=\"size-full wp-image-68140\" src=\"https:\/\/i0.wp.com\/www.eltrabajo.cl\/portal\/wp-content\/uploads\/2016\/03\/santa4.jpg?resize=530%2C348\" alt=\"El conductor colision\u00f3 dos veh\u00edculos estacionados antes de volcarse, causando da\u00f1os de consideraci\u00f3n en el frontis de la casa signada con el n\u00famero 165 de Agua Santa.\" width=\"530\" height=\"348\" srcset=\"https:\/\/i0.wp.com\/eltrabajo.cl\/portal\/wp-content\/uploads\/2016\/03\/santa4.jpg?w=530&amp;ssl=1 530w, https:\/\/i0.wp.com\/eltrabajo.cl\/portal\/wp-content\/uploads\/2016\/03\/santa4.jpg?resize=200%2C131&amp;ssl=1 200w, https:\/\/i0.wp.com\/eltrabajo.cl\/portal\/wp-content\/uploads\/2016\/03\/santa4.jpg?resize=300%2C197&amp;ssl=1 300w, https:\/\/i0.wp.com\/eltrabajo.cl\/portal\/wp-content\/uploads\/2016\/03\/santa4.jpg?resize=228%2C150&amp;ssl=1 228w, https:\/\/i0.wp.com\/eltrabajo.cl\/portal\/wp-content\/uploads\/2016\/03\/santa4.jpg?resize=400%2C263&amp;ssl=1 400w\" sizes=\"auto, (max-width: 530px) 100vw, 530px\" \/><\/a><figcaption id=\"caption-attachment-68140\" class=\"wp-caption-text\">El conductor colision\u00f3 dos veh\u00edculos estacionados antes de volcarse, causando da\u00f1os de consideraci\u00f3n en el frontis de la casa signada con el n\u00famero 165 de Agua Santa.<\/figcaption><\/figure>\n<p><strong>Conductor \u2018profesional\u2019 de colectivo fue formalizado por manejo en estado de ebriedad tras volcar en Villa La Gloria. Sujeto ya hab\u00eda sido condenado el a\u00f1o 2011 por manejo en estado et\u00edlico.<\/strong><br \/>\n<strong>LOS ANDES.-<\/strong> Como <strong>Ra\u00fal Rivas Arancibia<\/strong>, de 31 a\u00f1os de edad, fue identificado el conductor del taxi colectivo que la noche del viernes volc\u00f3 en calle Agua Santa de la Villa La Gloria, tras haber chocado previamente contra un \u00e1rbol y la reja de una casa, quien fue formalizado por el delito de manejo en estado de ebriedad causando da\u00f1os.<br \/>\nEn la audiencia de formalizaci\u00f3n, el fiscal de turno Osvaldo Basso expuso los antecedentes del hecho en cuanto a que Rivas Arancibia conduc\u00eda en estado de ebriedad su taxi colectivo Nissan V 16, placa patente BJ-RX 20, por calle Agua Santa, y al llegar frente al n\u00famero 175 colision\u00f3 primero a dos veh\u00edculos que se encontraban estacionados, un autom\u00f3vil Citr\u00f6en C3 y un Toyota, para posteriormente volcarse, causando da\u00f1os de consideraci\u00f3n en el frontis de la casa signada con el n\u00famero 165.<br \/>\n\u00abAl llegar Carabineros al lugar a verificar los sucedido, se percataron que el conductor estaba en estado de ebriedad porque presentaba aliento et\u00edlico y aplicado el examen respiratorio de rigor (intoxilyzer) arroj\u00f3 como resultado 1,51 gramos por mil de alcohol en la sangre, y posteriormente fue trasladado hasta el Hospital San Juan de Dios donde se le practic\u00f3 la alcoholemia\u00bb, se\u00f1al\u00f3 el persecutor.<br \/>\nAgreg\u00f3 que el conductor no result\u00f3 lesionado y en su extracto de filiaci\u00f3n figura una condena del a\u00f1o 2011 a 61 d\u00edas con el beneficio de reclusi\u00f3n nocturna por manejo en estado de ebriedad, adem\u00e1s de otras por lesiones menos graves en contexto de violencia intrafamiliar y desacato.<br \/>\nA petici\u00f3n del fiscal el imputado qued\u00f3 con las medidas cautelares de arraigo nacional y suspensi\u00f3n de la licencia de conducir por los tres meses que se fij\u00f3 de plazo para el cierre de la investigaci\u00f3n.<\/p>\n","protected":false},"excerpt":{"rendered":"<p>Conductor \u2018profesional\u2019 de colectivo fue formalizado por manejo en estado de ebriedad tras volcar en Villa La Gloria. Sujeto ya hab\u00eda sido condenado el a\u00f1o 2011 por manejo en estado et\u00edlico. LOS&#8230;<\/p>\n","protected":false},"author":1,"featured_media":68140,"comment_status":"open","ping_status":"open","sticky":false,"template":"","format":"standard","meta":{"advanced_seo_description":"","jetpack_seo_html_title":"","jetpack_seo_noindex":false,"_jetpack_memberships_contains_paid_content":false,"footnotes":""},"categories":[21],"tags":[],"class_list":["post-68139","post","type-post","status-publish","format-standard","has-post-thumbnail","hentry","category-policial"],"jetpack_featured_media_url":"https:\/\/i0.wp.com\/eltrabajo.cl\/portal\/wp-content\/uploads\/2016\/03\/santa4.jpg?fit=530%2C348&ssl=1","jetpack_sharing_enabled":true,"jetpack_likes_enabled":true,"jetpack-related-posts":[],"_links":{"self":[{"href":"https:\/\/eltrabajo.cl\/portal\/wp-json\/wp\/v2\/posts\/68139","targetHints":{"allow":["GET"]}}],"collection":[{"href":"https:\/\/eltrabajo.cl\/portal\/wp-json\/wp\/v2\/posts"}],"about":[{"href":"https:\/\/eltrabajo.cl\/portal\/wp-json\/wp\/v2\/types\/post"}],"author":[{"embeddable":true,"href":"https:\/\/eltrabajo.cl\/portal\/wp-json\/wp\/v2\/users\/1"}],"replies":[{"embeddable":true,"href":"https:\/\/eltrabajo.cl\/portal\/wp-json\/wp\/v2\/comments?post=68139"}],"version-history":[{"count":0,"href":"https:\/\/eltrabajo.cl\/portal\/wp-json\/wp\/v2\/posts\/68139\/revisions"}],"wp:featuredmedia":[{"embeddable":true,"href":"https:\/\/eltrabajo.cl\/portal\/wp-json\/wp\/v2\/media\/68140"}],"wp:attachment":[{"href":"https:\/\/eltrabajo.cl\/portal\/wp-json\/wp\/v2\/media?parent=68139"}],"wp:term":[{"taxonomy":"category","embeddable":true,"href":"https:\/\/eltrabajo.cl\/portal\/wp-json\/wp\/v2\/categories?post=68139"},{"taxonomy":"post_tag","embeddable":true,"href":"https:\/\/eltrabajo.cl\/portal\/wp-json\/wp\/v2\/tags?post=68139"}],"curies":[{"name":"wp","href":"https:\/\/api.w.org\/{rel}","templated":true}]}}