{"id":68143,"date":"2016-03-28T09:12:59","date_gmt":"2016-03-28T12:12:59","guid":{"rendered":"http:\/\/www.eltrabajo.cl\/portal\/?p=68143"},"modified":"2016-03-28T09:12:59","modified_gmt":"2016-03-28T12:12:59","slug":"con-enganos-roban-herramientas-a-conocida-peluquera","status":"publish","type":"post","link":"https:\/\/eltrabajo.cl\/portal\/con-enganos-roban-herramientas-a-conocida-peluquera\/","title":{"rendered":"Con enga\u00f1os roban herramientas a conocida peluquera"},"content":{"rendered":"<figure id=\"attachment_68144\" aria-describedby=\"caption-attachment-68144\" style=\"width: 300px\" class=\"wp-caption alignleft\"><a href=\"http:\/\/www.eltrabajo.cl\/portal\/con-enganos-roban-herramientas-a-conocida-peluquera\/raquel-cabrera\/\" rel=\"attachment wp-att-68144\"><img data-recalc-dims=\"1\" loading=\"lazy\" decoding=\"async\" class=\"size-medium wp-image-68144\" src=\"https:\/\/i0.wp.com\/www.eltrabajo.cl\/portal\/wp-content\/uploads\/2016\/03\/Raquel-Cabrera-300x198.jpg?resize=300%2C198\" alt=\"Raquel Cabrera, due\u00f1a de Peluquer\u00eda Kelly.\" width=\"300\" height=\"198\" srcset=\"https:\/\/i0.wp.com\/eltrabajo.cl\/portal\/wp-content\/uploads\/2016\/03\/Raquel-Cabrera.jpg?resize=300%2C198&amp;ssl=1 300w, https:\/\/i0.wp.com\/eltrabajo.cl\/portal\/wp-content\/uploads\/2016\/03\/Raquel-Cabrera.jpg?resize=200%2C132&amp;ssl=1 200w, https:\/\/i0.wp.com\/eltrabajo.cl\/portal\/wp-content\/uploads\/2016\/03\/Raquel-Cabrera.jpg?resize=227%2C150&amp;ssl=1 227w, https:\/\/i0.wp.com\/eltrabajo.cl\/portal\/wp-content\/uploads\/2016\/03\/Raquel-Cabrera.jpg?resize=400%2C264&amp;ssl=1 400w, https:\/\/i0.wp.com\/eltrabajo.cl\/portal\/wp-content\/uploads\/2016\/03\/Raquel-Cabrera.jpg?w=530&amp;ssl=1 530w\" sizes=\"auto, (max-width: 300px) 100vw, 300px\" \/><\/a><figcaption id=\"caption-attachment-68144\" class=\"wp-caption-text\">Raquel Cabrera, due\u00f1a de Peluquer\u00eda Kelly.<\/figcaption><\/figure>\n<p>Una honrada vecina de Villa El Se\u00f1orial, quien desde hace 15 a\u00f1os se desempe\u00f1a como estilista o peluquera en el local N\u00ba1, ubicado en la zona comercial de esa poblaci\u00f3n, fue v\u00edctima de un ama\u00f1ado robo coordinado entre una conductora y un sujeto amigo de lo ajeno.<br \/>\nSe trata de do\u00f1a Mar\u00eda Raquel Cabrera Donoso, due\u00f1a de Peluquer\u00eda Kelly, quien este s\u00e1bado al salir de su local, antes de cerrarlo, fue distra\u00edda por una c\u00f3mplice del ladr\u00f3n.<br \/>\n\u00abYa cuando estaba yo por cerrar el local, se detuvo un autom\u00f3vil y una dama me llam\u00f3 para hacerme varias consultas sobre mi trabajo, simulando ser una posible cliente, dej\u00e9 mi bolso dentro del local, y d\u00ed la espalda a la puerta, lo cual fue aprovechado por una segunda persona que entr\u00f3, busc\u00f3 y se llev\u00f3 mi bolso, tijeras, afeitadoras, esas cosas de trabajo, todo valorado en medio mill\u00f3n de pesos\u00bb, dijo do\u00f1a Raquel a Diario El Trabajo.<\/p>\n<p><strong>ROBO GRABADO<\/strong><br \/>\nGracias a que en un local adyacente cuentan con c\u00e1maras de vigilancia, se pudo grabar los momentos en que el delincuente entraba y sal\u00eda de la peluquer\u00eda, sin embargo de nada sirvi\u00f3 este recurso, porque aunque hay c\u00e1maras, nadie las monitorea en tiempo real.<br \/>\nCarabineros se hizo presente en el lugar, vieron el v\u00eddeo del robo e iniciaron una investigaci\u00f3n sobre este nuevo delito en Villa El Se\u00f1orial. \u00abTambi\u00e9n se llevaron mi dinero efectivo y pertenencias que portaba en mi bolso, es la primera vez que me roban\u00bb, agreg\u00f3 la peluquera.<br \/>\n<strong>Roberto Gonz\u00e1lez Short<\/strong><br \/>\n<strong>rgonzalez@eltrabajo.cl<\/strong><\/p>\n<figure id=\"attachment_68146\" aria-describedby=\"caption-attachment-68146\" style=\"width: 530px\" class=\"wp-caption alignleft\"><a href=\"http:\/\/www.eltrabajo.cl\/portal\/con-enganos-roban-herramientas-a-conocida-peluquera\/entra1\/\" rel=\"attachment wp-att-68146\"><img data-recalc-dims=\"1\" loading=\"lazy\" decoding=\"async\" class=\"size-full wp-image-68146\" src=\"https:\/\/i0.wp.com\/www.eltrabajo.cl\/portal\/wp-content\/uploads\/2016\/03\/Entra1.jpg?resize=530%2C349\" alt=\"AS\u00cd LLEG\u00d3.- El v\u00eddeo registra el instante cuando el delincuente llega a la puerta de la peluquer\u00eda con una mochila a sus espaldas.\" width=\"530\" height=\"349\" srcset=\"https:\/\/i0.wp.com\/eltrabajo.cl\/portal\/wp-content\/uploads\/2016\/03\/Entra1.jpg?w=530&amp;ssl=1 530w, https:\/\/i0.wp.com\/eltrabajo.cl\/portal\/wp-content\/uploads\/2016\/03\/Entra1.jpg?resize=200%2C132&amp;ssl=1 200w, https:\/\/i0.wp.com\/eltrabajo.cl\/portal\/wp-content\/uploads\/2016\/03\/Entra1.jpg?resize=300%2C198&amp;ssl=1 300w, https:\/\/i0.wp.com\/eltrabajo.cl\/portal\/wp-content\/uploads\/2016\/03\/Entra1.jpg?resize=228%2C150&amp;ssl=1 228w, https:\/\/i0.wp.com\/eltrabajo.cl\/portal\/wp-content\/uploads\/2016\/03\/Entra1.jpg?resize=400%2C263&amp;ssl=1 400w\" sizes=\"auto, (max-width: 530px) 100vw, 530px\" \/><\/a><figcaption id=\"caption-attachment-68146\" class=\"wp-caption-text\">AS\u00cd LLEG\u00d3.- El v\u00eddeo registra el instante cuando el delincuente llega a la puerta de la peluquer\u00eda con una mochila a sus espaldas.<\/figcaption><\/figure>\n<figure id=\"attachment_68145\" aria-describedby=\"caption-attachment-68145\" style=\"width: 530px\" class=\"wp-caption alignleft\"><a href=\"http:\/\/www.eltrabajo.cl\/portal\/con-enganos-roban-herramientas-a-conocida-peluquera\/sale1\/\" rel=\"attachment wp-att-68145\"><img data-recalc-dims=\"1\" loading=\"lazy\" decoding=\"async\" class=\"size-full wp-image-68145\" src=\"https:\/\/i0.wp.com\/www.eltrabajo.cl\/portal\/wp-content\/uploads\/2016\/03\/Sale1.jpg?resize=530%2C349\" alt=\"AS\u00cd SALI\u00d3.- Cargado con las pertenencias de do\u00f1a Raquel, el hamp\u00f3n sali\u00f3 tranquilamente como lleg\u00f3, mientras la mujer era entretenida por su c\u00f3mplice.\" width=\"530\" height=\"349\" srcset=\"https:\/\/i0.wp.com\/eltrabajo.cl\/portal\/wp-content\/uploads\/2016\/03\/Sale1.jpg?w=530&amp;ssl=1 530w, https:\/\/i0.wp.com\/eltrabajo.cl\/portal\/wp-content\/uploads\/2016\/03\/Sale1.jpg?resize=200%2C132&amp;ssl=1 200w, https:\/\/i0.wp.com\/eltrabajo.cl\/portal\/wp-content\/uploads\/2016\/03\/Sale1.jpg?resize=300%2C198&amp;ssl=1 300w, https:\/\/i0.wp.com\/eltrabajo.cl\/portal\/wp-content\/uploads\/2016\/03\/Sale1.jpg?resize=228%2C150&amp;ssl=1 228w, https:\/\/i0.wp.com\/eltrabajo.cl\/portal\/wp-content\/uploads\/2016\/03\/Sale1.jpg?resize=400%2C263&amp;ssl=1 400w\" sizes=\"auto, (max-width: 530px) 100vw, 530px\" \/><\/a><figcaption id=\"caption-attachment-68145\" class=\"wp-caption-text\">AS\u00cd SALI\u00d3.- Cargado con las pertenencias de do\u00f1a Raquel, el hamp\u00f3n sali\u00f3 tranquilamente como lleg\u00f3, mientras la mujer era entretenida por su c\u00f3mplice.<\/figcaption><\/figure>\n","protected":false},"excerpt":{"rendered":"<p>Una honrada vecina de Villa El Se\u00f1orial, quien desde hace 15 a\u00f1os se desempe\u00f1a como estilista o peluquera en el local N\u00ba1, ubicado en la zona comercial de esa poblaci\u00f3n, fue v\u00edctima&#8230;<\/p>\n","protected":false},"author":1,"featured_media":68145,"comment_status":"open","ping_status":"open","sticky":false,"template":"","format":"standard","meta":{"advanced_seo_description":"","jetpack_seo_html_title":"","jetpack_seo_noindex":false,"_jetpack_memberships_contains_paid_content":false,"footnotes":""},"categories":[21],"tags":[],"class_list":["post-68143","post","type-post","status-publish","format-standard","has-post-thumbnail","hentry","category-policial"],"jetpack_featured_media_url":"https:\/\/i0.wp.com\/eltrabajo.cl\/portal\/wp-content\/uploads\/2016\/03\/Sale1.jpg?fit=530%2C349&ssl=1","jetpack_sharing_enabled":true,"jetpack_likes_enabled":true,"jetpack-related-posts":[],"_links":{"self":[{"href":"https:\/\/eltrabajo.cl\/portal\/wp-json\/wp\/v2\/posts\/68143","targetHints":{"allow":["GET"]}}],"collection":[{"href":"https:\/\/eltrabajo.cl\/portal\/wp-json\/wp\/v2\/posts"}],"about":[{"href":"https:\/\/eltrabajo.cl\/portal\/wp-json\/wp\/v2\/types\/post"}],"author":[{"embeddable":true,"href":"https:\/\/eltrabajo.cl\/portal\/wp-json\/wp\/v2\/users\/1"}],"replies":[{"embeddable":true,"href":"https:\/\/eltrabajo.cl\/portal\/wp-json\/wp\/v2\/comments?post=68143"}],"version-history":[{"count":0,"href":"https:\/\/eltrabajo.cl\/portal\/wp-json\/wp\/v2\/posts\/68143\/revisions"}],"wp:featuredmedia":[{"embeddable":true,"href":"https:\/\/eltrabajo.cl\/portal\/wp-json\/wp\/v2\/media\/68145"}],"wp:attachment":[{"href":"https:\/\/eltrabajo.cl\/portal\/wp-json\/wp\/v2\/media?parent=68143"}],"wp:term":[{"taxonomy":"category","embeddable":true,"href":"https:\/\/eltrabajo.cl\/portal\/wp-json\/wp\/v2\/categories?post=68143"},{"taxonomy":"post_tag","embeddable":true,"href":"https:\/\/eltrabajo.cl\/portal\/wp-json\/wp\/v2\/tags?post=68143"}],"curies":[{"name":"wp","href":"https:\/\/api.w.org\/{rel}","templated":true}]}}