{"id":68156,"date":"2016-03-28T09:21:42","date_gmt":"2016-03-28T12:21:42","guid":{"rendered":"http:\/\/www.eltrabajo.cl\/portal\/?p=68156"},"modified":"2016-03-28T09:21:42","modified_gmt":"2016-03-28T12:21:42","slug":"amenazo-lanzarse-al-vacio-despues-de-conducir-camioneta-robada-en-los-andes","status":"publish","type":"post","link":"https:\/\/eltrabajo.cl\/portal\/amenazo-lanzarse-al-vacio-despues-de-conducir-camioneta-robada-en-los-andes\/","title":{"rendered":"Amenaz\u00f3 lanzarse al vac\u00edo despu\u00e9s de conducir camioneta robada en Los Andes"},"content":{"rendered":"<figure id=\"attachment_68157\" aria-describedby=\"caption-attachment-68157\" style=\"width: 530px\" class=\"wp-caption alignleft\"><a href=\"http:\/\/www.eltrabajo.cl\/portal\/amenazo-lanzarse-al-vacio-despues-de-conducir-camioneta-robada-en-los-andes\/fuga-emervcordillera\/\" rel=\"attachment wp-att-68157\"><img data-recalc-dims=\"1\" loading=\"lazy\" decoding=\"async\" class=\"size-full wp-image-68157\" src=\"https:\/\/i0.wp.com\/www.eltrabajo.cl\/portal\/wp-content\/uploads\/2016\/03\/Fuga-%40EmerVCordillera.jpg?resize=530%2C349\" alt=\"Bastante expectaci\u00f3n entre vecinos gener\u00f3 el ascenso de un sujeto hasta la techumbre de un block en el Totoral de San Felipe, luego que Carabineros advirtiera que conduc\u00eda una camioneta robada horas antes. (Foto: @EmerVCordillera)\" width=\"530\" height=\"349\" srcset=\"https:\/\/i0.wp.com\/eltrabajo.cl\/portal\/wp-content\/uploads\/2016\/03\/Fuga-%40EmerVCordillera.jpg?w=530&amp;ssl=1 530w, https:\/\/i0.wp.com\/eltrabajo.cl\/portal\/wp-content\/uploads\/2016\/03\/Fuga-%40EmerVCordillera.jpg?resize=200%2C132&amp;ssl=1 200w, https:\/\/i0.wp.com\/eltrabajo.cl\/portal\/wp-content\/uploads\/2016\/03\/Fuga-%40EmerVCordillera.jpg?resize=300%2C198&amp;ssl=1 300w, https:\/\/i0.wp.com\/eltrabajo.cl\/portal\/wp-content\/uploads\/2016\/03\/Fuga-%40EmerVCordillera.jpg?resize=228%2C150&amp;ssl=1 228w, https:\/\/i0.wp.com\/eltrabajo.cl\/portal\/wp-content\/uploads\/2016\/03\/Fuga-%40EmerVCordillera.jpg?resize=400%2C263&amp;ssl=1 400w\" sizes=\"auto, (max-width: 530px) 100vw, 530px\" \/><\/a><figcaption id=\"caption-attachment-68157\" class=\"wp-caption-text\">Bastante expectaci\u00f3n entre vecinos gener\u00f3 el ascenso de un sujeto hasta la techumbre de un block en el Totoral de San Felipe, luego que Carabineros advirtiera que conduc\u00eda una camioneta robada horas antes. (Foto: @EmerVCordillera)<\/figcaption><\/figure>\n<p><strong>Sujeto escal\u00f3 hasta techumbre de un block en \u2018El Totoral\u2019 tras ser sorprendido:<\/strong><br \/>\nAunque Carabineros intent\u00f3 repeler las acciones del sujeto desde las alturas, no se logr\u00f3 la detenci\u00f3n luego que el antisocial descendiera y se fugara en direcci\u00f3n desconocida.<br \/>\nUn intenso operativo policial en conjunto con personal de Bomberos se efectu\u00f3 la tarde de este viernes santo, luego que un sujeto escal\u00f3 hasta la techumbre de un block de departamentos en la villa \u2018El Totoral\u2019 de San Felipe, amenazando lanzarse al vac\u00edo tras ser descubierto por Carabineros conduciendo un veh\u00edculo encargado por robo en la comuna de Los Andes.<br \/>\nEl afectado denunci\u00f3 ante Carabineros el robo de su camioneta Chevrolet Luv durante la noche del jueves desde su domicilio en la comuna andina. Asimismo la polic\u00eda uniformada encarg\u00f3 a todas las unidades policiales de la provincia el veh\u00edculo, el que fue descubierto en las inmediaciones de la Villa El Totoral, conducida por un sujeto que al advertir la presencia de los uniformados escap\u00f3 a gran velocidad hasta detenerse en uno de los block.<br \/>\nPosteriormente el desconocido conductor, escal\u00f3 hasta la techumbre del tercer piso de la construcci\u00f3n habitacional, amenazando lanzarse para impedir su detenci\u00f3n. Ante la situaci\u00f3n Carabineros requiri\u00f3 la presencia de Bomberos para intentar dialogar con el sujeto y lograr que \u00e9ste descendiera, sin resultados positivos.<br \/>\nEl Capit\u00e1n de Carabineros, Osvaldo Villarroel, indic\u00f3 que tras este procedimiento policial, vecinos del sector intentaron agredir a los uniformados para impedir la captura de este sujeto, por lo que se procedi\u00f3 a retirarse del lugar recuperando la camioneta robada y devuelta a su propietario.<br \/>\n\u201cSe hizo un seguimiento al veh\u00edculo, este sujeto lo iba manejando, se baja de la camioneta y se sube a la techumbre del block amenazando lanzarse. Personal de Carabineros intent\u00f3 disuadirlo de esta acci\u00f3n y que descendiera en buena lid. La poblaci\u00f3n hizo su arribo al lugar tratando de agredir al personal, en ese sentido para evitar que nuestros funcionarios resultaran lesionados y los carros, se retiraron del sector. Este sujeto desciende finalmente y huye por las inmediaciones sin lograr ser capturado. Sin embargo el veh\u00edculo fue recuperado y devuelto a su propietario\u201d.<br \/>\n<strong>Pablo Salinas Sald\u00edas<\/strong><\/p>\n","protected":false},"excerpt":{"rendered":"<p>Sujeto escal\u00f3 hasta techumbre de un block en \u2018El Totoral\u2019 tras ser sorprendido: Aunque Carabineros intent\u00f3 repeler las acciones del sujeto desde las alturas, no se logr\u00f3 la detenci\u00f3n luego que el&#8230;<\/p>\n","protected":false},"author":1,"featured_media":68157,"comment_status":"open","ping_status":"open","sticky":false,"template":"","format":"standard","meta":{"advanced_seo_description":"","jetpack_seo_html_title":"","jetpack_seo_noindex":false,"_jetpack_memberships_contains_paid_content":false,"footnotes":""},"categories":[21],"tags":[],"class_list":["post-68156","post","type-post","status-publish","format-standard","has-post-thumbnail","hentry","category-policial"],"jetpack_featured_media_url":"https:\/\/i0.wp.com\/eltrabajo.cl\/portal\/wp-content\/uploads\/2016\/03\/Fuga-%40EmerVCordillera.jpg?fit=530%2C349&ssl=1","jetpack_sharing_enabled":true,"jetpack_likes_enabled":true,"jetpack-related-posts":[],"_links":{"self":[{"href":"https:\/\/eltrabajo.cl\/portal\/wp-json\/wp\/v2\/posts\/68156","targetHints":{"allow":["GET"]}}],"collection":[{"href":"https:\/\/eltrabajo.cl\/portal\/wp-json\/wp\/v2\/posts"}],"about":[{"href":"https:\/\/eltrabajo.cl\/portal\/wp-json\/wp\/v2\/types\/post"}],"author":[{"embeddable":true,"href":"https:\/\/eltrabajo.cl\/portal\/wp-json\/wp\/v2\/users\/1"}],"replies":[{"embeddable":true,"href":"https:\/\/eltrabajo.cl\/portal\/wp-json\/wp\/v2\/comments?post=68156"}],"version-history":[{"count":0,"href":"https:\/\/eltrabajo.cl\/portal\/wp-json\/wp\/v2\/posts\/68156\/revisions"}],"wp:featuredmedia":[{"embeddable":true,"href":"https:\/\/eltrabajo.cl\/portal\/wp-json\/wp\/v2\/media\/68157"}],"wp:attachment":[{"href":"https:\/\/eltrabajo.cl\/portal\/wp-json\/wp\/v2\/media?parent=68156"}],"wp:term":[{"taxonomy":"category","embeddable":true,"href":"https:\/\/eltrabajo.cl\/portal\/wp-json\/wp\/v2\/categories?post=68156"},{"taxonomy":"post_tag","embeddable":true,"href":"https:\/\/eltrabajo.cl\/portal\/wp-json\/wp\/v2\/tags?post=68156"}],"curies":[{"name":"wp","href":"https:\/\/api.w.org\/{rel}","templated":true}]}}