{"id":68160,"date":"2016-03-28T09:24:37","date_gmt":"2016-03-28T12:24:37","guid":{"rendered":"http:\/\/www.eltrabajo.cl\/portal\/?p=68160"},"modified":"2016-03-28T09:24:37","modified_gmt":"2016-03-28T12:24:37","slug":"joven-muere-ahogado-al-caer-a-canal-tras-sufrir-aparente-ataque-de-epilepsia","status":"publish","type":"post","link":"https:\/\/eltrabajo.cl\/portal\/joven-muere-ahogado-al-caer-a-canal-tras-sufrir-aparente-ataque-de-epilepsia\/","title":{"rendered":"Joven muere ahogado al caer a canal tras sufrir aparente ataque de epilepsia"},"content":{"rendered":"<figure id=\"attachment_68163\" aria-describedby=\"caption-attachment-68163\" style=\"width: 530px\" class=\"wp-caption alignleft\"><a href=\"http:\/\/www.eltrabajo.cl\/portal\/joven-muere-ahogado-al-caer-a-canal-tras-sufrir-aparente-ataque-de-epilepsia\/samsung-csc-122\/\" rel=\"attachment wp-att-68163\"><img data-recalc-dims=\"1\" loading=\"lazy\" decoding=\"async\" class=\"size-full wp-image-68163\" src=\"https:\/\/i0.wp.com\/www.eltrabajo.cl\/portal\/wp-content\/uploads\/2016\/03\/basa2.jpg?resize=530%2C348\" alt=\"Voluntarios de la Cuarta Compa\u00f1\u00eda de Calle Larga junto a la Unidad de Rescate de la Primera Compa\u00f1\u00eda lograron sacar el cuerpo del infortunado joven. \" width=\"530\" height=\"348\" srcset=\"https:\/\/i0.wp.com\/eltrabajo.cl\/portal\/wp-content\/uploads\/2016\/03\/basa2.jpg?w=530&amp;ssl=1 530w, https:\/\/i0.wp.com\/eltrabajo.cl\/portal\/wp-content\/uploads\/2016\/03\/basa2.jpg?resize=200%2C131&amp;ssl=1 200w, https:\/\/i0.wp.com\/eltrabajo.cl\/portal\/wp-content\/uploads\/2016\/03\/basa2.jpg?resize=300%2C197&amp;ssl=1 300w, https:\/\/i0.wp.com\/eltrabajo.cl\/portal\/wp-content\/uploads\/2016\/03\/basa2.jpg?resize=228%2C150&amp;ssl=1 228w, https:\/\/i0.wp.com\/eltrabajo.cl\/portal\/wp-content\/uploads\/2016\/03\/basa2.jpg?resize=400%2C263&amp;ssl=1 400w\" sizes=\"auto, (max-width: 530px) 100vw, 530px\" \/><\/a><figcaption id=\"caption-attachment-68163\" class=\"wp-caption-text\">Voluntarios de la Cuarta Compa\u00f1\u00eda de Calle Larga junto a la Unidad de Rescate de la Primera Compa\u00f1\u00eda lograron sacar el cuerpo del infortunado joven.<\/figcaption><\/figure>\n<p><strong>LOS ANDES.-<\/strong> Un joven de alrededor de 20 a 25 a\u00f1os de edad falleci\u00f3 la tarde de este viernes luego de caer a un canal de regad\u00edo cerca del Cementerio de Los Andes, siendo arrastrado por m\u00e1s de seis kil\u00f3metros hasta el sector de Paso Basaure en Calle Larga.<br \/>\nConforme a la versi\u00f3n entregada por testigos a la polic\u00eda, pasadas las 18:30 horas el joven se acerc\u00f3 a la orilla del canal Rinconada en el sector de la l\u00ednea f\u00e9rrea en calle Hermanas Hospitalarias (ex Papudo Norte), sufriendo al parecer un ataque de epilepsia.<br \/>\nFueron estos testigos quienes llamaron a Bomberos, activ\u00e1ndose un operativo de b\u00fasqueda y rastreo del caudal que pasa por debajo de avenida Santa Teresa y un condominio en calle Esmeralda Poniente.<br \/>\nVoluntarios de la Cuarta Compa\u00f1\u00eda de Calle Larga que se hab\u00edan apostado en un puente por donde pasa el canal en calle Paso Basaure, lograron avistar el cuerpo a eso de las 19:45 horas y junto a voluntarios de la Unidad de Rescate de la Primera Compa\u00f1\u00eda lograron sacarlo.<br \/>\nEl cuerpo del joven ten\u00eda el torso descubierto, estaba descalzo y solo llevaba puestos unos jeans de color negro.<br \/>\nUna vez que arrib\u00f3 Carabineros se pudo comprobar que no portaba ning\u00fan tipo de documentaci\u00f3n, por lo que se desconoce su identidad.<br \/>\nPor instrucciones del fiscal de turno Osvaldo Basso, concurrieron hasta el sitio del suceso detectives de la Brigada de Homicidios de la PDI, quienes realizaron las primeras pericias de rigor para establecer la causa de muerte, ya que el cuerpo presentaba tambi\u00e9n lesiones atribuibles al arrastre de las aguas.<br \/>\nNo obstante la autopsia del Servicio M\u00e9dico Legal deber\u00e1 revelar la causa precisa y exacta de su deceso.<br \/>\nAsimismo, se realizar\u00e1 una comparaci\u00f3n de sus huellas dactilares para establecer su identidad.<\/p>\n<figure id=\"attachment_68162\" aria-describedby=\"caption-attachment-68162\" style=\"width: 530px\" class=\"wp-caption alignleft\"><a href=\"http:\/\/www.eltrabajo.cl\/portal\/joven-muere-ahogado-al-caer-a-canal-tras-sufrir-aparente-ataque-de-epilepsia\/samsung-csc-123\/\" rel=\"attachment wp-att-68162\"><img data-recalc-dims=\"1\" loading=\"lazy\" decoding=\"async\" class=\"size-full wp-image-68162\" src=\"https:\/\/i0.wp.com\/www.eltrabajo.cl\/portal\/wp-content\/uploads\/2016\/03\/porta-basa8.jpg?resize=530%2C349\" alt=\"El cuerpo del joven ten\u00eda el torso descubierto, estaba descalzo  y solo llevaba puestos unos jeans de color negro.\" width=\"530\" height=\"349\" srcset=\"https:\/\/i0.wp.com\/eltrabajo.cl\/portal\/wp-content\/uploads\/2016\/03\/porta-basa8.jpg?w=530&amp;ssl=1 530w, https:\/\/i0.wp.com\/eltrabajo.cl\/portal\/wp-content\/uploads\/2016\/03\/porta-basa8.jpg?resize=200%2C132&amp;ssl=1 200w, https:\/\/i0.wp.com\/eltrabajo.cl\/portal\/wp-content\/uploads\/2016\/03\/porta-basa8.jpg?resize=300%2C198&amp;ssl=1 300w, https:\/\/i0.wp.com\/eltrabajo.cl\/portal\/wp-content\/uploads\/2016\/03\/porta-basa8.jpg?resize=228%2C150&amp;ssl=1 228w, https:\/\/i0.wp.com\/eltrabajo.cl\/portal\/wp-content\/uploads\/2016\/03\/porta-basa8.jpg?resize=400%2C263&amp;ssl=1 400w\" sizes=\"auto, (max-width: 530px) 100vw, 530px\" \/><\/a><figcaption id=\"caption-attachment-68162\" class=\"wp-caption-text\">El cuerpo del joven ten\u00eda el torso descubierto, estaba descalzo y solo llevaba puestos unos jeans de color negro.<\/figcaption><\/figure>\n","protected":false},"excerpt":{"rendered":"<p>LOS ANDES.- Un joven de alrededor de 20 a 25 a\u00f1os de edad falleci\u00f3 la tarde de este viernes luego de caer a un canal de regad\u00edo cerca del Cementerio de Los&#8230;<\/p>\n","protected":false},"author":1,"featured_media":68162,"comment_status":"open","ping_status":"open","sticky":false,"template":"","format":"standard","meta":{"advanced_seo_description":"","jetpack_seo_html_title":"","jetpack_seo_noindex":false,"_jetpack_memberships_contains_paid_content":false,"footnotes":""},"categories":[21],"tags":[],"class_list":["post-68160","post","type-post","status-publish","format-standard","has-post-thumbnail","hentry","category-policial"],"jetpack_featured_media_url":"https:\/\/i0.wp.com\/eltrabajo.cl\/portal\/wp-content\/uploads\/2016\/03\/porta-basa8.jpg?fit=530%2C349&ssl=1","jetpack_sharing_enabled":true,"jetpack_likes_enabled":true,"jetpack-related-posts":[],"_links":{"self":[{"href":"https:\/\/eltrabajo.cl\/portal\/wp-json\/wp\/v2\/posts\/68160","targetHints":{"allow":["GET"]}}],"collection":[{"href":"https:\/\/eltrabajo.cl\/portal\/wp-json\/wp\/v2\/posts"}],"about":[{"href":"https:\/\/eltrabajo.cl\/portal\/wp-json\/wp\/v2\/types\/post"}],"author":[{"embeddable":true,"href":"https:\/\/eltrabajo.cl\/portal\/wp-json\/wp\/v2\/users\/1"}],"replies":[{"embeddable":true,"href":"https:\/\/eltrabajo.cl\/portal\/wp-json\/wp\/v2\/comments?post=68160"}],"version-history":[{"count":0,"href":"https:\/\/eltrabajo.cl\/portal\/wp-json\/wp\/v2\/posts\/68160\/revisions"}],"wp:featuredmedia":[{"embeddable":true,"href":"https:\/\/eltrabajo.cl\/portal\/wp-json\/wp\/v2\/media\/68162"}],"wp:attachment":[{"href":"https:\/\/eltrabajo.cl\/portal\/wp-json\/wp\/v2\/media?parent=68160"}],"wp:term":[{"taxonomy":"category","embeddable":true,"href":"https:\/\/eltrabajo.cl\/portal\/wp-json\/wp\/v2\/categories?post=68160"},{"taxonomy":"post_tag","embeddable":true,"href":"https:\/\/eltrabajo.cl\/portal\/wp-json\/wp\/v2\/tags?post=68160"}],"curies":[{"name":"wp","href":"https:\/\/api.w.org\/{rel}","templated":true}]}}