{"id":68167,"date":"2016-03-29T07:38:53","date_gmt":"2016-03-29T10:38:53","guid":{"rendered":"http:\/\/www.eltrabajo.cl\/portal\/?p=68167"},"modified":"2016-03-29T07:38:53","modified_gmt":"2016-03-29T10:38:53","slug":"alcalde-zurita-niega-que-su-municipio-vendiera-permisos-de-patentes-en-valparaiso","status":"publish","type":"post","link":"https:\/\/eltrabajo.cl\/portal\/alcalde-zurita-niega-que-su-municipio-vendiera-permisos-de-patentes-en-valparaiso\/","title":{"rendered":"Alcalde Zurita niega que su municipio vendiera permisos de patentes en Valpara\u00edso"},"content":{"rendered":"<figure id=\"attachment_68168\" aria-describedby=\"caption-attachment-68168\" style=\"width: 300px\" class=\"wp-caption alignleft\"><img data-recalc-dims=\"1\" loading=\"lazy\" decoding=\"async\" class=\"wp-image-68168 size-medium\" src=\"https:\/\/i0.wp.com\/www.eltrabajo.cl\/portal\/wp-content\/uploads\/2016\/03\/Claudio-Zurita-300x198.jpg?resize=300%2C198\" alt=\"Claudio Zurita, alcalde de Santa Mar\u00eda.\" width=\"300\" height=\"198\" srcset=\"https:\/\/i0.wp.com\/eltrabajo.cl\/portal\/wp-content\/uploads\/2016\/03\/Claudio-Zurita.jpg?resize=300%2C198&amp;ssl=1 300w, https:\/\/i0.wp.com\/eltrabajo.cl\/portal\/wp-content\/uploads\/2016\/03\/Claudio-Zurita.jpg?resize=200%2C132&amp;ssl=1 200w, https:\/\/i0.wp.com\/eltrabajo.cl\/portal\/wp-content\/uploads\/2016\/03\/Claudio-Zurita.jpg?resize=227%2C150&amp;ssl=1 227w, https:\/\/i0.wp.com\/eltrabajo.cl\/portal\/wp-content\/uploads\/2016\/03\/Claudio-Zurita.jpg?resize=400%2C264&amp;ssl=1 400w, https:\/\/i0.wp.com\/eltrabajo.cl\/portal\/wp-content\/uploads\/2016\/03\/Claudio-Zurita.jpg?w=530&amp;ssl=1 530w\" sizes=\"auto, (max-width: 300px) 100vw, 300px\" \/><figcaption id=\"caption-attachment-68168\" class=\"wp-caption-text\">Claudio Zurita, alcalde de Santa Mar\u00eda.<\/figcaption><\/figure>\n<p><strong>SANTA MAR\u00cdA<\/strong>.- \u00abEstimados y estimadas: Me permito informar que en el 5to piso del Edificio Centenario, se encuentran funcionarios de la I. Municipalidad de Santa Mar\u00eda, vendiendo permisos de circulaci\u00f3n. Atentamente. Departamento de Administraci\u00f3n y Finanzas\u00bb. As\u00ed se desprende del email masivo enviado a todos los funcionarios del Serviu de la Regi\u00f3n de Valpara\u00edso, que activ\u00f3 las alarmas por la vulneraci\u00f3n de dict\u00e1menes expresos de la Contralor\u00eda General de la Rep\u00fablica, lo que estar\u00eda implicando una falta, tanto de la jefatura del Servicio dependiente del Ministerio de Vivienda como tambi\u00e9n de la propia Municipalidad de Santa Mar\u00eda.<br \/>\nLa denuncia la realiz\u00f3 el concejal porte\u00f1o Carlos Bannen, dirigida principalmente al director del Serviu, Manuel Le\u00f3n Saa, exadministrador de la Municipalidad de Santa Mar\u00eda.<\/p>\n<p><strong>ZURITA RESPONDE<\/strong><br \/>\nSin embargo al estudiar la jurisprudencia del caso, los coletazos implicar\u00edan tambi\u00e9n el accionar del alcalde de la mencionada comuna y tambi\u00e9n presidente regional del PPD, Claudio Zurita.<br \/>\nMuy contrario a lo denunciando por este concejal, el alcalde de Santa Mar\u00eda, Claudio Zurita, explic\u00f3 a Diario El Trabajo su punto de vista sobre este reclamo formal.<br \/>\n\u00abNosotros como municipio no hemos colocado stands ni locales promocionales fuera de nuestra comuna que tenga que ver con venta de permisos de circulaci\u00f3n. Nosotros estamos trabajando como todos los a\u00f1os con las empresas de Santa Mar\u00eda, tambi\u00e9n con un puesto en Las Cadenas, pero todo de manera legal en donde nos corresponde (\u2026) la Subdere nos exige que tratemos de que los usuarios tramiten sus permisos de circulaci\u00f3n ojala Online\u00bb, dijo el edil, agregando tambi\u00e9n que \u00abes legal pagar nuestra patente online en cualquier municipio de Chile, lo que no es v\u00e1lido es promocionarnos en otras comunas para que paguen en nuestras oficinas, sobre lo que el concejal de Vi\u00f1a que denunci\u00f3 que nosotros estamos vendiendo permisos all\u00e1, puedo decir que eso no fue as\u00ed, ya suspendimos nuestro servicio Online de nuestra p\u00e1gina web, para evitar esta clase de malos entendidos (\u2026) lo que pas\u00f3 es que Manuel Le\u00f3n invit\u00f3 a la gente del Serviu a pagar sus patentes en nuestro municipio, lo hizo desde un correo oficial y eso es lo que gener\u00f3 el asunto, lo traicion\u00f3 su amor por nuestra comuna\u00bb, puntualiz\u00f3 Zurita.<br \/>\n<strong>Roberto Gonz\u00e1lez Short<\/strong><br \/>\n<strong>rgonzalez@eltrabajo.cl<\/strong><\/p>\n<div class=\"tiled-gallery type-rectangular tiled-gallery-unresized\" data-original-width=\"640\" data-carousel-extra='null' itemscope itemtype=\"http:\/\/schema.org\/ImageGallery\" > <div class=\"gallery-row\" style=\"width: 640px; height: 212px;\" data-original-width=\"640\" data-original-height=\"212\" > <div class=\"gallery-group images-1\" style=\"width: 320px; height: 212px;\" data-original-width=\"320\" data-original-height=\"212\" > <div class=\"tiled-gallery-item tiled-gallery-item-large\" itemprop=\"associatedMedia\" itemscope itemtype=\"http:\/\/schema.org\/ImageObject\"> <a href=\"https:\/\/eltrabajo.cl\/portal\/alcalde-zurita-niega-que-su-municipio-vendiera-permisos-de-patentes-en-valparaiso\/email33\/\" border=\"0\" itemprop=\"url\"> <meta itemprop=\"width\" content=\"316\"> <meta itemprop=\"height\" content=\"208\"> <img decoding=\"async\" class=\"\" data-attachment-id=\"68169\" data-orig-file=\"https:\/\/eltrabajo.cl\/portal\/wp-content\/uploads\/2016\/03\/Email33.jpg\" data-orig-size=\"530,349\" data-comments-opened=\"1\" data-image-meta=\"{&quot;aperture&quot;:&quot;0&quot;,&quot;credit&quot;:&quot;&quot;,&quot;camera&quot;:&quot;&quot;,&quot;caption&quot;:&quot;&quot;,&quot;created_timestamp&quot;:&quot;0&quot;,&quot;copyright&quot;:&quot;&quot;,&quot;focal_length&quot;:&quot;0&quot;,&quot;iso&quot;:&quot;0&quot;,&quot;shutter_speed&quot;:&quot;0&quot;,&quot;title&quot;:&quot;&quot;,&quot;orientation&quot;:&quot;0&quot;}\" data-image-title=\"Email33\" data-image-description=\"&lt;p&gt;UPS.- Este es el pol\u00e9mico Email promocional, en donde se lee lo anteriormente denunciado.&lt;\/p&gt; \" data-medium-file=\"https:\/\/i0.wp.com\/eltrabajo.cl\/portal\/wp-content\/uploads\/2016\/03\/Email33.jpg?fit=300%2C198&#038;ssl=1\" data-large-file=\"https:\/\/i0.wp.com\/eltrabajo.cl\/portal\/wp-content\/uploads\/2016\/03\/Email33.jpg?fit=530%2C349&#038;ssl=1\" src=\"https:\/\/i0.wp.com\/eltrabajo.cl\/portal\/wp-content\/uploads\/2016\/03\/Email33.jpg?w=316&#038;h=208&#038;ssl=1\" srcset=\"https:\/\/i0.wp.com\/eltrabajo.cl\/portal\/wp-content\/uploads\/2016\/03\/Email33.jpg?w=530&amp;ssl=1 530w, https:\/\/i0.wp.com\/eltrabajo.cl\/portal\/wp-content\/uploads\/2016\/03\/Email33.jpg?resize=200%2C132&amp;ssl=1 200w, https:\/\/i0.wp.com\/eltrabajo.cl\/portal\/wp-content\/uploads\/2016\/03\/Email33.jpg?resize=300%2C198&amp;ssl=1 300w, https:\/\/i0.wp.com\/eltrabajo.cl\/portal\/wp-content\/uploads\/2016\/03\/Email33.jpg?resize=228%2C150&amp;ssl=1 228w, https:\/\/i0.wp.com\/eltrabajo.cl\/portal\/wp-content\/uploads\/2016\/03\/Email33.jpg?resize=400%2C263&amp;ssl=1 400w\" width=\"316\" height=\"208\" loading=\"lazy\" data-original-width=\"316\" data-original-height=\"208\" itemprop=\"http:\/\/schema.org\/image\" title=\"Email33\" alt=\"UPS.- Este es el pol\u00e9mico Email promocional, en donde se lee lo anteriormente denunciado.\" style=\"width: 316px; height: 208px;\" \/> <\/a> <div class=\"tiled-gallery-caption\" itemprop=\"caption description\"> UPS.- Este es el pol\u00e9mico Email promocional, en donde se lee lo anteriormente denunciado. <\/div> <\/div> <\/div> <!-- close group --> <div class=\"gallery-group images-1\" style=\"width: 320px; height: 212px;\" data-original-width=\"320\" data-original-height=\"212\" > <div class=\"tiled-gallery-item tiled-gallery-item-large\" itemprop=\"associatedMedia\" itemscope itemtype=\"http:\/\/schema.org\/ImageObject\"> <a href=\"https:\/\/eltrabajo.cl\/portal\/alcalde-zurita-niega-que-su-municipio-vendiera-permisos-de-patentes-en-valparaiso\/permiso33\/\" border=\"0\" itemprop=\"url\"> <meta itemprop=\"width\" content=\"316\"> <meta itemprop=\"height\" content=\"208\"> <img decoding=\"async\" class=\"\" data-attachment-id=\"68170\" data-orig-file=\"https:\/\/eltrabajo.cl\/portal\/wp-content\/uploads\/2016\/03\/Permiso33.jpg\" data-orig-size=\"530,350\" data-comments-opened=\"1\" data-image-meta=\"{&quot;aperture&quot;:&quot;0&quot;,&quot;credit&quot;:&quot;&quot;,&quot;camera&quot;:&quot;&quot;,&quot;caption&quot;:&quot;&quot;,&quot;created_timestamp&quot;:&quot;0&quot;,&quot;copyright&quot;:&quot;&quot;,&quot;focal_length&quot;:&quot;0&quot;,&quot;iso&quot;:&quot;0&quot;,&quot;shutter_speed&quot;:&quot;0&quot;,&quot;title&quot;:&quot;&quot;,&quot;orientation&quot;:&quot;0&quot;}\" data-image-title=\"Permiso33\" data-image-description=\"&lt;p&gt;LA DENUNCIA.- La denuncia la realiz\u00f3 el concejal porte\u00f1o Carlos Bannen, dirigida principalmente al director del Serviu, Manuel Le\u00f3n Saa, exadministrador de la Municipalidad de Santa Mar\u00eda. &lt;\/p&gt; \" data-medium-file=\"https:\/\/i0.wp.com\/eltrabajo.cl\/portal\/wp-content\/uploads\/2016\/03\/Permiso33.jpg?fit=300%2C198&#038;ssl=1\" data-large-file=\"https:\/\/i0.wp.com\/eltrabajo.cl\/portal\/wp-content\/uploads\/2016\/03\/Permiso33.jpg?fit=530%2C350&#038;ssl=1\" src=\"https:\/\/i0.wp.com\/eltrabajo.cl\/portal\/wp-content\/uploads\/2016\/03\/Permiso33.jpg?w=316&#038;h=208&#038;ssl=1\" srcset=\"https:\/\/i0.wp.com\/eltrabajo.cl\/portal\/wp-content\/uploads\/2016\/03\/Permiso33.jpg?w=530&amp;ssl=1 530w, https:\/\/i0.wp.com\/eltrabajo.cl\/portal\/wp-content\/uploads\/2016\/03\/Permiso33.jpg?resize=200%2C132&amp;ssl=1 200w, https:\/\/i0.wp.com\/eltrabajo.cl\/portal\/wp-content\/uploads\/2016\/03\/Permiso33.jpg?resize=300%2C198&amp;ssl=1 300w, https:\/\/i0.wp.com\/eltrabajo.cl\/portal\/wp-content\/uploads\/2016\/03\/Permiso33.jpg?resize=227%2C150&amp;ssl=1 227w, https:\/\/i0.wp.com\/eltrabajo.cl\/portal\/wp-content\/uploads\/2016\/03\/Permiso33.jpg?resize=400%2C264&amp;ssl=1 400w\" width=\"316\" height=\"208\" loading=\"lazy\" data-original-width=\"316\" data-original-height=\"208\" itemprop=\"http:\/\/schema.org\/image\" title=\"Permiso33\" alt=\"LA DENUNCIA.- La denuncia la realiz\u00f3 el concejal porte\u00f1o Carlos Bannen, dirigida principalmente al director del Serviu, Manuel Le\u00f3n Saa, exadministrador de la Municipalidad de Santa Mar\u00eda.\" style=\"width: 316px; height: 208px;\" \/> <\/a> <div class=\"tiled-gallery-caption\" itemprop=\"caption description\"> LA DENUNCIA.- La denuncia la realiz\u00f3 el concejal porte\u00f1o Carlos Bannen, dirigida principalmente al director del Serviu, Manuel Le\u00f3n Saa, exadministrador de la Municipalidad de Santa Mar\u00eda. <\/div> <\/div> <\/div> <!-- close group --> <\/div> <!-- close row --> <\/div>\n","protected":false},"excerpt":{"rendered":"<p>SANTA MAR\u00cdA.- \u00abEstimados y estimadas: Me permito informar que en el 5to piso del Edificio Centenario, se encuentran funcionarios de la I. Municipalidad de Santa Mar\u00eda, vendiendo permisos de circulaci\u00f3n. Atentamente. Departamento&#8230;<\/p>\n","protected":false},"author":482,"featured_media":68168,"comment_status":"open","ping_status":"open","sticky":false,"template":"","format":"standard","meta":{"advanced_seo_description":"","jetpack_seo_html_title":"","jetpack_seo_noindex":false,"_jetpack_memberships_contains_paid_content":false,"footnotes":""},"categories":[15],"tags":[],"class_list":["post-68167","post","type-post","status-publish","format-standard","has-post-thumbnail","hentry","category-comunidad"],"jetpack_featured_media_url":"https:\/\/i0.wp.com\/eltrabajo.cl\/portal\/wp-content\/uploads\/2016\/03\/Claudio-Zurita.jpg?fit=530%2C350&ssl=1","jetpack_sharing_enabled":true,"jetpack_likes_enabled":true,"jetpack-related-posts":[],"_links":{"self":[{"href":"https:\/\/eltrabajo.cl\/portal\/wp-json\/wp\/v2\/posts\/68167","targetHints":{"allow":["GET"]}}],"collection":[{"href":"https:\/\/eltrabajo.cl\/portal\/wp-json\/wp\/v2\/posts"}],"about":[{"href":"https:\/\/eltrabajo.cl\/portal\/wp-json\/wp\/v2\/types\/post"}],"author":[{"embeddable":true,"href":"https:\/\/eltrabajo.cl\/portal\/wp-json\/wp\/v2\/users\/482"}],"replies":[{"embeddable":true,"href":"https:\/\/eltrabajo.cl\/portal\/wp-json\/wp\/v2\/comments?post=68167"}],"version-history":[{"count":0,"href":"https:\/\/eltrabajo.cl\/portal\/wp-json\/wp\/v2\/posts\/68167\/revisions"}],"wp:featuredmedia":[{"embeddable":true,"href":"https:\/\/eltrabajo.cl\/portal\/wp-json\/wp\/v2\/media\/68168"}],"wp:attachment":[{"href":"https:\/\/eltrabajo.cl\/portal\/wp-json\/wp\/v2\/media?parent=68167"}],"wp:term":[{"taxonomy":"category","embeddable":true,"href":"https:\/\/eltrabajo.cl\/portal\/wp-json\/wp\/v2\/categories?post=68167"},{"taxonomy":"post_tag","embeddable":true,"href":"https:\/\/eltrabajo.cl\/portal\/wp-json\/wp\/v2\/tags?post=68167"}],"curies":[{"name":"wp","href":"https:\/\/api.w.org\/{rel}","templated":true}]}}