{"id":68172,"date":"2016-03-29T07:39:57","date_gmt":"2016-03-29T10:39:57","guid":{"rendered":"http:\/\/www.eltrabajo.cl\/portal\/?p=68172"},"modified":"2016-03-29T07:39:57","modified_gmt":"2016-03-29T10:39:57","slug":"andes-copper-expuso-ante-core-sobre-realizacion-de-proyectos-hidroelectricos-y-mineros-en-la-provincia","status":"publish","type":"post","link":"https:\/\/eltrabajo.cl\/portal\/andes-copper-expuso-ante-core-sobre-realizacion-de-proyectos-hidroelectricos-y-mineros-en-la-provincia\/","title":{"rendered":"Andes Copper expuso ante Core sobre realizaci\u00f3n de proyectos hidroel\u00e9ctricos y mineros en la provincia"},"content":{"rendered":"<figure id=\"attachment_68173\" aria-describedby=\"caption-attachment-68173\" style=\"width: 300px\" class=\"wp-caption alignleft\"><img data-recalc-dims=\"1\" loading=\"lazy\" decoding=\"async\" class=\"wp-image-68173 size-medium\" src=\"https:\/\/i0.wp.com\/www.eltrabajo.cl\/portal\/wp-content\/uploads\/2016\/03\/Reunion-Andes-Copper-300x197.jpg?resize=300%2C197\" alt=\"La Comisi\u00f3n Especial de Recursos H\u00eddricos del Consejo Regional, recibi\u00f3 a representantes de la empresa Andes Copper, quienes presentaron sus proyectos mineros e hidroel\u00e9ctricos que est\u00e1n en carpeta para Putaendo.\" width=\"300\" height=\"197\" srcset=\"https:\/\/i0.wp.com\/eltrabajo.cl\/portal\/wp-content\/uploads\/2016\/03\/Reunion-Andes-Copper.jpg?resize=300%2C197&amp;ssl=1 300w, https:\/\/i0.wp.com\/eltrabajo.cl\/portal\/wp-content\/uploads\/2016\/03\/Reunion-Andes-Copper.jpg?resize=200%2C131&amp;ssl=1 200w, https:\/\/i0.wp.com\/eltrabajo.cl\/portal\/wp-content\/uploads\/2016\/03\/Reunion-Andes-Copper.jpg?resize=228%2C150&amp;ssl=1 228w, https:\/\/i0.wp.com\/eltrabajo.cl\/portal\/wp-content\/uploads\/2016\/03\/Reunion-Andes-Copper.jpg?resize=400%2C263&amp;ssl=1 400w, https:\/\/i0.wp.com\/eltrabajo.cl\/portal\/wp-content\/uploads\/2016\/03\/Reunion-Andes-Copper.jpg?w=530&amp;ssl=1 530w\" sizes=\"auto, (max-width: 300px) 100vw, 300px\" \/><figcaption id=\"caption-attachment-68173\" class=\"wp-caption-text\">La Comisi\u00f3n Especial de Recursos H\u00eddricos del Consejo Regional, recibi\u00f3 a representantes de la empresa Andes Copper, quienes presentaron sus proyectos mineros e hidroel\u00e9ctricos que est\u00e1n en carpeta para Putaendo.<\/figcaption><\/figure>\n<p>Tal como ya se hizo en su oportunidad, con las autoridades comunales, y posteriormente con los servicios p\u00fablicos involucrados, \u00e9sta vez la Comisi\u00f3n Especial de Recursos H\u00eddricos del Consejo Regional (Core) de Valpara\u00edso, recibi\u00f3 a los ejecutivos de la empresa Andes Copper, para escuchar la exposici\u00f3n de dos proyectos que tienen en carpeta para la provincia de San Felipe, espec\u00edficamente en la comuna de Putaendo: una hidroel\u00e9ctrica de paso y un emprendimiento minero.<br \/>\nSeg\u00fan explic\u00f3 el Director de Andes Copper, Eduardo Cobarrubias, respecto de la Central Hidroel\u00e9ctrica de pasada, es de aproximadamente 28 \u2013 Megawatts, se ubicar\u00eda en el R\u00edo Roc\u00edn, Putaendo, y generar\u00eda energ\u00eda para ser vendida al Sistema Interconectado Central.<br \/>\nLa segunda iniciativa se trata de un yacimiento minero de cobre y molibdeno, que est\u00e1 en la fase de exploraci\u00f3n y que pronto entrar\u00e1 en una etapa de definiciones de ingenier\u00eda, para comenzar a trabajar en su desarrollo y sus impactos.<br \/>\nSobre los plazos tentativos, el ejecutivo inform\u00f3 que \u201cpara la hidroel\u00e9ctrica, presentaremos el estudio de impacto ambiental a finales de este a\u00f1o, y luego viene una construcci\u00f3n de 12 meses a 15 meses, mientras que con el proyecto minero, est\u00e1 a m\u00ednimo 3 a\u00f1os de reci\u00e9n comenzar a definirse\u201d.<br \/>\nEn cuanto a la resistencia que ambas iniciativas han despertado en la comunidad local, Cobarrubias dijo que \u201chemos estado haciendo un trabajo con las distintas autoridades y comunidad, para desarrollar un plan de informaci\u00f3n que les permita conocer los proyectos y recoger las inquietudes, a la vez de ver c\u00f3mo se pueden ir resolviendo las dudas\u201d, se\u00f1al\u00f3.<br \/>\nEn tanto, el presidente de la Comisi\u00f3n Especial de Recursos H\u00eddricos, Iv\u00e1n Reyes, manifest\u00f3 que \u201cesta es ya la tercera reuni\u00f3n, en un primer momento se escuch\u00f3 al alcalde, autoridades comunales y una ONG; en la segunda se invit\u00f3 a los servicios p\u00fablicos involucrados en el tema, y en esta oportunidad, fue el turno de la empresa Andes Copper\u201d, a lo que agreg\u00f3 que \u201clo que desea la comisi\u00f3n es conocer, en forma separada, los distintos aspectos de estos proyectos, para poder tener una visi\u00f3n m\u00e1s clara y amplia, y ver cu\u00e1les son los caminos y decisiones que adoptaremos\u201d.<br \/>\nEs por eso que Reyes inform\u00f3 que \u201cahora concordamos invitar al intendente, para que la primera autoridad conozca la impresi\u00f3n que tiene esta comisi\u00f3n y a la vez, saber cu\u00e1l ser\u00e1 la postura del Ejecutivo, ya que se trata de proyectos de largo aliento. No nos oponemos a las actividades econ\u00f3micas, pero tambi\u00e9n tenemos un compromiso con el medioambiente, y esperamos a llegar a acuerdos que beneficien a todos\u201d, concluy\u00f3.<\/p>\n","protected":false},"excerpt":{"rendered":"<p>Tal como ya se hizo en su oportunidad, con las autoridades comunales, y posteriormente con los servicios p\u00fablicos involucrados, \u00e9sta vez la Comisi\u00f3n Especial de Recursos H\u00eddricos del Consejo Regional (Core) de&#8230;<\/p>\n","protected":false},"author":482,"featured_media":68173,"comment_status":"open","ping_status":"open","sticky":false,"template":"","format":"standard","meta":{"advanced_seo_description":"","jetpack_seo_html_title":"","jetpack_seo_noindex":false,"_jetpack_memberships_contains_paid_content":false,"footnotes":""},"categories":[1],"tags":[],"class_list":["post-68172","post","type-post","status-publish","format-standard","has-post-thumbnail","hentry","category-cronica"],"jetpack_featured_media_url":"https:\/\/i0.wp.com\/eltrabajo.cl\/portal\/wp-content\/uploads\/2016\/03\/Reunion-Andes-Copper.jpg?fit=530%2C348&ssl=1","jetpack_sharing_enabled":true,"jetpack_likes_enabled":true,"jetpack-related-posts":[],"_links":{"self":[{"href":"https:\/\/eltrabajo.cl\/portal\/wp-json\/wp\/v2\/posts\/68172","targetHints":{"allow":["GET"]}}],"collection":[{"href":"https:\/\/eltrabajo.cl\/portal\/wp-json\/wp\/v2\/posts"}],"about":[{"href":"https:\/\/eltrabajo.cl\/portal\/wp-json\/wp\/v2\/types\/post"}],"author":[{"embeddable":true,"href":"https:\/\/eltrabajo.cl\/portal\/wp-json\/wp\/v2\/users\/482"}],"replies":[{"embeddable":true,"href":"https:\/\/eltrabajo.cl\/portal\/wp-json\/wp\/v2\/comments?post=68172"}],"version-history":[{"count":0,"href":"https:\/\/eltrabajo.cl\/portal\/wp-json\/wp\/v2\/posts\/68172\/revisions"}],"wp:featuredmedia":[{"embeddable":true,"href":"https:\/\/eltrabajo.cl\/portal\/wp-json\/wp\/v2\/media\/68173"}],"wp:attachment":[{"href":"https:\/\/eltrabajo.cl\/portal\/wp-json\/wp\/v2\/media?parent=68172"}],"wp:term":[{"taxonomy":"category","embeddable":true,"href":"https:\/\/eltrabajo.cl\/portal\/wp-json\/wp\/v2\/categories?post=68172"},{"taxonomy":"post_tag","embeddable":true,"href":"https:\/\/eltrabajo.cl\/portal\/wp-json\/wp\/v2\/tags?post=68172"}],"curies":[{"name":"wp","href":"https:\/\/api.w.org\/{rel}","templated":true}]}}