{"id":68175,"date":"2016-03-29T07:42:25","date_gmt":"2016-03-29T10:42:25","guid":{"rendered":"http:\/\/www.eltrabajo.cl\/portal\/?p=68175"},"modified":"2016-03-29T07:42:25","modified_gmt":"2016-03-29T10:42:25","slug":"reportero-asegura-que-padre-joannon-lo-agredio-con-una-biblia","status":"publish","type":"post","link":"https:\/\/eltrabajo.cl\/portal\/reportero-asegura-que-padre-joannon-lo-agredio-con-una-biblia\/","title":{"rendered":"Reportero asegura que Padre Joannon lo agredi\u00f3 con una Biblia"},"content":{"rendered":"<figure id=\"attachment_68176\" aria-describedby=\"caption-attachment-68176\" style=\"width: 300px\" class=\"wp-caption alignleft\"><img data-recalc-dims=\"1\" loading=\"lazy\" decoding=\"async\" class=\"wp-image-68176 size-medium\" src=\"https:\/\/i0.wp.com\/www.eltrabajo.cl\/portal\/wp-content\/uploads\/2016\/03\/Mercado33-300x197.jpg?resize=300%2C197\" alt=\"V\u00cdDEO DELATOR.- El reportero Roberto Mercado asegur\u00f3 a Diario El Trabajo que no recibi\u00f3 golpes de importancia, pero s\u00ed tuvo que permanecer firme ante los empellones que el cura le propin\u00f3 con su mano y su Biblia\" width=\"300\" height=\"197\" srcset=\"https:\/\/i0.wp.com\/eltrabajo.cl\/portal\/wp-content\/uploads\/2016\/03\/Mercado33.jpg?resize=300%2C197&amp;ssl=1 300w, https:\/\/i0.wp.com\/eltrabajo.cl\/portal\/wp-content\/uploads\/2016\/03\/Mercado33.jpg?resize=200%2C131&amp;ssl=1 200w, https:\/\/i0.wp.com\/eltrabajo.cl\/portal\/wp-content\/uploads\/2016\/03\/Mercado33.jpg?resize=228%2C150&amp;ssl=1 228w, https:\/\/i0.wp.com\/eltrabajo.cl\/portal\/wp-content\/uploads\/2016\/03\/Mercado33.jpg?resize=400%2C263&amp;ssl=1 400w, https:\/\/i0.wp.com\/eltrabajo.cl\/portal\/wp-content\/uploads\/2016\/03\/Mercado33.jpg?w=530&amp;ssl=1 530w\" sizes=\"auto, (max-width: 300px) 100vw, 300px\" \/><figcaption id=\"caption-attachment-68176\" class=\"wp-caption-text\">V\u00cdDEO DELATOR.- El reportero Roberto Mercado asegur\u00f3 a Diario El Trabajo que no recibi\u00f3 golpes de importancia, pero s\u00ed tuvo que permanecer firme ante los empellones que el cura le propin\u00f3 con su mano y su Biblia<\/figcaption><\/figure>\n<p><strong>SANTA MAR\u00cdA<\/strong>.- El sacerdote Gerardo Joannon Rivera de la Parroquia Inmaculada Concepci\u00f3n de Santa Mar\u00eda, sigue siendo noticia en medios de comunicaci\u00f3n, esta vez no por los cuestionamientos que se le hacen en relaci\u00f3n a un extinto caso de adopciones irregulares de beb\u00e9s, sino m\u00e1s bien por supuestamente haberla emprendido a empellones contra un reportero gr\u00e1fico de la comuna, cuando \u00e9ste grababa una liturgia que el religioso oficiaba en Calle El Medio.<\/p>\n<p><strong>A BIBLIAZOS<\/strong><br \/>\nSe trata un episodio fuera de serie, seg\u00fan lo calific\u00f3 as\u00ed el conocido reportero gr\u00e1fico freelancer Roberto Mercado Aced, quien supuestamente recibi\u00f3 una reprimenda por parte del Padre Joannon en plena actividad religiosa.<br \/>\n\u00abYo laboro para varios medios del Valle de Aconcagua y para unos pocos de cobertura nacional, dicho esto, di seguimiento a las actividades de Semana Santa en donde participaba el Padre Joannon, yo estaba grabando a unos 7 metros del cura, de pronto \u00e9l comenz\u00f3 a taparse la cara con la Biblia mientras se acercaba a mi persona; estaba molesto porque yo lo estaba grabando\u00bb, dijo Mercado a Diario El Trabajo.<br \/>\nSeg\u00fan el reportero, los vecinos tambi\u00e9n estaban asombrados con el comportamiento del sacerdote, pues golpe\u00f3 su c\u00e1mara con el libro mientras le prohib\u00eda a Mercado que lo siguiera grabando.<br \/>\n\u00abYo, despu\u00e9s que Joannon impact\u00f3 mi c\u00e1mara con su Biblia, dej\u00e9 de grabarlo, le dije que \u2018Padre, por favor ub\u00edquese, usted es quien oficia la liturgia, est\u00e1 en la v\u00eda p\u00fablica y no es un delito grabarle\u2019, dicho esto, el Cura regres\u00f3 a su lugar y reanud\u00f3 el ritual del V\u00eda Crucis, creo que perdi\u00f3 el control sin raz\u00f3n\u00bb, agreg\u00f3 Mercado Aced.<br \/>\nDiario El Trabajo obtuvo acceso a las grabaciones del reportero, en donde se registra al religioso acerc\u00e1ndose a la c\u00e1mara interponiendo la Biblia, como buscando evitar que se le grabara, aunque no se registra agresi\u00f3n alguna. Nuestro medio visit\u00f3 la Parroquia Inmaculada Concepci\u00f3n de Santa Mar\u00eda para conocer la opini\u00f3n de Joannon sobre este tema, sin embargo se nos indic\u00f3 que \u00e9l y el Padre Claudio estaban en su d\u00eda libre y no podr\u00edan atendernos.<br \/>\n<strong>Roberto Gonz\u00e1lez Short<\/strong><br \/>\n<strong>rgonzalez@eltrabajo.cl<\/strong><\/p>\n<div class=\"tiled-gallery type-rectangular tiled-gallery-unresized\" data-original-width=\"640\" data-carousel-extra='null' itemscope itemtype=\"http:\/\/schema.org\/ImageGallery\" > <div class=\"gallery-row\" style=\"width: 640px; height: 212px;\" data-original-width=\"640\" data-original-height=\"212\" > <div class=\"gallery-group images-1\" style=\"width: 321px; height: 212px;\" data-original-width=\"321\" data-original-height=\"212\" > <div class=\"tiled-gallery-item tiled-gallery-item-large\" itemprop=\"associatedMedia\" itemscope itemtype=\"http:\/\/schema.org\/ImageObject\"> <a href=\"https:\/\/eltrabajo.cl\/portal\/reportero-asegura-que-padre-joannon-lo-agredio-con-una-biblia\/joannon1\/\" border=\"0\" itemprop=\"url\"> <meta itemprop=\"width\" content=\"317\"> <meta itemprop=\"height\" content=\"208\"> <img decoding=\"async\" class=\"\" data-attachment-id=\"68177\" data-orig-file=\"https:\/\/eltrabajo.cl\/portal\/wp-content\/uploads\/2016\/03\/Joannon1.jpg\" data-orig-size=\"530,348\" data-comments-opened=\"1\" data-image-meta=\"{&quot;aperture&quot;:&quot;0&quot;,&quot;credit&quot;:&quot;&quot;,&quot;camera&quot;:&quot;&quot;,&quot;caption&quot;:&quot;&quot;,&quot;created_timestamp&quot;:&quot;0&quot;,&quot;copyright&quot;:&quot;&quot;,&quot;focal_length&quot;:&quot;0&quot;,&quot;iso&quot;:&quot;0&quot;,&quot;shutter_speed&quot;:&quot;0&quot;,&quot;title&quot;:&quot;&quot;,&quot;orientation&quot;:&quot;0&quot;}\" data-image-title=\"Joannon1\" data-image-description=\"&lt;p&gt;PRIMER ACTO.- Esta imagen congelada del v\u00eddeo que Mercado registr\u00f3, muestra c\u00f3mo el Padre Joannon interrumpi\u00f3 la liturgia para impedir que el reportero lo grabara.&lt;\/p&gt; \" data-medium-file=\"https:\/\/i0.wp.com\/eltrabajo.cl\/portal\/wp-content\/uploads\/2016\/03\/Joannon1.jpg?fit=300%2C197&#038;ssl=1\" data-large-file=\"https:\/\/i0.wp.com\/eltrabajo.cl\/portal\/wp-content\/uploads\/2016\/03\/Joannon1.jpg?fit=530%2C348&#038;ssl=1\" src=\"https:\/\/i0.wp.com\/eltrabajo.cl\/portal\/wp-content\/uploads\/2016\/03\/Joannon1.jpg?w=317&#038;h=208&#038;ssl=1\" srcset=\"https:\/\/i0.wp.com\/eltrabajo.cl\/portal\/wp-content\/uploads\/2016\/03\/Joannon1.jpg?w=530&amp;ssl=1 530w, https:\/\/i0.wp.com\/eltrabajo.cl\/portal\/wp-content\/uploads\/2016\/03\/Joannon1.jpg?resize=200%2C131&amp;ssl=1 200w, https:\/\/i0.wp.com\/eltrabajo.cl\/portal\/wp-content\/uploads\/2016\/03\/Joannon1.jpg?resize=300%2C197&amp;ssl=1 300w, https:\/\/i0.wp.com\/eltrabajo.cl\/portal\/wp-content\/uploads\/2016\/03\/Joannon1.jpg?resize=228%2C150&amp;ssl=1 228w, https:\/\/i0.wp.com\/eltrabajo.cl\/portal\/wp-content\/uploads\/2016\/03\/Joannon1.jpg?resize=400%2C263&amp;ssl=1 400w\" width=\"317\" height=\"208\" loading=\"lazy\" data-original-width=\"317\" data-original-height=\"208\" itemprop=\"http:\/\/schema.org\/image\" title=\"Joannon1\" alt=\"PRIMER ACTO.- Esta imagen congelada del v\u00eddeo que Mercado registr\u00f3, muestra c\u00f3mo el Padre Joannon interrumpi\u00f3 la liturgia para impedir que el reportero lo grabara.\" style=\"width: 317px; height: 208px;\" \/> <\/a> <div class=\"tiled-gallery-caption\" itemprop=\"caption description\"> PRIMER ACTO.- Esta imagen congelada del v\u00eddeo que Mercado registr\u00f3, muestra c\u00f3mo el Padre Joannon interrumpi\u00f3 la liturgia para impedir que el reportero lo grabara. <\/div> <\/div> <\/div> <!-- close group --> <div class=\"gallery-group images-1\" style=\"width: 319px; height: 212px;\" data-original-width=\"319\" data-original-height=\"212\" > <div class=\"tiled-gallery-item tiled-gallery-item-large\" itemprop=\"associatedMedia\" itemscope itemtype=\"http:\/\/schema.org\/ImageObject\"> <a href=\"https:\/\/eltrabajo.cl\/portal\/reportero-asegura-que-padre-joannon-lo-agredio-con-una-biblia\/joannon2\/\" border=\"0\" itemprop=\"url\"> <meta itemprop=\"width\" content=\"315\"> <meta itemprop=\"height\" content=\"208\"> <img decoding=\"async\" class=\"\" data-attachment-id=\"68178\" data-orig-file=\"https:\/\/eltrabajo.cl\/portal\/wp-content\/uploads\/2016\/03\/Joannon2.jpg\" data-orig-size=\"530,350\" data-comments-opened=\"1\" data-image-meta=\"{&quot;aperture&quot;:&quot;0&quot;,&quot;credit&quot;:&quot;&quot;,&quot;camera&quot;:&quot;&quot;,&quot;caption&quot;:&quot;&quot;,&quot;created_timestamp&quot;:&quot;0&quot;,&quot;copyright&quot;:&quot;&quot;,&quot;focal_length&quot;:&quot;0&quot;,&quot;iso&quot;:&quot;0&quot;,&quot;shutter_speed&quot;:&quot;0&quot;,&quot;title&quot;:&quot;&quot;,&quot;orientation&quot;:&quot;0&quot;}\" data-image-title=\"Joannon2\" data-image-description=\"&lt;p&gt;SEGUNDO ACTO.- En esta escena, La Biblia impacta el lente de la c\u00e1mara operada por Roberto Mercado.&lt;\/p&gt; \" data-medium-file=\"https:\/\/i0.wp.com\/eltrabajo.cl\/portal\/wp-content\/uploads\/2016\/03\/Joannon2.jpg?fit=300%2C198&#038;ssl=1\" data-large-file=\"https:\/\/i0.wp.com\/eltrabajo.cl\/portal\/wp-content\/uploads\/2016\/03\/Joannon2.jpg?fit=530%2C350&#038;ssl=1\" src=\"https:\/\/i0.wp.com\/eltrabajo.cl\/portal\/wp-content\/uploads\/2016\/03\/Joannon2.jpg?w=315&#038;h=208&#038;ssl=1\" srcset=\"https:\/\/i0.wp.com\/eltrabajo.cl\/portal\/wp-content\/uploads\/2016\/03\/Joannon2.jpg?w=530&amp;ssl=1 530w, https:\/\/i0.wp.com\/eltrabajo.cl\/portal\/wp-content\/uploads\/2016\/03\/Joannon2.jpg?resize=200%2C132&amp;ssl=1 200w, https:\/\/i0.wp.com\/eltrabajo.cl\/portal\/wp-content\/uploads\/2016\/03\/Joannon2.jpg?resize=300%2C198&amp;ssl=1 300w, https:\/\/i0.wp.com\/eltrabajo.cl\/portal\/wp-content\/uploads\/2016\/03\/Joannon2.jpg?resize=227%2C150&amp;ssl=1 227w, https:\/\/i0.wp.com\/eltrabajo.cl\/portal\/wp-content\/uploads\/2016\/03\/Joannon2.jpg?resize=400%2C264&amp;ssl=1 400w\" width=\"315\" height=\"208\" loading=\"lazy\" data-original-width=\"315\" data-original-height=\"208\" itemprop=\"http:\/\/schema.org\/image\" title=\"Joannon2\" alt=\"SEGUNDO ACTO.- En esta escena, La Biblia impacta el lente de la c\u00e1mara operada por Roberto Mercado.\" style=\"width: 315px; height: 208px;\" \/> <\/a> <div class=\"tiled-gallery-caption\" itemprop=\"caption description\"> SEGUNDO ACTO.- En esta escena, La Biblia impacta el lente de la c\u00e1mara operada por Roberto Mercado. <\/div> <\/div> <\/div> <!-- close group --> <\/div> <!-- close row --> <\/div>\n","protected":false},"excerpt":{"rendered":"<p>SANTA MAR\u00cdA.- El sacerdote Gerardo Joannon Rivera de la Parroquia Inmaculada Concepci\u00f3n de Santa Mar\u00eda, sigue siendo noticia en medios de comunicaci\u00f3n, esta vez no por los cuestionamientos que se le hacen&#8230;<\/p>\n","protected":false},"author":482,"featured_media":68176,"comment_status":"open","ping_status":"open","sticky":false,"template":"","format":"standard","meta":{"advanced_seo_description":"","jetpack_seo_html_title":"","jetpack_seo_noindex":false,"_jetpack_memberships_contains_paid_content":false,"footnotes":""},"categories":[15],"tags":[],"class_list":["post-68175","post","type-post","status-publish","format-standard","has-post-thumbnail","hentry","category-comunidad"],"jetpack_featured_media_url":"https:\/\/i0.wp.com\/eltrabajo.cl\/portal\/wp-content\/uploads\/2016\/03\/Mercado33.jpg?fit=530%2C348&ssl=1","jetpack_sharing_enabled":true,"jetpack_likes_enabled":true,"jetpack-related-posts":[],"_links":{"self":[{"href":"https:\/\/eltrabajo.cl\/portal\/wp-json\/wp\/v2\/posts\/68175","targetHints":{"allow":["GET"]}}],"collection":[{"href":"https:\/\/eltrabajo.cl\/portal\/wp-json\/wp\/v2\/posts"}],"about":[{"href":"https:\/\/eltrabajo.cl\/portal\/wp-json\/wp\/v2\/types\/post"}],"author":[{"embeddable":true,"href":"https:\/\/eltrabajo.cl\/portal\/wp-json\/wp\/v2\/users\/482"}],"replies":[{"embeddable":true,"href":"https:\/\/eltrabajo.cl\/portal\/wp-json\/wp\/v2\/comments?post=68175"}],"version-history":[{"count":0,"href":"https:\/\/eltrabajo.cl\/portal\/wp-json\/wp\/v2\/posts\/68175\/revisions"}],"wp:featuredmedia":[{"embeddable":true,"href":"https:\/\/eltrabajo.cl\/portal\/wp-json\/wp\/v2\/media\/68176"}],"wp:attachment":[{"href":"https:\/\/eltrabajo.cl\/portal\/wp-json\/wp\/v2\/media?parent=68175"}],"wp:term":[{"taxonomy":"category","embeddable":true,"href":"https:\/\/eltrabajo.cl\/portal\/wp-json\/wp\/v2\/categories?post=68175"},{"taxonomy":"post_tag","embeddable":true,"href":"https:\/\/eltrabajo.cl\/portal\/wp-json\/wp\/v2\/tags?post=68175"}],"curies":[{"name":"wp","href":"https:\/\/api.w.org\/{rel}","templated":true}]}}