{"id":68180,"date":"2016-03-29T07:43:35","date_gmt":"2016-03-29T10:43:35","guid":{"rendered":"http:\/\/www.eltrabajo.cl\/portal\/?p=68180"},"modified":"2016-03-29T07:43:35","modified_gmt":"2016-03-29T10:43:35","slug":"tras-40-anos-esperando-pronto-sera-realidad-sede-vecinal-de-la-santita","status":"publish","type":"post","link":"https:\/\/eltrabajo.cl\/portal\/tras-40-anos-esperando-pronto-sera-realidad-sede-vecinal-de-la-santita\/","title":{"rendered":"Tras 40 a\u00f1os esperando pronto ser\u00e1 realidad sede vecinal de La Santita"},"content":{"rendered":"<figure id=\"attachment_68181\" aria-describedby=\"caption-attachment-68181\" style=\"width: 300px\" class=\"wp-caption alignleft\"><img data-recalc-dims=\"1\" loading=\"lazy\" decoding=\"async\" class=\"wp-image-68181 size-medium\" src=\"https:\/\/i0.wp.com\/www.eltrabajo.cl\/portal\/wp-content\/uploads\/2016\/03\/Visita-sede-comunitaria-La-Santita-3-300x198.jpg?resize=300%2C198\" alt=\"Diversas autoridades realizaron una visita a las obras de reposici\u00f3n de la sede comunitaria de La Santita.\" width=\"300\" height=\"198\" srcset=\"https:\/\/i0.wp.com\/eltrabajo.cl\/portal\/wp-content\/uploads\/2016\/03\/Visita-sede-comunitaria-La-Santita-3.jpg?resize=300%2C198&amp;ssl=1 300w, https:\/\/i0.wp.com\/eltrabajo.cl\/portal\/wp-content\/uploads\/2016\/03\/Visita-sede-comunitaria-La-Santita-3.jpg?resize=200%2C132&amp;ssl=1 200w, https:\/\/i0.wp.com\/eltrabajo.cl\/portal\/wp-content\/uploads\/2016\/03\/Visita-sede-comunitaria-La-Santita-3.jpg?resize=227%2C150&amp;ssl=1 227w, https:\/\/i0.wp.com\/eltrabajo.cl\/portal\/wp-content\/uploads\/2016\/03\/Visita-sede-comunitaria-La-Santita-3.jpg?resize=400%2C264&amp;ssl=1 400w, https:\/\/i0.wp.com\/eltrabajo.cl\/portal\/wp-content\/uploads\/2016\/03\/Visita-sede-comunitaria-La-Santita-3.jpg?w=530&amp;ssl=1 530w\" sizes=\"auto, (max-width: 300px) 100vw, 300px\" \/><figcaption id=\"caption-attachment-68181\" class=\"wp-caption-text\">Diversas autoridades realizaron una visita a las obras de reposici\u00f3n de la sede comunitaria de La Santita.<\/figcaption><\/figure>\n<ul>\n<li><strong>Vecinos esperaron por cuatro d\u00e9cadas para tener un espacio digno donde desarrollar actividades comunitarias, y en las pr\u00f3ximas semanas esa aspiraci\u00f3n ser\u00e1 una realidad.<\/strong><\/li>\n<\/ul>\n<p>En pleno desarrollo y ad portas de su etapa final se encuentra el proyecto de reposici\u00f3n de la sede comunitaria de la Poblaci\u00f3n La Santita de nuestra comuna, iniciativa que representa una inversi\u00f3n de 150 millones de pesos y que por m\u00e1s de 40 a\u00f1os los vecinos de este sector, esperaron que se concretara.<br \/>\nEn la ma\u00f1ana de este lunes, el alcalde Patricio Freire, acompa\u00f1ado del consejero regional Mario Sottolichio y del director de la Secretar\u00eda Comunal de Planificaci\u00f3n Claudio Paredes, efectuaron una visita inspectiva a las obras, ocasi\u00f3n en la que se reunieron con vecinos encabezados por la presidenta de la junta de vecinos de La Santita, Silvia Arancibia, quien valor\u00f3 el cumplimiento de la palabra comprometida por el alcalde en cuanto a realizar todas las gestiones para conseguir los dineros necesarios para reponer la sede comunitaria.<br \/>\nSe trata de fondos que fueron aportados por el Gobierno Regional, a trav\u00e9s del Fondo Regional de Inversi\u00f3n Local, FRIL, que permitir\u00e1n despu\u00e9s de d\u00e9cadas de espera concretar esta aspiraci\u00f3n de vecinos y vecinas de una poblaci\u00f3n tradicional de la comuna, la primera de autoconstrucci\u00f3n en Chile.<br \/>\n\u201cOrgullosa con este proyecto, porque lo esperamos por muchos a\u00f1os, lo esperamos harto. Los vecinos est\u00e1n felices, porque era un sue\u00f1o de todos. Ac\u00e1 la mayor\u00eda somos de la tercera edad y necesit\u00e1bamos un lugar para reunirnos, para desarrollar nuestros talleres y actividades comunitarias\u201d, se\u00f1al\u00f3 Silvia Arancibia.<br \/>\nLos vecinos se reun\u00edan en un recinto de madera, por lo que si bien en verano no hab\u00eda mayores problemas, durante el invierno sufr\u00edan con el fr\u00edo y la lluvia, que terminaba anegando las instalaciones producto de las m\u00faltiples goteras en la techumbre.<br \/>\n\u201cEstamos muy contentos, muy orgullosos, porque todav\u00eda no terminan esta sede y ya la vemos tan bonita, que nos sentimos felices de lo que se est\u00e1 haciendo ac\u00e1 en nuestra poblaci\u00f3n\u201d, manifest\u00f3 la dirigente vecinal.<br \/>\nSeg\u00fan se\u00f1al\u00f3 Claudio Paredes, el proyecto tiene fecha de entrega para el 28 de agosto, pero dado el avance que registra, se espera que durante la primera quincena de ese mes pueda finalizar. Aclar\u00f3 que depender\u00e1 todo de la empresa a cargo de los trabajos.<br \/>\nAsimismo, resalt\u00f3 que este es uno de los proyectos m\u00e1s ambiciosos desde el punto de vista de la superficie construida y por ende de la inversi\u00f3n que se realiz\u00f3.<br \/>\n\u201cEsta es una de las sedes m\u00e1s grandes que se construye en el marco de la gesti\u00f3n del alcalde Patricio Freire, pero que tambi\u00e9n se dise\u00f1\u00f3 de manera participativa, considerando la opini\u00f3n de los vecinos. Es una infraestructura en alba\u00f1iler\u00eda de 206 metros cuadrados, que involucra un gran sal\u00f3n de m\u00e1s de 80 metros cuadrados, con oficinas para las distintas organizaciones del sector\u201d, precis\u00f3 Claudio Paredes.<br \/>\nEl alcalde Freire en tanto, record\u00f3 que La Santita es una poblaci\u00f3n de especial connotaci\u00f3n para su gesti\u00f3n, no solo porque tiene una data superior a los cincuenta a\u00f1os, sino tambi\u00e9n porque durante todo ese tiempo, sus vecinos hab\u00edan esperado para que atendieran las autoridades, necesidades tan b\u00e1sicas como las de equipamiento comunitario.<br \/>\n\u201cEstamos cumpliendo un compromiso que hab\u00edamos suscrito con los vecinos. Hubo quienes no nos creyeron y lo entiendo, porque hubo promesas que no se materializaron. Pero ac\u00e1 estamos en presencia de hechos concretos, ac\u00e1 los vecinos nos dieron la fuerza y depositaron su confianza en nosotros, por lo que ten\u00edamos que responderles como corresponde. Este proyecto, como muchos otros, nos demuestra que San Felipe crece\u201d, sentenci\u00f3 la autoridad.<br \/>\nEn la ocasi\u00f3n, el jefe comunal resalt\u00f3 el rol que han desempe\u00f1ado los consejeros regionales y el Gobierno Regional, particularmente el intendente Gabriel Aldoney, que ha atendido y acogido de muy buena manera los requerimientos del municipio, lo que en todo, asever\u00f3 que se debe no solo a las gestiones, sino tambi\u00e9n al trabajo eficiente de los profesionales de la Secpla, que est\u00e1n a cargo de la elaboraci\u00f3n de los proyectos.<\/p>\n","protected":false},"excerpt":{"rendered":"<p>Vecinos esperaron por cuatro d\u00e9cadas para tener un espacio digno donde desarrollar actividades comunitarias, y en las pr\u00f3ximas semanas esa aspiraci\u00f3n ser\u00e1 una realidad. En pleno desarrollo y ad portas de su&#8230;<\/p>\n","protected":false},"author":482,"featured_media":68181,"comment_status":"open","ping_status":"open","sticky":false,"template":"","format":"standard","meta":{"advanced_seo_description":"","jetpack_seo_html_title":"","jetpack_seo_noindex":false,"_jetpack_memberships_contains_paid_content":false,"footnotes":""},"categories":[1],"tags":[],"class_list":["post-68180","post","type-post","status-publish","format-standard","has-post-thumbnail","hentry","category-cronica"],"jetpack_featured_media_url":"https:\/\/i0.wp.com\/eltrabajo.cl\/portal\/wp-content\/uploads\/2016\/03\/Visita-sede-comunitaria-La-Santita-3.jpg?fit=530%2C350&ssl=1","jetpack_sharing_enabled":true,"jetpack_likes_enabled":true,"jetpack-related-posts":[],"_links":{"self":[{"href":"https:\/\/eltrabajo.cl\/portal\/wp-json\/wp\/v2\/posts\/68180","targetHints":{"allow":["GET"]}}],"collection":[{"href":"https:\/\/eltrabajo.cl\/portal\/wp-json\/wp\/v2\/posts"}],"about":[{"href":"https:\/\/eltrabajo.cl\/portal\/wp-json\/wp\/v2\/types\/post"}],"author":[{"embeddable":true,"href":"https:\/\/eltrabajo.cl\/portal\/wp-json\/wp\/v2\/users\/482"}],"replies":[{"embeddable":true,"href":"https:\/\/eltrabajo.cl\/portal\/wp-json\/wp\/v2\/comments?post=68180"}],"version-history":[{"count":0,"href":"https:\/\/eltrabajo.cl\/portal\/wp-json\/wp\/v2\/posts\/68180\/revisions"}],"wp:featuredmedia":[{"embeddable":true,"href":"https:\/\/eltrabajo.cl\/portal\/wp-json\/wp\/v2\/media\/68181"}],"wp:attachment":[{"href":"https:\/\/eltrabajo.cl\/portal\/wp-json\/wp\/v2\/media?parent=68180"}],"wp:term":[{"taxonomy":"category","embeddable":true,"href":"https:\/\/eltrabajo.cl\/portal\/wp-json\/wp\/v2\/categories?post=68180"},{"taxonomy":"post_tag","embeddable":true,"href":"https:\/\/eltrabajo.cl\/portal\/wp-json\/wp\/v2\/tags?post=68180"}],"curies":[{"name":"wp","href":"https:\/\/api.w.org\/{rel}","templated":true}]}}