{"id":68183,"date":"2016-03-29T07:44:52","date_gmt":"2016-03-29T10:44:52","guid":{"rendered":"http:\/\/www.eltrabajo.cl\/portal\/?p=68183"},"modified":"2016-03-29T07:44:52","modified_gmt":"2016-03-29T10:44:52","slug":"programa-del-serviu-beneficiara-a-mas-de-mil-familias-aconcaguinas","status":"publish","type":"post","link":"https:\/\/eltrabajo.cl\/portal\/programa-del-serviu-beneficiara-a-mas-de-mil-familias-aconcaguinas\/","title":{"rendered":"Programa del Serviu beneficiar\u00e1 a m\u00e1s de mil familias Aconcag\u00fcinas"},"content":{"rendered":"<figure id=\"attachment_68184\" aria-describedby=\"caption-attachment-68184\" style=\"width: 300px\" class=\"wp-caption alignleft\"><img data-recalc-dims=\"1\" loading=\"lazy\" decoding=\"async\" class=\"wp-image-68184 size-medium\" src=\"https:\/\/i0.wp.com\/www.eltrabajo.cl\/portal\/wp-content\/uploads\/2016\/03\/FOTO-1-GEOVANNA-SEREY-DELEGADA-BI-PROVINCIAL-DE-SERVIU-SAN-FELIPE-LOS-ANDES-1-300x197.jpg?resize=300%2C197\" alt=\"Geovanna Serey, delegada Bi Provincial de Serviu San Felipe-Los Andes.\" width=\"300\" height=\"197\" srcset=\"https:\/\/i0.wp.com\/eltrabajo.cl\/portal\/wp-content\/uploads\/2016\/03\/FOTO-1-GEOVANNA-SEREY-DELEGADA-BI-PROVINCIAL-DE-SERVIU-SAN-FELIPE-LOS-ANDES-1.jpg?resize=300%2C197&amp;ssl=1 300w, https:\/\/i0.wp.com\/eltrabajo.cl\/portal\/wp-content\/uploads\/2016\/03\/FOTO-1-GEOVANNA-SEREY-DELEGADA-BI-PROVINCIAL-DE-SERVIU-SAN-FELIPE-LOS-ANDES-1.jpg?resize=200%2C131&amp;ssl=1 200w, https:\/\/i0.wp.com\/eltrabajo.cl\/portal\/wp-content\/uploads\/2016\/03\/FOTO-1-GEOVANNA-SEREY-DELEGADA-BI-PROVINCIAL-DE-SERVIU-SAN-FELIPE-LOS-ANDES-1.jpg?resize=228%2C150&amp;ssl=1 228w, https:\/\/i0.wp.com\/eltrabajo.cl\/portal\/wp-content\/uploads\/2016\/03\/FOTO-1-GEOVANNA-SEREY-DELEGADA-BI-PROVINCIAL-DE-SERVIU-SAN-FELIPE-LOS-ANDES-1.jpg?resize=400%2C263&amp;ssl=1 400w, https:\/\/i0.wp.com\/eltrabajo.cl\/portal\/wp-content\/uploads\/2016\/03\/FOTO-1-GEOVANNA-SEREY-DELEGADA-BI-PROVINCIAL-DE-SERVIU-SAN-FELIPE-LOS-ANDES-1.jpg?w=530&amp;ssl=1 530w\" sizes=\"auto, (max-width: 300px) 100vw, 300px\" \/><figcaption id=\"caption-attachment-68184\" class=\"wp-caption-text\">Geovanna Serey, delegada Bi Provincial de Serviu San Felipe-Los Andes.<\/figcaption><\/figure>\n<ul>\n<li><strong>Proyectos fueron postulados en noviembre de 2015 y en algunos casos considera tambi\u00e9n la posibilidad de optar a mejoramiento de espacios comunes.<\/strong><\/li>\n<\/ul>\n<p>Un total de 1062 familias del Valle de Aconcagua se ver\u00e1n beneficiadas con alguno de los mejoramientos habitacionales que ofrece el Ministerio de Vivienda y Urbanismo a trav\u00e9s del Serviu y que corresponden al Programa de Protecci\u00f3n del Patrimonio Familiar, postulaciones realizadas en noviembre de 2015<br \/>\nAs\u00ed lo manifest\u00f3 Geovanna Serey Lizana, Delegada Bi-Provincial del Servicio de Vivienda y Urbanismo, Serviu San Felipe- Los Andes, quien se mostr\u00f3 satisfecha de poder contribuir con mejorar la calidad de vida de alrededor de 5 mil aconcag\u00fcinos, describiendo que \u00abnos fue bastante bien ya que obtuvimos 1062 familias beneficiadas, dentro de las cuales se consideran 47 proyectos y 13 postulaciones individuales\u00bb, detall\u00f3.<br \/>\nRespecto de cu\u00e1les fueron los proyectos adjudicados, Serey agreg\u00f3 que \u00abentre ellos hay que destacar la gran cantidad de colectores solares que conseguimos en este llamado -31 colectores en las 10 comunas de ambas provincias-, adem\u00e1s 6 proyectos de cambio de techumbre desde asbesto a cemento, -por el alto contenido t\u00f3xico que tiene el asbesto es muy importante cambiarlo y en eso estamos poniendo harto esfuerzo-, y por \u00faltimo, 5 proyectos de ampliaciones\u00bb, narr\u00f3.<br \/>\nEl Programa de Protecci\u00f3n al Patrimonio Familiar, ofrece subsidios habitacionales a las familias chilenas para mejorar el entorno y mejorar o ampliar su vivienda y se postula individual o colectivamente. Excepto para el mejoramiento del entorno y de bienes comunes edificados en que la postulaci\u00f3n es siempre colectiva.<br \/>\nEn relaci\u00f3n con las postulaciones, la personera de Serviu adujo que en t\u00e9rminos t\u00e9cnicos y administrativos es m\u00e1s conveniente postular en grupos grandes porque se puede replicar un mismo proyecto, a\u00f1adiendo que \u00abse torna m\u00e1s factible postular en Comit\u00e9s, las familias se agrupan, se define qu\u00e9 tipo de necesidad es prioritaria, si es mejoramiento, ampliaci\u00f3n o colector solar porque pueden terminar un proyecto y luego optar a los siguientes, es decir cada familia puede tener hasta 3 beneficios del programa de protecci\u00f3n al patrimonio familiar, se agrupan, buscan una asistencia t\u00e9cnica, \u00e9sta posteriormente consigue una constructora y postulan al Serviu para que nosotros les demos los recursos para ejecutar cada proyecto\u00bb, sostuvo.<br \/>\nSerey dijo adem\u00e1s que aquellas personas o familias que no han podido acceder a los recursos de este programa, deben acudir a la asistencia t\u00e9cnica que contrataron para que les hiciera el proyecto y consultar espec\u00edficamente qu\u00e9 resultado obtuvieron en este proceso porque \u00abgeneralmente sucede que nosotros revisamos t\u00e9cnicamente, administrativamente y los proyectos los devolvemos con observaciones y no siempre vuelven a reingresar, entonces las familias quedan con la idea de que el Serviu no les otorg\u00f3 el subsidio, o los recursos, siendo que muchas veces quedan pendientes las asistencias t\u00e9cnicas s\u00f3lo por estas observaciones\u00bb, afirm\u00f3.<br \/>\nActualmente la cobertura econ\u00f3mica del Programa de Protecci\u00f3n del Entorno Familiar otorga 12 UF en el caso de mejoramiento de entorno, mientras que, el mejoramiento de vivienda con colector solar o cambio de techumbre entrega un presupuesto de 53 UF y en el caso de ampliaci\u00f3n 95 UF.<br \/>\nEn cuanto a qu\u00e9 tipo de obras se realizan en cada caso, es importante destacar que para el Mejoramiento de Entorno se consideran trabajos en espacios p\u00fablicos comprendiendo construcci\u00f3n, mantenci\u00f3n o mejoramiento de cierres, iluminaci\u00f3n y otros, mientras que en el caso de Proyectos de Mejoramiento de Inmuebles Destinados a Equipamiento Comunitario, se incluyen la construcci\u00f3n, mantenci\u00f3n o mejoramiento de juegos infantiles, sedes comunitarias, multicanchas o mobiliario urbano.<br \/>\nEn t\u00e9rminos de Mejoramiento se consideran proyectos de seguridad de la vivienda, que permiten mejorar o construir nuevas partidas encargadas de la seguridad estructural de la construcci\u00f3n como reparaci\u00f3n de cimientos, pilares, escaleras, cadenas, estructura de pisos y techumbres, etc. Mientras que en proyecto de habitabilidad de la vivienda, considera mejorar o construir nuevas partidas que afronten el mejoramiento o reparaci\u00f3n de instalaciones sanitarias, el\u00e9ctricas y de gas, muros, canales y bajadas de agua, etc.<br \/>\nFinalmente en lo referido a ampliaci\u00f3n de las casas, se contemplan Proyectos de Construcci\u00f3n Dormitorio, Ampliaci\u00f3n de Dormitorio, Lavadero o Logia, Sala de Estar-Comedor y\/o Ba\u00f1o o Cocina.<\/p>\n","protected":false},"excerpt":{"rendered":"<p>Proyectos fueron postulados en noviembre de 2015 y en algunos casos considera tambi\u00e9n la posibilidad de optar a mejoramiento de espacios comunes. Un total de 1062 familias del Valle de Aconcagua se&#8230;<\/p>\n","protected":false},"author":482,"featured_media":68184,"comment_status":"open","ping_status":"open","sticky":false,"template":"","format":"standard","meta":{"advanced_seo_description":"","jetpack_seo_html_title":"","jetpack_seo_noindex":false,"_jetpack_memberships_contains_paid_content":false,"footnotes":""},"categories":[1],"tags":[],"class_list":["post-68183","post","type-post","status-publish","format-standard","has-post-thumbnail","hentry","category-cronica"],"jetpack_featured_media_url":"https:\/\/i0.wp.com\/eltrabajo.cl\/portal\/wp-content\/uploads\/2016\/03\/FOTO-1-GEOVANNA-SEREY-DELEGADA-BI-PROVINCIAL-DE-SERVIU-SAN-FELIPE-LOS-ANDES-1.jpg?fit=530%2C348&ssl=1","jetpack_sharing_enabled":true,"jetpack_likes_enabled":true,"jetpack-related-posts":[],"_links":{"self":[{"href":"https:\/\/eltrabajo.cl\/portal\/wp-json\/wp\/v2\/posts\/68183","targetHints":{"allow":["GET"]}}],"collection":[{"href":"https:\/\/eltrabajo.cl\/portal\/wp-json\/wp\/v2\/posts"}],"about":[{"href":"https:\/\/eltrabajo.cl\/portal\/wp-json\/wp\/v2\/types\/post"}],"author":[{"embeddable":true,"href":"https:\/\/eltrabajo.cl\/portal\/wp-json\/wp\/v2\/users\/482"}],"replies":[{"embeddable":true,"href":"https:\/\/eltrabajo.cl\/portal\/wp-json\/wp\/v2\/comments?post=68183"}],"version-history":[{"count":0,"href":"https:\/\/eltrabajo.cl\/portal\/wp-json\/wp\/v2\/posts\/68183\/revisions"}],"wp:featuredmedia":[{"embeddable":true,"href":"https:\/\/eltrabajo.cl\/portal\/wp-json\/wp\/v2\/media\/68184"}],"wp:attachment":[{"href":"https:\/\/eltrabajo.cl\/portal\/wp-json\/wp\/v2\/media?parent=68183"}],"wp:term":[{"taxonomy":"category","embeddable":true,"href":"https:\/\/eltrabajo.cl\/portal\/wp-json\/wp\/v2\/categories?post=68183"},{"taxonomy":"post_tag","embeddable":true,"href":"https:\/\/eltrabajo.cl\/portal\/wp-json\/wp\/v2\/tags?post=68183"}],"curies":[{"name":"wp","href":"https:\/\/api.w.org\/{rel}","templated":true}]}}