{"id":68186,"date":"2016-03-29T07:48:01","date_gmt":"2016-03-29T10:48:01","guid":{"rendered":"http:\/\/www.eltrabajo.cl\/portal\/?p=68186"},"modified":"2016-03-29T07:48:01","modified_gmt":"2016-03-29T10:48:01","slug":"publicacion-en-facebook-permitio-la-captura-de-mujer-que-ofrecia-bicicleta-robada","status":"publish","type":"post","link":"https:\/\/eltrabajo.cl\/portal\/publicacion-en-facebook-permitio-la-captura-de-mujer-que-ofrecia-bicicleta-robada\/","title":{"rendered":"Publicaci\u00f3n en Facebook permiti\u00f3 la captura de mujer que ofrec\u00eda bicicleta robada"},"content":{"rendered":"<figure id=\"attachment_68187\" aria-describedby=\"caption-attachment-68187\" style=\"width: 300px\" class=\"wp-caption alignleft\"><img data-recalc-dims=\"1\" loading=\"lazy\" decoding=\"async\" class=\"wp-image-68187 size-medium\" src=\"https:\/\/i0.wp.com\/www.eltrabajo.cl\/portal\/wp-content\/uploads\/2016\/03\/DETENIDA-RECEPTACION-300x197.jpg?resize=300%2C197\" alt=\"La imputada de iniciales C.A.M.R. fue acusada de reducir una bicicleta que hab\u00eda sido robada d\u00edas antes, publicando en internet la especie.\" width=\"300\" height=\"197\" srcset=\"https:\/\/i0.wp.com\/eltrabajo.cl\/portal\/wp-content\/uploads\/2016\/03\/DETENIDA-RECEPTACION.jpg?resize=300%2C197&amp;ssl=1 300w, https:\/\/i0.wp.com\/eltrabajo.cl\/portal\/wp-content\/uploads\/2016\/03\/DETENIDA-RECEPTACION.jpg?resize=200%2C131&amp;ssl=1 200w, https:\/\/i0.wp.com\/eltrabajo.cl\/portal\/wp-content\/uploads\/2016\/03\/DETENIDA-RECEPTACION.jpg?resize=228%2C150&amp;ssl=1 228w, https:\/\/i0.wp.com\/eltrabajo.cl\/portal\/wp-content\/uploads\/2016\/03\/DETENIDA-RECEPTACION.jpg?resize=400%2C263&amp;ssl=1 400w, https:\/\/i0.wp.com\/eltrabajo.cl\/portal\/wp-content\/uploads\/2016\/03\/DETENIDA-RECEPTACION.jpg?w=530&amp;ssl=1 530w\" sizes=\"auto, (max-width: 300px) 100vw, 300px\" \/><figcaption id=\"caption-attachment-68187\" class=\"wp-caption-text\">La imputada de iniciales C.A.M.R. fue acusada de reducir una bicicleta que hab\u00eda sido robada d\u00edas antes, publicando en internet la especie.<\/figcaption><\/figure>\n<ul>\n<li><strong>Tras diligencias encabezadas por la SIP de la polic\u00eda uniformada, la imputada fue detenida en flagrancia cuando pretend\u00eda reducir el m\u00f3vil de alto valor comercial en tan s\u00f3lo $50.000 a su due\u00f1o.<\/strong><\/li>\n<\/ul>\n<p>La red social Facebook se ha convertido en una excelente vitrina para ofertar diversas clases de productos, tanto nuevos como usados, que atraen por su precio a los cibernautas. No obstante, las sorpresas surgen cuando en este tipo de publicaciones aparecen especies que han sido descubiertas por v\u00edctimas que han sufrido delitos de robo.<br \/>\nTal fue el caso de un joven estudiante universitario que descubri\u00f3 en internet la venta de su propia bicicleta importada que d\u00edas atr\u00e1s fue robada, entre otras especies, desde su domicilio. La v\u00edctima se dio cuenta que una mujer la ofertaba en tan s\u00f3lo $50.000.<br \/>\nLa v\u00edctima, Francisco Vergara Lazo de 25 a\u00f1os de edad, al sufrir el robo en su vivienda denunci\u00f3 en su momento ante Carabineros la sustracci\u00f3n de varios enseres, entre ellos una bicicleta marca Roxton aro 26 importada, cuyo aval\u00fao comercial fluct\u00faa en $300.000.<br \/>\nPosteriormente el afectado, al ingresar hasta la red social Facebook se percat\u00f3 que en la p\u00e1gina \u2018Datos San Felipe-Los Andes\u2019 una mujer ofertaba una bicicleta de similares caracter\u00edsticas en la suma de $50.000; luego tom\u00f3 contacto telef\u00f3nico con la vendedora residente en la comuna de San Felipe.<br \/>\nLa Secci\u00f3n de Investigaci\u00f3n Policial SIP de Carabineros de esta comuna, en conjunto con la v\u00edctima, gestion\u00f3 una cita para verificar si el producto en cuesti\u00f3n era robado. Fue as\u00ed que se coordinaron los seguimientos respectivos a trav\u00e9s de internet para concretar la supuesta compra-venta en las afueras de un block de departamentos por avenida Sargento Aldea.<br \/>\nAl mismo tiempo, Carabineros fue testigo presencial de esta reuni\u00f3n, comprob\u00e1ndose que el m\u00f3vil pertenec\u00eda a la v\u00edctima de acuerdo a detalles espec\u00edficos en la estructura de la bicicleta. Tras la intervenci\u00f3n policial en el lugar de los hechos, la vendedora no logr\u00f3 dar respuesta satisfactoria de la procedencia del producto publicado por el cual fue detenida por el delito de receptaci\u00f3n.<br \/>\nLa imputada fue identificada con las iniciales C.A.M.R. fue derivada hasta el Juzgado de Garant\u00eda de San Felipe para ser requerida por la Fiscal\u00eda por este il\u00edcito. La acusada, al no poseer antecedentes delictuales, el Ministerio P\u00fablico le ofreci\u00f3 una salida alternativa de suspensi\u00f3n condicional del procedimiento por el plazo de un a\u00f1o, fijando como condiciones la firma trimestral en Carabineros de San Felipe.<br \/>\n<strong>Pablo Salinas Sald\u00edas<\/strong><\/p>\n<div class=\"tiled-gallery type-rectangular tiled-gallery-unresized\" data-original-width=\"640\" data-carousel-extra='null' itemscope itemtype=\"http:\/\/schema.org\/ImageGallery\" > <div class=\"gallery-row\" style=\"width: 640px; height: 212px;\" data-original-width=\"640\" data-original-height=\"212\" > <div class=\"gallery-group images-1\" style=\"width: 320px; height: 212px;\" data-original-width=\"320\" data-original-height=\"212\" > <div class=\"tiled-gallery-item tiled-gallery-item-large\" itemprop=\"associatedMedia\" itemscope itemtype=\"http:\/\/schema.org\/ImageObject\"> <a href=\"https:\/\/eltrabajo.cl\/portal\/publicacion-en-facebook-permitio-la-captura-de-mujer-que-ofrecia-bicicleta-robada\/bicicleta-2\/\" border=\"0\" itemprop=\"url\"> <meta itemprop=\"width\" content=\"316\"> <meta itemprop=\"height\" content=\"208\"> <img decoding=\"async\" class=\"\" data-attachment-id=\"68188\" data-orig-file=\"https:\/\/eltrabajo.cl\/portal\/wp-content\/uploads\/2016\/03\/BICICLETA-2.jpg\" data-orig-size=\"530,349\" data-comments-opened=\"1\" data-image-meta=\"{&quot;aperture&quot;:&quot;0&quot;,&quot;credit&quot;:&quot;&quot;,&quot;camera&quot;:&quot;&quot;,&quot;caption&quot;:&quot;&quot;,&quot;created_timestamp&quot;:&quot;0&quot;,&quot;copyright&quot;:&quot;&quot;,&quot;focal_length&quot;:&quot;0&quot;,&quot;iso&quot;:&quot;0&quot;,&quot;shutter_speed&quot;:&quot;0&quot;,&quot;title&quot;:&quot;&quot;,&quot;orientation&quot;:&quot;0&quot;}\" data-image-title=\"BICICLETA 2\" data-image-description=\"&lt;p&gt;La bicicleta marca Roxton importada tiene una aval\u00fao comercial en $300.000.&lt;\/p&gt; \" data-medium-file=\"https:\/\/i0.wp.com\/eltrabajo.cl\/portal\/wp-content\/uploads\/2016\/03\/BICICLETA-2.jpg?fit=300%2C198&#038;ssl=1\" data-large-file=\"https:\/\/i0.wp.com\/eltrabajo.cl\/portal\/wp-content\/uploads\/2016\/03\/BICICLETA-2.jpg?fit=530%2C349&#038;ssl=1\" src=\"https:\/\/i0.wp.com\/eltrabajo.cl\/portal\/wp-content\/uploads\/2016\/03\/BICICLETA-2.jpg?w=316&#038;h=208&#038;ssl=1\" srcset=\"https:\/\/i0.wp.com\/eltrabajo.cl\/portal\/wp-content\/uploads\/2016\/03\/BICICLETA-2.jpg?w=530&amp;ssl=1 530w, https:\/\/i0.wp.com\/eltrabajo.cl\/portal\/wp-content\/uploads\/2016\/03\/BICICLETA-2.jpg?resize=200%2C132&amp;ssl=1 200w, https:\/\/i0.wp.com\/eltrabajo.cl\/portal\/wp-content\/uploads\/2016\/03\/BICICLETA-2.jpg?resize=300%2C198&amp;ssl=1 300w, https:\/\/i0.wp.com\/eltrabajo.cl\/portal\/wp-content\/uploads\/2016\/03\/BICICLETA-2.jpg?resize=228%2C150&amp;ssl=1 228w, https:\/\/i0.wp.com\/eltrabajo.cl\/portal\/wp-content\/uploads\/2016\/03\/BICICLETA-2.jpg?resize=400%2C263&amp;ssl=1 400w\" width=\"316\" height=\"208\" loading=\"lazy\" data-original-width=\"316\" data-original-height=\"208\" itemprop=\"http:\/\/schema.org\/image\" title=\"BICICLETA 2\" alt=\"La bicicleta marca Roxton importada tiene una aval\u00fao comercial en $300.000.\" style=\"width: 316px; height: 208px;\" \/> <\/a> <div class=\"tiled-gallery-caption\" itemprop=\"caption description\"> La bicicleta marca Roxton importada tiene una aval\u00fao comercial en $300.000. <\/div> <\/div> <\/div> <!-- close group --> <div class=\"gallery-group images-1\" style=\"width: 320px; height: 212px;\" data-original-width=\"320\" data-original-height=\"212\" > <div class=\"tiled-gallery-item tiled-gallery-item-large\" itemprop=\"associatedMedia\" itemscope itemtype=\"http:\/\/schema.org\/ImageObject\"> <a href=\"https:\/\/eltrabajo.cl\/portal\/publicacion-en-facebook-permitio-la-captura-de-mujer-que-ofrecia-bicicleta-robada\/entrega-propietario\/\" border=\"0\" itemprop=\"url\"> <meta itemprop=\"width\" content=\"316\"> <meta itemprop=\"height\" content=\"208\"> <img decoding=\"async\" class=\"\" data-attachment-id=\"68189\" data-orig-file=\"https:\/\/eltrabajo.cl\/portal\/wp-content\/uploads\/2016\/03\/Entrega-propietario.jpg\" data-orig-size=\"530,348\" data-comments-opened=\"1\" data-image-meta=\"{&quot;aperture&quot;:&quot;0&quot;,&quot;credit&quot;:&quot;&quot;,&quot;camera&quot;:&quot;&quot;,&quot;caption&quot;:&quot;&quot;,&quot;created_timestamp&quot;:&quot;0&quot;,&quot;copyright&quot;:&quot;&quot;,&quot;focal_length&quot;:&quot;0&quot;,&quot;iso&quot;:&quot;0&quot;,&quot;shutter_speed&quot;:&quot;0&quot;,&quot;title&quot;:&quot;&quot;,&quot;orientation&quot;:&quot;0&quot;}\" data-image-title=\"Entrega propietario\" data-image-description=\"&lt;p&gt;Carabineros de la SIP de San Felipe hizo entrega formal al verdadero propietario de la bicicleta robada desde su domicilio.&lt;\/p&gt; \" data-medium-file=\"https:\/\/i0.wp.com\/eltrabajo.cl\/portal\/wp-content\/uploads\/2016\/03\/Entrega-propietario.jpg?fit=300%2C197&#038;ssl=1\" data-large-file=\"https:\/\/i0.wp.com\/eltrabajo.cl\/portal\/wp-content\/uploads\/2016\/03\/Entrega-propietario.jpg?fit=530%2C348&#038;ssl=1\" src=\"https:\/\/i0.wp.com\/eltrabajo.cl\/portal\/wp-content\/uploads\/2016\/03\/Entrega-propietario.jpg?w=316&#038;h=208&#038;ssl=1\" srcset=\"https:\/\/i0.wp.com\/eltrabajo.cl\/portal\/wp-content\/uploads\/2016\/03\/Entrega-propietario.jpg?w=530&amp;ssl=1 530w, https:\/\/i0.wp.com\/eltrabajo.cl\/portal\/wp-content\/uploads\/2016\/03\/Entrega-propietario.jpg?resize=200%2C131&amp;ssl=1 200w, https:\/\/i0.wp.com\/eltrabajo.cl\/portal\/wp-content\/uploads\/2016\/03\/Entrega-propietario.jpg?resize=300%2C197&amp;ssl=1 300w, https:\/\/i0.wp.com\/eltrabajo.cl\/portal\/wp-content\/uploads\/2016\/03\/Entrega-propietario.jpg?resize=228%2C150&amp;ssl=1 228w, https:\/\/i0.wp.com\/eltrabajo.cl\/portal\/wp-content\/uploads\/2016\/03\/Entrega-propietario.jpg?resize=400%2C263&amp;ssl=1 400w\" width=\"316\" height=\"208\" loading=\"lazy\" data-original-width=\"316\" data-original-height=\"208\" itemprop=\"http:\/\/schema.org\/image\" title=\"Entrega propietario\" alt=\"Carabineros de la SIP de San Felipe hizo entrega formal al verdadero propietario de la bicicleta robada desde su domicilio.\" style=\"width: 316px; height: 208px;\" \/> <\/a> <div class=\"tiled-gallery-caption\" itemprop=\"caption description\"> Carabineros de la SIP de San Felipe hizo entrega formal al verdadero propietario de la bicicleta robada desde su domicilio. <\/div> <\/div> <\/div> <!-- close group --> <\/div> <!-- close row --> <\/div>\n","protected":false},"excerpt":{"rendered":"<p>Tras diligencias encabezadas por la SIP de la polic\u00eda uniformada, la imputada fue detenida en flagrancia cuando pretend\u00eda reducir el m\u00f3vil de alto valor comercial en tan s\u00f3lo $50.000 a su due\u00f1o&#8230;.<\/p>\n","protected":false},"author":482,"featured_media":68187,"comment_status":"open","ping_status":"open","sticky":false,"template":"","format":"standard","meta":{"advanced_seo_description":"","jetpack_seo_html_title":"","jetpack_seo_noindex":false,"_jetpack_memberships_contains_paid_content":false,"footnotes":""},"categories":[21],"tags":[],"class_list":["post-68186","post","type-post","status-publish","format-standard","has-post-thumbnail","hentry","category-policial"],"jetpack_featured_media_url":"https:\/\/i0.wp.com\/eltrabajo.cl\/portal\/wp-content\/uploads\/2016\/03\/DETENIDA-RECEPTACION.jpg?fit=530%2C348&ssl=1","jetpack_sharing_enabled":true,"jetpack_likes_enabled":true,"jetpack-related-posts":[],"_links":{"self":[{"href":"https:\/\/eltrabajo.cl\/portal\/wp-json\/wp\/v2\/posts\/68186","targetHints":{"allow":["GET"]}}],"collection":[{"href":"https:\/\/eltrabajo.cl\/portal\/wp-json\/wp\/v2\/posts"}],"about":[{"href":"https:\/\/eltrabajo.cl\/portal\/wp-json\/wp\/v2\/types\/post"}],"author":[{"embeddable":true,"href":"https:\/\/eltrabajo.cl\/portal\/wp-json\/wp\/v2\/users\/482"}],"replies":[{"embeddable":true,"href":"https:\/\/eltrabajo.cl\/portal\/wp-json\/wp\/v2\/comments?post=68186"}],"version-history":[{"count":0,"href":"https:\/\/eltrabajo.cl\/portal\/wp-json\/wp\/v2\/posts\/68186\/revisions"}],"wp:featuredmedia":[{"embeddable":true,"href":"https:\/\/eltrabajo.cl\/portal\/wp-json\/wp\/v2\/media\/68187"}],"wp:attachment":[{"href":"https:\/\/eltrabajo.cl\/portal\/wp-json\/wp\/v2\/media?parent=68186"}],"wp:term":[{"taxonomy":"category","embeddable":true,"href":"https:\/\/eltrabajo.cl\/portal\/wp-json\/wp\/v2\/categories?post=68186"},{"taxonomy":"post_tag","embeddable":true,"href":"https:\/\/eltrabajo.cl\/portal\/wp-json\/wp\/v2\/tags?post=68186"}],"curies":[{"name":"wp","href":"https:\/\/api.w.org\/{rel}","templated":true}]}}