{"id":68191,"date":"2016-03-29T07:49:39","date_gmt":"2016-03-29T10:49:39","guid":{"rendered":"http:\/\/www.eltrabajo.cl\/portal\/?p=68191"},"modified":"2016-03-29T07:49:39","modified_gmt":"2016-03-29T10:49:39","slug":"joven-de-19-anos-se-quita-la-vida-a-metros-del-cristo-de-rinconada","status":"publish","type":"post","link":"https:\/\/eltrabajo.cl\/portal\/joven-de-19-anos-se-quita-la-vida-a-metros-del-cristo-de-rinconada\/","title":{"rendered":"Joven de 19 a\u00f1os se quita la vida a metros del Cristo de Rinconada"},"content":{"rendered":"<figure id=\"attachment_68192\" aria-describedby=\"caption-attachment-68192\" style=\"width: 300px\" class=\"wp-caption alignleft\"><img data-recalc-dims=\"1\" loading=\"lazy\" decoding=\"async\" class=\"wp-image-68192 size-medium\" src=\"https:\/\/i0.wp.com\/www.eltrabajo.cl\/portal\/wp-content\/uploads\/2016\/03\/cristo-rinconada-300x198.jpg?resize=300%2C198\" alt=\"El emblem\u00e1tico Cristo de Madera de Rinconada fue el mudo testigo de la dr\u00e1stica decisi\u00f3n adoptada por un joven de 19 a\u00f1os de edad.\" width=\"300\" height=\"198\" srcset=\"https:\/\/i0.wp.com\/eltrabajo.cl\/portal\/wp-content\/uploads\/2016\/03\/cristo-rinconada.jpg?resize=300%2C198&amp;ssl=1 300w, https:\/\/i0.wp.com\/eltrabajo.cl\/portal\/wp-content\/uploads\/2016\/03\/cristo-rinconada.jpg?resize=200%2C132&amp;ssl=1 200w, https:\/\/i0.wp.com\/eltrabajo.cl\/portal\/wp-content\/uploads\/2016\/03\/cristo-rinconada.jpg?resize=227%2C150&amp;ssl=1 227w, https:\/\/i0.wp.com\/eltrabajo.cl\/portal\/wp-content\/uploads\/2016\/03\/cristo-rinconada.jpg?resize=400%2C264&amp;ssl=1 400w, https:\/\/i0.wp.com\/eltrabajo.cl\/portal\/wp-content\/uploads\/2016\/03\/cristo-rinconada.jpg?w=530&amp;ssl=1 530w\" sizes=\"auto, (max-width: 300px) 100vw, 300px\" \/><figcaption id=\"caption-attachment-68192\" class=\"wp-caption-text\">El emblem\u00e1tico Cristo de Madera de Rinconada fue el mudo testigo de la dr\u00e1stica decisi\u00f3n adoptada por un joven de 19 a\u00f1os de edad.<\/figcaption><\/figure>\n<ul>\n<li><strong>Cuerpo sin vida, identificado como Diego Alvarado Arancibia, fue encontrado en una de las \u00faltimas estaciones del V\u00eda Crucis al interior del recinto religioso.<\/strong><\/li>\n<\/ul>\n<p><strong>PUTAENDO<\/strong>.- Un joven de 19 a\u00f1os de edad, identificado como Diego Alvarado Arancibia, perteneciente a una conocida y querida familia de Putaendo, se suicid\u00f3 en las inmediaciones del Cristo de Madera de Rinconada de Silva, en un hecho que ha conmocionado a la comunidad del sector.<br \/>\nA eso de las 17:00 horas, un lugare\u00f1o que recorr\u00eda las instalaciones religiosas encontr\u00f3 el cuerpo sin vida del joven en una de las \u00faltimas estaciones del V\u00eda Crucis, en las proximidades del madero que recuerda a Jes\u00fas crucificado.<br \/>\nHasta el lugar concurri\u00f3 Carabineros y personal de la Brigada de Homicidios de la Polic\u00eda de Investigaciones, adem\u00e1s de un m\u00f3vil del Servicio M\u00e9dico Legal que retir\u00f3 el cuerpo del joven desde el santuario.<br \/>\nEl Jefe de la Brigada de Homicidios de la Polic\u00eda de Investigaciones de Los Andes, Comisario Gino Guti\u00e9rrez, sostuvo que por instrucci\u00f3n de la fiscal\u00eda se realizaron los peritajes correspondientes en el lugar, descartando la intervenci\u00f3n de terceras personas. El oficial de la polic\u00eda civil confirm\u00f3 que el deceso se produjo por un suicidio por ahorcamiento, y respecto a las causas que habr\u00edan llevado a este joven a tomar esta decisi\u00f3n, Guti\u00e9rrez sostuvo que el fallecido estaba siendo tratado por una depresi\u00f3n.<br \/>\n<strong>Patricio Gallardo M.<\/strong><\/p>\n","protected":false},"excerpt":{"rendered":"<p>Cuerpo sin vida, identificado como Diego Alvarado Arancibia, fue encontrado en una de las \u00faltimas estaciones del V\u00eda Crucis al interior del recinto religioso. PUTAENDO.- Un joven de 19 a\u00f1os de edad,&#8230;<\/p>\n","protected":false},"author":482,"featured_media":68192,"comment_status":"open","ping_status":"open","sticky":false,"template":"","format":"standard","meta":{"advanced_seo_description":"","jetpack_seo_html_title":"","jetpack_seo_noindex":false,"_jetpack_memberships_contains_paid_content":false,"footnotes":""},"categories":[21],"tags":[],"class_list":["post-68191","post","type-post","status-publish","format-standard","has-post-thumbnail","hentry","category-policial"],"jetpack_featured_media_url":"https:\/\/i0.wp.com\/eltrabajo.cl\/portal\/wp-content\/uploads\/2016\/03\/cristo-rinconada.jpg?fit=530%2C350&ssl=1","jetpack_sharing_enabled":true,"jetpack_likes_enabled":true,"jetpack-related-posts":[],"_links":{"self":[{"href":"https:\/\/eltrabajo.cl\/portal\/wp-json\/wp\/v2\/posts\/68191","targetHints":{"allow":["GET"]}}],"collection":[{"href":"https:\/\/eltrabajo.cl\/portal\/wp-json\/wp\/v2\/posts"}],"about":[{"href":"https:\/\/eltrabajo.cl\/portal\/wp-json\/wp\/v2\/types\/post"}],"author":[{"embeddable":true,"href":"https:\/\/eltrabajo.cl\/portal\/wp-json\/wp\/v2\/users\/482"}],"replies":[{"embeddable":true,"href":"https:\/\/eltrabajo.cl\/portal\/wp-json\/wp\/v2\/comments?post=68191"}],"version-history":[{"count":0,"href":"https:\/\/eltrabajo.cl\/portal\/wp-json\/wp\/v2\/posts\/68191\/revisions"}],"wp:featuredmedia":[{"embeddable":true,"href":"https:\/\/eltrabajo.cl\/portal\/wp-json\/wp\/v2\/media\/68192"}],"wp:attachment":[{"href":"https:\/\/eltrabajo.cl\/portal\/wp-json\/wp\/v2\/media?parent=68191"}],"wp:term":[{"taxonomy":"category","embeddable":true,"href":"https:\/\/eltrabajo.cl\/portal\/wp-json\/wp\/v2\/categories?post=68191"},{"taxonomy":"post_tag","embeddable":true,"href":"https:\/\/eltrabajo.cl\/portal\/wp-json\/wp\/v2\/tags?post=68191"}],"curies":[{"name":"wp","href":"https:\/\/api.w.org\/{rel}","templated":true}]}}