{"id":68194,"date":"2016-03-29T07:50:49","date_gmt":"2016-03-29T10:50:49","guid":{"rendered":"http:\/\/www.eltrabajo.cl\/portal\/?p=68194"},"modified":"2016-03-29T07:50:49","modified_gmt":"2016-03-29T10:50:49","slug":"lactante-de-4-meses-en-estado-grave-tras-caer-desde-el-tercer-piso-de-un-inmueble","status":"publish","type":"post","link":"https:\/\/eltrabajo.cl\/portal\/lactante-de-4-meses-en-estado-grave-tras-caer-desde-el-tercer-piso-de-un-inmueble\/","title":{"rendered":"Lactante de 4 meses en estado grave tras caer desde el tercer piso de un inmueble"},"content":{"rendered":"<figure id=\"attachment_68195\" aria-describedby=\"caption-attachment-68195\" style=\"width: 300px\" class=\"wp-caption alignleft\"><img data-recalc-dims=\"1\" loading=\"lazy\" decoding=\"async\" class=\"wp-image-68195 size-medium\" src=\"https:\/\/i0.wp.com\/www.eltrabajo.cl\/portal\/wp-content\/uploads\/2016\/03\/urgencia27-300x198.jpg?resize=300%2C198\" alt=\"El lactante se encuentra con riesgo vital debido a las lesiones que le produjo la ca\u00edda. \" width=\"300\" height=\"198\" srcset=\"https:\/\/i0.wp.com\/eltrabajo.cl\/portal\/wp-content\/uploads\/2016\/03\/urgencia27.jpg?resize=300%2C198&amp;ssl=1 300w, https:\/\/i0.wp.com\/eltrabajo.cl\/portal\/wp-content\/uploads\/2016\/03\/urgencia27.jpg?resize=200%2C132&amp;ssl=1 200w, https:\/\/i0.wp.com\/eltrabajo.cl\/portal\/wp-content\/uploads\/2016\/03\/urgencia27.jpg?resize=228%2C150&amp;ssl=1 228w, https:\/\/i0.wp.com\/eltrabajo.cl\/portal\/wp-content\/uploads\/2016\/03\/urgencia27.jpg?resize=400%2C263&amp;ssl=1 400w, https:\/\/i0.wp.com\/eltrabajo.cl\/portal\/wp-content\/uploads\/2016\/03\/urgencia27.jpg?w=530&amp;ssl=1 530w\" sizes=\"auto, (max-width: 300px) 100vw, 300px\" \/><figcaption id=\"caption-attachment-68195\" class=\"wp-caption-text\">El lactante se encuentra con riesgo vital debido a las lesiones que le produjo la ca\u00edda.<\/figcaption><\/figure>\n<ul>\n<li><strong>Madre del lactante de 14 a\u00f1os lo hab\u00eda dejado en una silla para autos cerca de la ventana.<\/strong><\/li>\n<\/ul>\n<p><strong>LOS ANDES.<\/strong>&#8211; Con riesgo vital se encuentra un lactante de 4 meses de vida identificado como J.S.S. quien la tarde de este lunes cay\u00f3 desde un tercer piso de un departamento de la villa San Alberto.<br \/>\nEl hecho se produjo pasadas las 15 horas, cuando la madre del menor de iniciales D.S.A., de 14 a\u00f1os, lo dej\u00f3 en una silla para autos sin abrochar en el balc\u00f3n del inmueble ubicado en calle Oscar Granadino N\u00ba 1285, momento en el cual el infante cay\u00f3 desde una altura aproximada de seis metros.<br \/>\nEl lactante fue trasladado en forma inmediata hasta el Servicio de Urgencia del Hospital San Juan de Dios donde qued\u00f3 internado con riesgo vital.<br \/>\nPersonal de Carabineros de la Tercera Comisar\u00eda adopt\u00f3 el procedimiento correspondiente a fin de remitir los antecedentes a la fiscal\u00eda local.<\/p>\n","protected":false},"excerpt":{"rendered":"<p>Madre del lactante de 14 a\u00f1os lo hab\u00eda dejado en una silla para autos cerca de la ventana. LOS ANDES.&#8211; Con riesgo vital se encuentra un lactante de 4 meses de vida&#8230;<\/p>\n","protected":false},"author":482,"featured_media":68195,"comment_status":"open","ping_status":"open","sticky":false,"template":"","format":"standard","meta":{"advanced_seo_description":"","jetpack_seo_html_title":"","jetpack_seo_noindex":false,"_jetpack_memberships_contains_paid_content":false,"footnotes":""},"categories":[21],"tags":[],"class_list":["post-68194","post","type-post","status-publish","format-standard","has-post-thumbnail","hentry","category-policial"],"jetpack_featured_media_url":"https:\/\/i0.wp.com\/eltrabajo.cl\/portal\/wp-content\/uploads\/2016\/03\/urgencia27.jpg?fit=530%2C349&ssl=1","jetpack_sharing_enabled":true,"jetpack_likes_enabled":true,"jetpack-related-posts":[],"_links":{"self":[{"href":"https:\/\/eltrabajo.cl\/portal\/wp-json\/wp\/v2\/posts\/68194","targetHints":{"allow":["GET"]}}],"collection":[{"href":"https:\/\/eltrabajo.cl\/portal\/wp-json\/wp\/v2\/posts"}],"about":[{"href":"https:\/\/eltrabajo.cl\/portal\/wp-json\/wp\/v2\/types\/post"}],"author":[{"embeddable":true,"href":"https:\/\/eltrabajo.cl\/portal\/wp-json\/wp\/v2\/users\/482"}],"replies":[{"embeddable":true,"href":"https:\/\/eltrabajo.cl\/portal\/wp-json\/wp\/v2\/comments?post=68194"}],"version-history":[{"count":0,"href":"https:\/\/eltrabajo.cl\/portal\/wp-json\/wp\/v2\/posts\/68194\/revisions"}],"wp:featuredmedia":[{"embeddable":true,"href":"https:\/\/eltrabajo.cl\/portal\/wp-json\/wp\/v2\/media\/68195"}],"wp:attachment":[{"href":"https:\/\/eltrabajo.cl\/portal\/wp-json\/wp\/v2\/media?parent=68194"}],"wp:term":[{"taxonomy":"category","embeddable":true,"href":"https:\/\/eltrabajo.cl\/portal\/wp-json\/wp\/v2\/categories?post=68194"},{"taxonomy":"post_tag","embeddable":true,"href":"https:\/\/eltrabajo.cl\/portal\/wp-json\/wp\/v2\/tags?post=68194"}],"curies":[{"name":"wp","href":"https:\/\/api.w.org\/{rel}","templated":true}]}}