{"id":68198,"date":"2016-03-30T06:22:59","date_gmt":"2016-03-30T09:22:59","guid":{"rendered":"http:\/\/www.eltrabajo.cl\/portal\/?p=68198"},"modified":"2016-03-30T06:22:59","modified_gmt":"2016-03-30T09:22:59","slug":"indap-dispondra-de-casi-1500-millones-para-fomentar-produccion-agricola","status":"publish","type":"post","link":"https:\/\/eltrabajo.cl\/portal\/indap-dispondra-de-casi-1500-millones-para-fomentar-produccion-agricola\/","title":{"rendered":"Indap dispondr\u00e1 de casi $1500 millones para fomentar producci\u00f3n agr\u00edcola"},"content":{"rendered":"<figure id=\"attachment_68199\" aria-describedby=\"caption-attachment-68199\" style=\"width: 300px\" class=\"wp-caption alignleft\"><a href=\"http:\/\/www.eltrabajo.cl\/portal\/indap-dispondra-de-casi-1500-millones-para-fomentar-produccion-agricola\/foto-1-gobernador-de-la-provincia-de-san-felipe-eduardo-leon-2\/\" rel=\"attachment wp-att-68199\"><img data-recalc-dims=\"1\" loading=\"lazy\" decoding=\"async\" class=\"size-medium wp-image-68199\" src=\"https:\/\/i0.wp.com\/www.eltrabajo.cl\/portal\/wp-content\/uploads\/2016\/03\/Foto-1-GOBERNADOR-DE-LA-PROVINCIA-DE-SAN-FELIPE-EDUARDO-LEON-300x197.jpg?resize=300%2C197\" alt=\"Gobernador de la provincia de San Felipe, Eduardo Le\u00f3n.\" width=\"300\" height=\"197\" srcset=\"https:\/\/i0.wp.com\/eltrabajo.cl\/portal\/wp-content\/uploads\/2016\/03\/Foto-1-GOBERNADOR-DE-LA-PROVINCIA-DE-SAN-FELIPE-EDUARDO-LEON.jpg?resize=300%2C197&amp;ssl=1 300w, https:\/\/i0.wp.com\/eltrabajo.cl\/portal\/wp-content\/uploads\/2016\/03\/Foto-1-GOBERNADOR-DE-LA-PROVINCIA-DE-SAN-FELIPE-EDUARDO-LEON.jpg?resize=200%2C131&amp;ssl=1 200w, https:\/\/i0.wp.com\/eltrabajo.cl\/portal\/wp-content\/uploads\/2016\/03\/Foto-1-GOBERNADOR-DE-LA-PROVINCIA-DE-SAN-FELIPE-EDUARDO-LEON.jpg?resize=228%2C150&amp;ssl=1 228w, https:\/\/i0.wp.com\/eltrabajo.cl\/portal\/wp-content\/uploads\/2016\/03\/Foto-1-GOBERNADOR-DE-LA-PROVINCIA-DE-SAN-FELIPE-EDUARDO-LEON.jpg?resize=400%2C263&amp;ssl=1 400w, https:\/\/i0.wp.com\/eltrabajo.cl\/portal\/wp-content\/uploads\/2016\/03\/Foto-1-GOBERNADOR-DE-LA-PROVINCIA-DE-SAN-FELIPE-EDUARDO-LEON.jpg?w=530&amp;ssl=1 530w\" sizes=\"auto, (max-width: 300px) 100vw, 300px\" \/><\/a><figcaption id=\"caption-attachment-68199\" class=\"wp-caption-text\">Gobernador de la provincia de San Felipe, Eduardo Le\u00f3n.<\/figcaption><\/figure>\n<p><strong>S\u00f3lo en la Provincia de San Felipe:<\/strong><br \/>\nRecursos beneficiar\u00e1n a 1260 familias de la zona a trav\u00e9s del Programa de Desarrollo Local, Prodesal, v\u00ednculo entre el organismo gubernamental y los municipios.<br \/>\nDentro de las medidas especiales que se han dispuesto por parte del Gobierno Regional para hacer frente a las consecuencias que dej\u00f3 la sequ\u00eda que azot\u00f3 al Valle de Aconcagua durante los \u00faltimos a\u00f1os, el Instituto Nacional de Desarrollo Agropecuario, Indap, contar\u00e1 durante el 2016 con un presupuesto de casi 1.500 millones de pesos, destinados a promover el desarrollo productivo de m\u00e1s de 2 mil usuarios de la zona.<br \/>\nLa utilizaci\u00f3n de estos recursos se har\u00e1 efectiva a trav\u00e9s de las distintas instancias que funcionan en el \u00e1rea agr\u00edcola, como por ejemplo, el Programa de Desarrollo Local, Prodesal, el cual, es un convenio entre Indap y los municipios y que actualmente agrupa a unas 1260 familias rurales en la Provincia de San Felipe.<\/p>\n<figure id=\"attachment_68201\" aria-describedby=\"caption-attachment-68201\" style=\"width: 300px\" class=\"wp-caption alignleft\"><a href=\"http:\/\/www.eltrabajo.cl\/portal\/indap-dispondra-de-casi-1500-millones-para-fomentar-produccion-agricola\/foto-3-director-regional-de-indap-valparaiso-helmuth-hinrichsen\/\" rel=\"attachment wp-att-68201\"><img data-recalc-dims=\"1\" loading=\"lazy\" decoding=\"async\" class=\"size-medium wp-image-68201\" src=\"https:\/\/i0.wp.com\/www.eltrabajo.cl\/portal\/wp-content\/uploads\/2016\/03\/FOTO-3-DIRECTOR-REGIONAL-DE-INDAP-VALPARAISO-Helmuth-Hinrichsen-300x197.jpg?resize=300%2C197\" alt=\"Director regional de Indap Valpara\u00edso, Helmuth Hinrichsen.\" width=\"300\" height=\"197\" srcset=\"https:\/\/i0.wp.com\/eltrabajo.cl\/portal\/wp-content\/uploads\/2016\/03\/FOTO-3-DIRECTOR-REGIONAL-DE-INDAP-VALPARAISO-Helmuth-Hinrichsen.jpg?resize=300%2C197&amp;ssl=1 300w, https:\/\/i0.wp.com\/eltrabajo.cl\/portal\/wp-content\/uploads\/2016\/03\/FOTO-3-DIRECTOR-REGIONAL-DE-INDAP-VALPARAISO-Helmuth-Hinrichsen.jpg?resize=200%2C131&amp;ssl=1 200w, https:\/\/i0.wp.com\/eltrabajo.cl\/portal\/wp-content\/uploads\/2016\/03\/FOTO-3-DIRECTOR-REGIONAL-DE-INDAP-VALPARAISO-Helmuth-Hinrichsen.jpg?resize=228%2C150&amp;ssl=1 228w, https:\/\/i0.wp.com\/eltrabajo.cl\/portal\/wp-content\/uploads\/2016\/03\/FOTO-3-DIRECTOR-REGIONAL-DE-INDAP-VALPARAISO-Helmuth-Hinrichsen.jpg?resize=400%2C263&amp;ssl=1 400w, https:\/\/i0.wp.com\/eltrabajo.cl\/portal\/wp-content\/uploads\/2016\/03\/FOTO-3-DIRECTOR-REGIONAL-DE-INDAP-VALPARAISO-Helmuth-Hinrichsen.jpg?w=530&amp;ssl=1 530w\" sizes=\"auto, (max-width: 300px) 100vw, 300px\" \/><\/a><figcaption id=\"caption-attachment-68201\" class=\"wp-caption-text\">Director regional de Indap Valpara\u00edso, Helmuth Hinrichsen.<\/figcaption><\/figure>\n<p>En este \u00e1mbito, el director regional de Indap, Helmuth Hinrichsen, puntualiz\u00f3 que \u201ces muy importante la alianza con los municipios que trabajan con Prodesal, nosotros queremos fomentar los circuitos cortos, que los productores vendan directamente al p\u00fablico, para que \u00e9ste pueda asegurarse de que el elemento est\u00e1 siendo asesorado t\u00e9cnicamente, de tal manera que se enfrente a un producto limpio del cual se conoce su origen\u201d, apunt\u00f3.<br \/>\nAs\u00ed mismo, Hinrichsen afirm\u00f3 que un instrumento v\u00e1lido para incentivar la relaci\u00f3n comercial entre los agricultores y el consumidor son las ferias, ya que puedan establecerse en las mismas comunas, donde lo permisos los otorgan los municipios, por lo que hizo un llamado a los alcaldes diciendo que \u201cnosotros los vamos a felicitar con letras doradas, muchos ya han aprendido estas iniciativas de tener ferias fijas una vez a la semana, donde se presenten los agricultores nuestros con sus productos directamente al p\u00fablico\u201d, recalc\u00f3.<br \/>\nEl personero, puso \u00e9nfasis en lo complicado que se presenta el 2016 para el pa\u00eds en t\u00e9rminos presupuestarios, hecho que le otorga mayor relevancia a los recursos que se han destinado para la Provincia de San Felipe y cuya l\u00ednea de uso y ejecuci\u00f3n ya est\u00e1 destinada hacia el tema hidrol\u00f3gico, a los denominados circuitos cortos y a otros \u00edtems de relevancia.<br \/>\n\u201cHay una nueva l\u00ednea de cr\u00e9dito que est\u00e1 implementando Indap, para las mujeres y j\u00f3venes menores de 35 a\u00f1os, con garant\u00edas especiales en t\u00e9rminos que no tienen los requerimientos que tienen los cr\u00e9ditos normales, justamente para favorecer la inclusi\u00f3n de la mujer y promover un recambio generacional en la agricultura campesina\u201d, asever\u00f3 el profesional.<br \/>\nOtro de los puntos en los que asegura Hinrichsen hay que trabajar fuerte, son los proyectos relacionados con situaciones cr\u00edticas como el tema hidrol\u00f3gico y organizaci\u00f3n, asegurando que \u201ccreemos que a los agricultores les falta mucho organizarse, los grandes est\u00e1n organizados pero los m\u00e1s peque\u00f1os a\u00fan no y es ah\u00ed donde queremos apoyarlos, no solamente en el riego sino que tambi\u00e9n en las cooperativas, tenemos dos cooperativas nuevas en la regi\u00f3n: una para la Qu\u00ednoa en la Provincia de Petorca y otra de j\u00f3venes para trabajar la agricultura org\u00e1nica, queremos m\u00e1s organizaci\u00f3n para sacar adelante a los agricultores de la provincia\u201d, enfatiz\u00f3.<\/p>\n<figure id=\"attachment_68200\" aria-describedby=\"caption-attachment-68200\" style=\"width: 300px\" class=\"wp-caption alignleft\"><a href=\"http:\/\/www.eltrabajo.cl\/portal\/indap-dispondra-de-casi-1500-millones-para-fomentar-produccion-agricola\/foto-2-seremi-de-agricultura-region-de-valparaiso-ricardo-astorga-olivares\/\" rel=\"attachment wp-att-68200\"><img data-recalc-dims=\"1\" loading=\"lazy\" decoding=\"async\" class=\"size-medium wp-image-68200\" src=\"https:\/\/i0.wp.com\/www.eltrabajo.cl\/portal\/wp-content\/uploads\/2016\/03\/FOTO-2-SEREMI-DE-AGRICULTURA-REGION-DE-VALPARAISO-RICARDO-ASTORGA-OLIVARES-300x198.jpg?resize=300%2C198\" alt=\"Seremi de agricultura Regi\u00f3n de Valpara\u00edso, Ricardo Astorga Olivares.\" width=\"300\" height=\"198\" srcset=\"https:\/\/i0.wp.com\/eltrabajo.cl\/portal\/wp-content\/uploads\/2016\/03\/FOTO-2-SEREMI-DE-AGRICULTURA-REGION-DE-VALPARAISO-RICARDO-ASTORGA-OLIVARES.jpg?resize=300%2C198&amp;ssl=1 300w, https:\/\/i0.wp.com\/eltrabajo.cl\/portal\/wp-content\/uploads\/2016\/03\/FOTO-2-SEREMI-DE-AGRICULTURA-REGION-DE-VALPARAISO-RICARDO-ASTORGA-OLIVARES.jpg?resize=200%2C132&amp;ssl=1 200w, https:\/\/i0.wp.com\/eltrabajo.cl\/portal\/wp-content\/uploads\/2016\/03\/FOTO-2-SEREMI-DE-AGRICULTURA-REGION-DE-VALPARAISO-RICARDO-ASTORGA-OLIVARES.jpg?resize=227%2C150&amp;ssl=1 227w, https:\/\/i0.wp.com\/eltrabajo.cl\/portal\/wp-content\/uploads\/2016\/03\/FOTO-2-SEREMI-DE-AGRICULTURA-REGION-DE-VALPARAISO-RICARDO-ASTORGA-OLIVARES.jpg?resize=400%2C264&amp;ssl=1 400w, https:\/\/i0.wp.com\/eltrabajo.cl\/portal\/wp-content\/uploads\/2016\/03\/FOTO-2-SEREMI-DE-AGRICULTURA-REGION-DE-VALPARAISO-RICARDO-ASTORGA-OLIVARES.jpg?w=530&amp;ssl=1 530w\" sizes=\"auto, (max-width: 300px) 100vw, 300px\" \/><\/a><figcaption id=\"caption-attachment-68200\" class=\"wp-caption-text\">Seremi de agricultura Regi\u00f3n de Valpara\u00edso, Ricardo Astorga Olivares.<\/figcaption><\/figure>\n<p>Por su parte, el Seremi de Agricultura de la Regi\u00f3n de Valpara\u00edso, Ricardo Astorga Olivares, afirm\u00f3 que actualmente existen dos l\u00edneas de acci\u00f3n en las que se quiere enfocar el Ministerio de Agricultura. Una de ellas es mantener la articulaci\u00f3n permanente, tanto con los municipios como en este caso con la Gobernaci\u00f3n de San Felipe y con otros Servicios. A la vez, -seg\u00fan dijo Astorga- el tema h\u00eddrico sigue siendo prioridad para el Gobierno y las autoridades regionales, por lo tanto, \u201ces importante dar tranquilidad y la seguridad a los agricultores sobre todo a los de la agricultura familiar campesina, de que nosotros vamos a estar siempre, poni\u00e9ndonos en el lugar de la estrechez h\u00eddrica que hemos vivido por tantos a\u00f1os, que seguimos viviendo y que no vamos a dejar de trabajar en ese sentido\u201d, plante\u00f3<br \/>\nFinalmente, el Gobernador de San Felipe, Eduardo Le\u00f3n, destac\u00f3 la relevancia de la agricultura rural campesina en la Provincia, mencionando que \u201cpara nosotros es fundamental el apoyo a nuestros agricultores, efectivamente hay m\u00e1s de 1400 millones de pesos para todas las usuarias y los usuarios de Indap, que son m\u00e1s de 2 mil, incluyendo a los grupos pertenecientes a Prodesal, as\u00ed que nosotros queremos este a\u00f1o poner \u00e9nfasis en el desarrollo productivo, es importante activar todos los emprendimientos y capacidades de nuestra Provincia\u201d, sostuvo.<br \/>\nPara postular a los recursos que dispondr\u00e1 Indap, se debe estar acreditado como usuario del organismo gubernamental. Quien no lo est\u00e9, debe cumplir con algunos requisitos: ser propietario, mediero o arrendatario del sitio a explotar, no tener un patrimonio superior a las 3.800 UF y que los ingresos provengan fundamentalmente de la producci\u00f3n del predio.<br \/>\n\u201cSi cumple las condiciones, se visita en terreno, se llena un formulario y queda acreditado y eso le da acceso a optar a los cr\u00e9ditos y beneficios que el Indap tiene para ayudar al peque\u00f1o productor. No se certifica a quienes tengan la agricultura como hobby o el parr\u00f3n para comerse un asado con los amigos y que sea concesionario de un servicentro, nosotros atendemos al peque\u00f1o productor, al que necesita que lo tomen de la mano para sacarlo adelante\u2026 Chile no es Chile sin los campesinos\u201d, concluy\u00f3 Helmuth Hinrichsen<\/p>\n","protected":false},"excerpt":{"rendered":"<p>S\u00f3lo en la Provincia de San Felipe: Recursos beneficiar\u00e1n a 1260 familias de la zona a trav\u00e9s del Programa de Desarrollo Local, Prodesal, v\u00ednculo entre el organismo gubernamental y los municipios. Dentro&#8230;<\/p>\n","protected":false},"author":1,"featured_media":68201,"comment_status":"open","ping_status":"open","sticky":false,"template":"","format":"standard","meta":{"advanced_seo_description":"","jetpack_seo_html_title":"","jetpack_seo_noindex":false,"_jetpack_memberships_contains_paid_content":false,"footnotes":""},"categories":[1],"tags":[],"class_list":["post-68198","post","type-post","status-publish","format-standard","has-post-thumbnail","hentry","category-cronica"],"jetpack_featured_media_url":"https:\/\/i0.wp.com\/eltrabajo.cl\/portal\/wp-content\/uploads\/2016\/03\/FOTO-3-DIRECTOR-REGIONAL-DE-INDAP-VALPARAISO-Helmuth-Hinrichsen.jpg?fit=530%2C348&ssl=1","jetpack_sharing_enabled":true,"jetpack_likes_enabled":true,"jetpack-related-posts":[],"_links":{"self":[{"href":"https:\/\/eltrabajo.cl\/portal\/wp-json\/wp\/v2\/posts\/68198","targetHints":{"allow":["GET"]}}],"collection":[{"href":"https:\/\/eltrabajo.cl\/portal\/wp-json\/wp\/v2\/posts"}],"about":[{"href":"https:\/\/eltrabajo.cl\/portal\/wp-json\/wp\/v2\/types\/post"}],"author":[{"embeddable":true,"href":"https:\/\/eltrabajo.cl\/portal\/wp-json\/wp\/v2\/users\/1"}],"replies":[{"embeddable":true,"href":"https:\/\/eltrabajo.cl\/portal\/wp-json\/wp\/v2\/comments?post=68198"}],"version-history":[{"count":0,"href":"https:\/\/eltrabajo.cl\/portal\/wp-json\/wp\/v2\/posts\/68198\/revisions"}],"wp:featuredmedia":[{"embeddable":true,"href":"https:\/\/eltrabajo.cl\/portal\/wp-json\/wp\/v2\/media\/68201"}],"wp:attachment":[{"href":"https:\/\/eltrabajo.cl\/portal\/wp-json\/wp\/v2\/media?parent=68198"}],"wp:term":[{"taxonomy":"category","embeddable":true,"href":"https:\/\/eltrabajo.cl\/portal\/wp-json\/wp\/v2\/categories?post=68198"},{"taxonomy":"post_tag","embeddable":true,"href":"https:\/\/eltrabajo.cl\/portal\/wp-json\/wp\/v2\/tags?post=68198"}],"curies":[{"name":"wp","href":"https:\/\/api.w.org\/{rel}","templated":true}]}}