{"id":68204,"date":"2016-03-30T06:26:29","date_gmt":"2016-03-30T09:26:29","guid":{"rendered":"http:\/\/www.eltrabajo.cl\/portal\/?p=68204"},"modified":"2016-03-30T06:26:29","modified_gmt":"2016-03-30T09:26:29","slug":"escuela-mateo-cokljat-sigue-fortaleciendo-el-desarrollo-de-sus-alumnos-en-el-aula","status":"publish","type":"post","link":"https:\/\/eltrabajo.cl\/portal\/escuela-mateo-cokljat-sigue-fortaleciendo-el-desarrollo-de-sus-alumnos-en-el-aula\/","title":{"rendered":"Escuela Mateo Cokljat sigue fortaleciendo el desarrollo de sus alumnos en el aula"},"content":{"rendered":"<figure id=\"attachment_68205\" aria-describedby=\"caption-attachment-68205\" style=\"width: 530px\" class=\"wp-caption alignleft\"><a href=\"http:\/\/www.eltrabajo.cl\/portal\/escuela-mateo-cokljat-sigue-fortaleciendo-el-desarrollo-de-sus-alumnos-en-el-aula\/biblioteca-2\/\" rel=\"attachment wp-att-68205\"><img data-recalc-dims=\"1\" loading=\"lazy\" decoding=\"async\" class=\"size-full wp-image-68205\" src=\"https:\/\/i0.wp.com\/www.eltrabajo.cl\/portal\/wp-content\/uploads\/2016\/03\/biblioteca.jpg?resize=530%2C349\" alt=\"La escuela implement\u00f3 el proyecto de la biblioteca CRA, que permite fortalecer el h\u00e1bito de la lectura en los estudiantes y tambi\u00e9n sirve como apoyo a los profesores. \" width=\"530\" height=\"349\" srcset=\"https:\/\/i0.wp.com\/eltrabajo.cl\/portal\/wp-content\/uploads\/2016\/03\/biblioteca.jpg?w=530&amp;ssl=1 530w, https:\/\/i0.wp.com\/eltrabajo.cl\/portal\/wp-content\/uploads\/2016\/03\/biblioteca.jpg?resize=200%2C132&amp;ssl=1 200w, https:\/\/i0.wp.com\/eltrabajo.cl\/portal\/wp-content\/uploads\/2016\/03\/biblioteca.jpg?resize=300%2C198&amp;ssl=1 300w, https:\/\/i0.wp.com\/eltrabajo.cl\/portal\/wp-content\/uploads\/2016\/03\/biblioteca.jpg?resize=228%2C150&amp;ssl=1 228w, https:\/\/i0.wp.com\/eltrabajo.cl\/portal\/wp-content\/uploads\/2016\/03\/biblioteca.jpg?resize=400%2C263&amp;ssl=1 400w\" sizes=\"auto, (max-width: 530px) 100vw, 530px\" \/><\/a><figcaption id=\"caption-attachment-68205\" class=\"wp-caption-text\">La escuela implement\u00f3 el proyecto de la biblioteca CRA, que permite fortalecer el h\u00e1bito de la lectura en los estudiantes y tambi\u00e9n sirve como apoyo a los profesores.<\/figcaption><\/figure>\n<p>Con la finalidad de presentar una alternativa atractiva de educaci\u00f3n para miles de familias es que los establecimientos educacionales del sector rural vienen realizando un trabajo sostenido en distintas \u00e1reas.<br \/>\nUno de ellos, el que ha sido destacado a nivel nacional por los buenos resultados obtenidos en las mediciones Simce, es la Escuela Mateo Cokljat, establecimiento ubicado en el sector de Tierras Blancas, que sigue en la misma senda, y que se potencia con mejoras en infraestructura y fortalecimiento del curr\u00edculum.<br \/>\nEn este contexto, el apoyo desde el Municipio y la Daem son un factor clave para la obtenci\u00f3n de los buenos resultados, siguiendo la l\u00ednea de acompa\u00f1amiento y fortalecimiento a la educaci\u00f3n municipal establecida por el alcalde Patricio Freire, buscando que cada alumno se desarrolle en espacios c\u00f3modos, seguros y con el personal adecuado para esta labor.<br \/>\nMarcia Endara, directora del establecimiento, destac\u00f3 las potencialidades de la escuela, y el trabajo constante que ah\u00ed se desarrolla, sosteniendo que \u201ccontinuamos desarrollando desde hace mucho tiempo una l\u00ednea de trabajo, resaltando el liderazgo participativo, en donde todo el mundo tiene un rol muy importante que cumplir. Respecto de los recursos tambi\u00e9n hemos avanzado para conseguir una buena educaci\u00f3n en nuestros ni\u00f1os y ni\u00f1as, que les permita desarrollarse como personas aut\u00f3nomas, creativas, que tenga una trascendencia en sus vidas, lo que nos ha llevado a ser felicitados por la Superintendencia de Educaci\u00f3n por la prolijidad de la labor, lo que nos tiene muy contentos\u201d.<br \/>\nSeg\u00fan explic\u00f3 la directora, al interior del establecimiento se est\u00e1n desarrollando dos proyectos, como son el desarrollo de las actividades cognitivas de k\u00ednder a octavo, y la biblioteca CRA, que permite fortalecer el h\u00e1bito de la lectura, la que fue obtenida por fondos SEP con un monto de 14 millones de pesos. \u201cCon la particularidad que tambi\u00e9n es la biblioteca para el profesor, porque el docente debe instruirse, estudiar, y para eso tiene sus libros, computador, factor clave para el desarrollo de su trabajo\u201d, sostuvo la Endara.<br \/>\nY se\u00f1al\u00f3 adem\u00e1s que este a\u00f1o comenzar\u00e1 a funcionar la sala de Ciencias, con un moderno laboratorio, tambi\u00e9n obtenido con fondos SEP, a lo que se sumar\u00e1 el trabajo en el huerto escolar, con la participaci\u00f3n directa de los apoderados.<\/p>\n<figure id=\"attachment_68206\" aria-describedby=\"caption-attachment-68206\" style=\"width: 530px\" class=\"wp-caption alignleft\"><a href=\"http:\/\/www.eltrabajo.cl\/portal\/escuela-mateo-cokljat-sigue-fortaleciendo-el-desarrollo-de-sus-alumnos-en-el-aula\/sala-de-ciencias\/\" rel=\"attachment wp-att-68206\"><img data-recalc-dims=\"1\" loading=\"lazy\" decoding=\"async\" class=\"size-full wp-image-68206\" src=\"https:\/\/i0.wp.com\/www.eltrabajo.cl\/portal\/wp-content\/uploads\/2016\/03\/sala-de-ciencias.jpg?resize=530%2C350\" alt=\"Este a\u00f1o comenzar\u00e1 a funcionar esta sala de ciencias que tiene un moderno laboratorio.\" width=\"530\" height=\"350\" srcset=\"https:\/\/i0.wp.com\/eltrabajo.cl\/portal\/wp-content\/uploads\/2016\/03\/sala-de-ciencias.jpg?w=530&amp;ssl=1 530w, https:\/\/i0.wp.com\/eltrabajo.cl\/portal\/wp-content\/uploads\/2016\/03\/sala-de-ciencias.jpg?resize=200%2C132&amp;ssl=1 200w, https:\/\/i0.wp.com\/eltrabajo.cl\/portal\/wp-content\/uploads\/2016\/03\/sala-de-ciencias.jpg?resize=300%2C198&amp;ssl=1 300w, https:\/\/i0.wp.com\/eltrabajo.cl\/portal\/wp-content\/uploads\/2016\/03\/sala-de-ciencias.jpg?resize=227%2C150&amp;ssl=1 227w, https:\/\/i0.wp.com\/eltrabajo.cl\/portal\/wp-content\/uploads\/2016\/03\/sala-de-ciencias.jpg?resize=400%2C264&amp;ssl=1 400w\" sizes=\"auto, (max-width: 530px) 100vw, 530px\" \/><\/a><figcaption id=\"caption-attachment-68206\" class=\"wp-caption-text\">Este a\u00f1o comenzar\u00e1 a funcionar esta sala de ciencias que tiene un moderno laboratorio.<\/figcaption><\/figure>\n","protected":false},"excerpt":{"rendered":"<p>Con la finalidad de presentar una alternativa atractiva de educaci\u00f3n para miles de familias es que los establecimientos educacionales del sector rural vienen realizando un trabajo sostenido en distintas \u00e1reas. Uno de&#8230;<\/p>\n","protected":false},"author":1,"featured_media":68206,"comment_status":"open","ping_status":"open","sticky":false,"template":"","format":"standard","meta":{"advanced_seo_description":"","jetpack_seo_html_title":"","jetpack_seo_noindex":false,"_jetpack_memberships_contains_paid_content":false,"footnotes":""},"categories":[15],"tags":[],"class_list":["post-68204","post","type-post","status-publish","format-standard","has-post-thumbnail","hentry","category-comunidad"],"jetpack_featured_media_url":"https:\/\/i0.wp.com\/eltrabajo.cl\/portal\/wp-content\/uploads\/2016\/03\/sala-de-ciencias.jpg?fit=530%2C350&ssl=1","jetpack_sharing_enabled":true,"jetpack_likes_enabled":true,"jetpack-related-posts":[],"_links":{"self":[{"href":"https:\/\/eltrabajo.cl\/portal\/wp-json\/wp\/v2\/posts\/68204","targetHints":{"allow":["GET"]}}],"collection":[{"href":"https:\/\/eltrabajo.cl\/portal\/wp-json\/wp\/v2\/posts"}],"about":[{"href":"https:\/\/eltrabajo.cl\/portal\/wp-json\/wp\/v2\/types\/post"}],"author":[{"embeddable":true,"href":"https:\/\/eltrabajo.cl\/portal\/wp-json\/wp\/v2\/users\/1"}],"replies":[{"embeddable":true,"href":"https:\/\/eltrabajo.cl\/portal\/wp-json\/wp\/v2\/comments?post=68204"}],"version-history":[{"count":0,"href":"https:\/\/eltrabajo.cl\/portal\/wp-json\/wp\/v2\/posts\/68204\/revisions"}],"wp:featuredmedia":[{"embeddable":true,"href":"https:\/\/eltrabajo.cl\/portal\/wp-json\/wp\/v2\/media\/68206"}],"wp:attachment":[{"href":"https:\/\/eltrabajo.cl\/portal\/wp-json\/wp\/v2\/media?parent=68204"}],"wp:term":[{"taxonomy":"category","embeddable":true,"href":"https:\/\/eltrabajo.cl\/portal\/wp-json\/wp\/v2\/categories?post=68204"},{"taxonomy":"post_tag","embeddable":true,"href":"https:\/\/eltrabajo.cl\/portal\/wp-json\/wp\/v2\/tags?post=68204"}],"curies":[{"name":"wp","href":"https:\/\/api.w.org\/{rel}","templated":true}]}}