{"id":68214,"date":"2016-03-30T06:48:46","date_gmt":"2016-03-30T09:48:46","guid":{"rendered":"http:\/\/www.eltrabajo.cl\/portal\/?p=68214"},"modified":"2016-03-30T06:48:46","modified_gmt":"2016-03-30T09:48:46","slug":"peques-vacunados-contra-influenza-en-escuela-de-tierras-blancas","status":"publish","type":"post","link":"https:\/\/eltrabajo.cl\/portal\/peques-vacunados-contra-influenza-en-escuela-de-tierras-blancas\/","title":{"rendered":"Peques vacunados contra Influenza en escuela de Tierras Blancas"},"content":{"rendered":"<p><strong>Hoy vacunar\u00e1n en la Escuela Carmela Carvajal:<\/strong><br \/>\nContin\u00faa la campa\u00f1a provincial de vacunaci\u00f3n contra la Influenza en los centros educativos de nuestra comuna, ayer martes correspondi\u00f3 a los estudiantes de la Escuela Mateo Cockjlat de Tierras Blancas, en donde se vacunaron varios profesores y todos aquellos peque\u00f1itos que tengan entre seis meses de vida y cinco a\u00f1os once meses y 29 d\u00edas de edad.<\/p>\n<p><strong>NI\u00d1OS TRANQUILOS<\/strong><br \/>\nPero contrario al ambiente de temor que se generaba hace algunos a\u00f1os, ahora los estudiantes est\u00e1n muy claros de lo inofensivas que estas vacunas son para ellos, ofrecen su brazo para ser vacunados y no lloran, como era com\u00fan hace un tiempo.<br \/>\n\u00abHoy estamos vacunando a estos ni\u00f1os y algunos profesores de esta escuela, es un proceso muy r\u00e1pido y este se hace una vez al a\u00f1o mientras est\u00e9n los chicos dentro de esta edad. En total son unas 2.650 personas las que recibir\u00e1n esta vacuna durante el a\u00f1o, en tanto, la campa\u00f1a de vacunaci\u00f3n escolar inici\u00f3 el 14 de marzo y finalizar\u00e1 el 30 de mayo pr\u00f3ximo, los adultos mayores en cambio, acuden a vacunarse al Cesfam Curim\u00f3n, s\u00f3lo no lo hacen aquellos que est\u00e1n postrados, a quienes atendemos en su domicilio\u00bb, coment\u00f3 a Diario El Trabajo la t\u00e9cnico param\u00e9dico Lilibeth Guajardo del Cesfam Curim\u00f3n. Seg\u00fan inform\u00f3 esta profesional, hoy mi\u00e9rcoles la jornada de vacunaci\u00f3n se realizar\u00e1 en la Escuela Carmela Carvajal.<\/p>\n<p><strong>MUY VALIENTES<\/strong><br \/>\nNuestro medio habl\u00f3 tambi\u00e9n con varios de los ni\u00f1os vacunados, ellos estaban m\u00e1s bien contentos de esta \u2018haza\u00f1a\u2019 personal, y recorr\u00edan la escuela mostrando a sus compa\u00f1eritos el algod\u00f3n en su brazo, marca ineludible de valent\u00eda.<br \/>\nIsidora Lazo Guajardo: \u00abNo me dio miedo, mami me explic\u00f3 que es para que yo no me enferme, y soy muy valiente\u00bb.<br \/>\nCrist\u00f3bal D\u00edaz: \u00abYo tambi\u00e9n me vacun\u00e9, no me doli\u00f3, ahora ser\u00e9 muy fuerte con esa vacuna\u00bb.<br \/>\n<strong>Roberto Gonz\u00e1lez Short<\/strong><br \/>\n<strong>rgonzalez@eltrabajo.cl<\/strong><\/p>\n<div class=\"tiled-gallery type-rectangular tiled-gallery-unresized\" data-original-width=\"640\" data-carousel-extra='null' itemscope itemtype=\"http:\/\/schema.org\/ImageGallery\" > <div class=\"gallery-row\" style=\"width: 640px; height: 283px;\" data-original-width=\"640\" data-original-height=\"283\" > <div class=\"gallery-group images-1\" style=\"width: 427px; height: 283px;\" data-original-width=\"427\" data-original-height=\"283\" > <div class=\"tiled-gallery-item tiled-gallery-item-large\" itemprop=\"associatedMedia\" itemscope itemtype=\"http:\/\/schema.org\/ImageObject\"> <a href=\"https:\/\/eltrabajo.cl\/portal\/peques-vacunados-contra-influenza-en-escuela-de-tierras-blancas\/isidora-lazo\/\" border=\"0\" itemprop=\"url\"> <meta itemprop=\"width\" content=\"423\"> <meta itemprop=\"height\" content=\"279\"> <img decoding=\"async\" class=\"\" data-attachment-id=\"68218\" data-orig-file=\"https:\/\/eltrabajo.cl\/portal\/wp-content\/uploads\/2016\/03\/Isidora-Lazo.jpg\" data-orig-size=\"530,350\" data-comments-opened=\"1\" data-image-meta=\"{&quot;aperture&quot;:&quot;0&quot;,&quot;credit&quot;:&quot;&quot;,&quot;camera&quot;:&quot;&quot;,&quot;caption&quot;:&quot;&quot;,&quot;created_timestamp&quot;:&quot;0&quot;,&quot;copyright&quot;:&quot;&quot;,&quot;focal_length&quot;:&quot;0&quot;,&quot;iso&quot;:&quot;0&quot;,&quot;shutter_speed&quot;:&quot;0&quot;,&quot;title&quot;:&quot;&quot;,&quot;orientation&quot;:&quot;0&quot;}\" data-image-title=\"Isidora Lazo, ni\u00f1ita que tambi\u00e9n pas\u00f3 la prueba de la aguja.\" data-image-description=\"&lt;p&gt;Isidora Lazo, ni\u00f1ita que tambi\u00e9n pas\u00f3 la prueba de la aguja.&lt;\/p&gt; \" data-medium-file=\"https:\/\/i0.wp.com\/eltrabajo.cl\/portal\/wp-content\/uploads\/2016\/03\/Isidora-Lazo.jpg?fit=300%2C198&#038;ssl=1\" data-large-file=\"https:\/\/i0.wp.com\/eltrabajo.cl\/portal\/wp-content\/uploads\/2016\/03\/Isidora-Lazo.jpg?fit=530%2C350&#038;ssl=1\" src=\"https:\/\/i0.wp.com\/eltrabajo.cl\/portal\/wp-content\/uploads\/2016\/03\/Isidora-Lazo.jpg?w=423&#038;h=279&#038;ssl=1\" srcset=\"https:\/\/i0.wp.com\/eltrabajo.cl\/portal\/wp-content\/uploads\/2016\/03\/Isidora-Lazo.jpg?w=530&amp;ssl=1 530w, https:\/\/i0.wp.com\/eltrabajo.cl\/portal\/wp-content\/uploads\/2016\/03\/Isidora-Lazo.jpg?resize=200%2C132&amp;ssl=1 200w, https:\/\/i0.wp.com\/eltrabajo.cl\/portal\/wp-content\/uploads\/2016\/03\/Isidora-Lazo.jpg?resize=300%2C198&amp;ssl=1 300w, https:\/\/i0.wp.com\/eltrabajo.cl\/portal\/wp-content\/uploads\/2016\/03\/Isidora-Lazo.jpg?resize=227%2C150&amp;ssl=1 227w, https:\/\/i0.wp.com\/eltrabajo.cl\/portal\/wp-content\/uploads\/2016\/03\/Isidora-Lazo.jpg?resize=400%2C264&amp;ssl=1 400w\" width=\"423\" height=\"279\" loading=\"lazy\" data-original-width=\"423\" data-original-height=\"279\" itemprop=\"http:\/\/schema.org\/image\" title=\"Isidora Lazo, ni\u00f1ita que tambi\u00e9n pas\u00f3 la prueba de la aguja.\" alt=\"Isidora Lazo, ni\u00f1ita que tambi\u00e9n pas\u00f3 la prueba de la aguja.\" style=\"width: 423px; height: 279px;\" \/> <\/a> <div class=\"tiled-gallery-caption\" itemprop=\"caption description\"> Isidora Lazo, ni\u00f1ita que tambi\u00e9n pas\u00f3 la prueba de la aguja. <\/div> <\/div> <\/div> <!-- close group --> <div class=\"gallery-group images-2\" style=\"width: 213px; height: 283px;\" data-original-width=\"213\" data-original-height=\"283\" > <div class=\"tiled-gallery-item tiled-gallery-item-small\" itemprop=\"associatedMedia\" itemscope itemtype=\"http:\/\/schema.org\/ImageObject\"> <a href=\"https:\/\/eltrabajo.cl\/portal\/peques-vacunados-contra-influenza-en-escuela-de-tierras-blancas\/lilibeth-guajardo\/\" border=\"0\" itemprop=\"url\"> <meta itemprop=\"width\" content=\"209\"> <meta itemprop=\"height\" content=\"137\"> <img decoding=\"async\" class=\"\" data-attachment-id=\"68219\" data-orig-file=\"https:\/\/eltrabajo.cl\/portal\/wp-content\/uploads\/2016\/03\/Lilibeth-Guajardo.jpg\" data-orig-size=\"530,348\" data-comments-opened=\"1\" data-image-meta=\"{&quot;aperture&quot;:&quot;0&quot;,&quot;credit&quot;:&quot;&quot;,&quot;camera&quot;:&quot;&quot;,&quot;caption&quot;:&quot;&quot;,&quot;created_timestamp&quot;:&quot;0&quot;,&quot;copyright&quot;:&quot;&quot;,&quot;focal_length&quot;:&quot;0&quot;,&quot;iso&quot;:&quot;0&quot;,&quot;shutter_speed&quot;:&quot;0&quot;,&quot;title&quot;:&quot;&quot;,&quot;orientation&quot;:&quot;0&quot;}\" data-image-title=\"Lilibeth Guajardo, t\u00e9cnico param\u00e9dico que particip\u00f3 en esta jornada escolar de vacunaci\u00f3n.\" data-image-description=\"&lt;p&gt;Lilibeth Guajardo, t\u00e9cnico param\u00e9dico que particip\u00f3 en esta jornada escolar de vacunaci\u00f3n.&lt;\/p&gt; \" data-medium-file=\"https:\/\/i0.wp.com\/eltrabajo.cl\/portal\/wp-content\/uploads\/2016\/03\/Lilibeth-Guajardo.jpg?fit=300%2C197&#038;ssl=1\" data-large-file=\"https:\/\/i0.wp.com\/eltrabajo.cl\/portal\/wp-content\/uploads\/2016\/03\/Lilibeth-Guajardo.jpg?fit=530%2C348&#038;ssl=1\" src=\"https:\/\/i0.wp.com\/eltrabajo.cl\/portal\/wp-content\/uploads\/2016\/03\/Lilibeth-Guajardo.jpg?w=209&#038;h=137&#038;ssl=1\" srcset=\"https:\/\/i0.wp.com\/eltrabajo.cl\/portal\/wp-content\/uploads\/2016\/03\/Lilibeth-Guajardo.jpg?w=530&amp;ssl=1 530w, https:\/\/i0.wp.com\/eltrabajo.cl\/portal\/wp-content\/uploads\/2016\/03\/Lilibeth-Guajardo.jpg?resize=200%2C131&amp;ssl=1 200w, https:\/\/i0.wp.com\/eltrabajo.cl\/portal\/wp-content\/uploads\/2016\/03\/Lilibeth-Guajardo.jpg?resize=300%2C197&amp;ssl=1 300w, https:\/\/i0.wp.com\/eltrabajo.cl\/portal\/wp-content\/uploads\/2016\/03\/Lilibeth-Guajardo.jpg?resize=228%2C150&amp;ssl=1 228w, https:\/\/i0.wp.com\/eltrabajo.cl\/portal\/wp-content\/uploads\/2016\/03\/Lilibeth-Guajardo.jpg?resize=400%2C263&amp;ssl=1 400w\" width=\"209\" height=\"137\" loading=\"lazy\" data-original-width=\"209\" data-original-height=\"137\" itemprop=\"http:\/\/schema.org\/image\" title=\"Lilibeth Guajardo, t\u00e9cnico param\u00e9dico que particip\u00f3 en esta jornada escolar de vacunaci\u00f3n.\" alt=\"Lilibeth Guajardo, t\u00e9cnico param\u00e9dico que particip\u00f3 en esta jornada escolar de vacunaci\u00f3n.\" style=\"width: 209px; height: 137px;\" \/> <\/a> <div class=\"tiled-gallery-caption\" itemprop=\"caption description\"> Lilibeth Guajardo, t\u00e9cnico param\u00e9dico que particip\u00f3 en esta jornada escolar de vacunaci\u00f3n. <\/div> <\/div> <div class=\"tiled-gallery-item tiled-gallery-item-small\" itemprop=\"associatedMedia\" itemscope itemtype=\"http:\/\/schema.org\/ImageObject\"> <a href=\"https:\/\/eltrabajo.cl\/portal\/peques-vacunados-contra-influenza-en-escuela-de-tierras-blancas\/espera33\/\" border=\"0\" itemprop=\"url\"> <meta itemprop=\"width\" content=\"209\"> <meta itemprop=\"height\" content=\"138\"> <img decoding=\"async\" class=\"\" data-attachment-id=\"68217\" data-orig-file=\"https:\/\/eltrabajo.cl\/portal\/wp-content\/uploads\/2016\/03\/Espera33.jpg\" data-orig-size=\"530,350\" data-comments-opened=\"1\" data-image-meta=\"{&quot;aperture&quot;:&quot;0&quot;,&quot;credit&quot;:&quot;&quot;,&quot;camera&quot;:&quot;&quot;,&quot;caption&quot;:&quot;&quot;,&quot;created_timestamp&quot;:&quot;0&quot;,&quot;copyright&quot;:&quot;&quot;,&quot;focal_length&quot;:&quot;0&quot;,&quot;iso&quot;:&quot;0&quot;,&quot;shutter_speed&quot;:&quot;0&quot;,&quot;title&quot;:&quot;&quot;,&quot;orientation&quot;:&quot;0&quot;}\" data-image-title=\"\u00bfQUI\u00c9N ES EL PR\u00d3XIMO?- Mientras, los dem\u00e1s ni\u00f1os esperaban pacientemente su turno para ser vacunados contra la Influenza.\" data-image-description=\"&lt;p&gt;\u00bfQUI\u00c9N ES EL PR\u00d3XIMO?- Mientras, los dem\u00e1s ni\u00f1os esperaban pacientemente su turno para ser vacunados contra la Influenza.&lt;\/p&gt; \" data-medium-file=\"https:\/\/i0.wp.com\/eltrabajo.cl\/portal\/wp-content\/uploads\/2016\/03\/Espera33.jpg?fit=300%2C198&#038;ssl=1\" data-large-file=\"https:\/\/i0.wp.com\/eltrabajo.cl\/portal\/wp-content\/uploads\/2016\/03\/Espera33.jpg?fit=530%2C350&#038;ssl=1\" src=\"https:\/\/i0.wp.com\/eltrabajo.cl\/portal\/wp-content\/uploads\/2016\/03\/Espera33.jpg?w=209&#038;h=138&#038;ssl=1\" srcset=\"https:\/\/i0.wp.com\/eltrabajo.cl\/portal\/wp-content\/uploads\/2016\/03\/Espera33.jpg?w=530&amp;ssl=1 530w, https:\/\/i0.wp.com\/eltrabajo.cl\/portal\/wp-content\/uploads\/2016\/03\/Espera33.jpg?resize=200%2C132&amp;ssl=1 200w, https:\/\/i0.wp.com\/eltrabajo.cl\/portal\/wp-content\/uploads\/2016\/03\/Espera33.jpg?resize=300%2C198&amp;ssl=1 300w, https:\/\/i0.wp.com\/eltrabajo.cl\/portal\/wp-content\/uploads\/2016\/03\/Espera33.jpg?resize=227%2C150&amp;ssl=1 227w, https:\/\/i0.wp.com\/eltrabajo.cl\/portal\/wp-content\/uploads\/2016\/03\/Espera33.jpg?resize=400%2C264&amp;ssl=1 400w\" width=\"209\" height=\"138\" loading=\"lazy\" data-original-width=\"209\" data-original-height=\"138\" itemprop=\"http:\/\/schema.org\/image\" title=\"\u00bfQUI\u00c9N ES EL PR\u00d3XIMO?- Mientras, los dem\u00e1s ni\u00f1os esperaban pacientemente su turno para ser vacunados contra la Influenza.\" alt=\"\u00bfQUI\u00c9N ES EL PR\u00d3XIMO?- Mientras, los dem\u00e1s ni\u00f1os esperaban pacientemente su turno para ser vacunados contra la Influenza.\" style=\"width: 209px; height: 138px;\" \/> <\/a> <div class=\"tiled-gallery-caption\" itemprop=\"caption description\"> \u00bfQUI\u00c9N ES EL PR\u00d3XIMO?- Mientras, los dem\u00e1s ni\u00f1os esperaban pacientemente su turno para ser vacunados contra la Influenza. <\/div> <\/div> <\/div> <!-- close group --> <\/div> <!-- close row --> <div class=\"gallery-row\" style=\"width: 640px; height: 212px;\" data-original-width=\"640\" data-original-height=\"212\" > <div class=\"gallery-group images-1\" style=\"width: 321px; height: 212px;\" data-original-width=\"321\" data-original-height=\"212\" > <div class=\"tiled-gallery-item tiled-gallery-item-large\" itemprop=\"associatedMedia\" itemscope itemtype=\"http:\/\/schema.org\/ImageObject\"> <a href=\"https:\/\/eltrabajo.cl\/portal\/peques-vacunados-contra-influenza-en-escuela-de-tierras-blancas\/cristobal-diaz\/\" border=\"0\" itemprop=\"url\"> <meta itemprop=\"width\" content=\"317\"> <meta itemprop=\"height\" content=\"208\"> <img decoding=\"async\" class=\"\" data-attachment-id=\"68216\" data-orig-file=\"https:\/\/eltrabajo.cl\/portal\/wp-content\/uploads\/2016\/03\/Cristobal-Diaz.jpg\" data-orig-size=\"530,348\" data-comments-opened=\"1\" data-image-meta=\"{&quot;aperture&quot;:&quot;0&quot;,&quot;credit&quot;:&quot;&quot;,&quot;camera&quot;:&quot;&quot;,&quot;caption&quot;:&quot;&quot;,&quot;created_timestamp&quot;:&quot;0&quot;,&quot;copyright&quot;:&quot;&quot;,&quot;focal_length&quot;:&quot;0&quot;,&quot;iso&quot;:&quot;0&quot;,&quot;shutter_speed&quot;:&quot;0&quot;,&quot;title&quot;:&quot;&quot;,&quot;orientation&quot;:&quot;0&quot;}\" data-image-title=\"Crist\u00f3bal D\u00edaz, orgulloso muestra su algod\u00f3n a Diario El Trabajo.\" data-image-description=\"&lt;p&gt;Crist\u00f3bal D\u00edaz, orgulloso muestra su algod\u00f3n a Diario El Trabajo.&lt;\/p&gt; \" data-medium-file=\"https:\/\/i0.wp.com\/eltrabajo.cl\/portal\/wp-content\/uploads\/2016\/03\/Cristobal-Diaz.jpg?fit=300%2C197&#038;ssl=1\" data-large-file=\"https:\/\/i0.wp.com\/eltrabajo.cl\/portal\/wp-content\/uploads\/2016\/03\/Cristobal-Diaz.jpg?fit=530%2C348&#038;ssl=1\" src=\"https:\/\/i0.wp.com\/eltrabajo.cl\/portal\/wp-content\/uploads\/2016\/03\/Cristobal-Diaz.jpg?w=317&#038;h=208&#038;ssl=1\" srcset=\"https:\/\/i0.wp.com\/eltrabajo.cl\/portal\/wp-content\/uploads\/2016\/03\/Cristobal-Diaz.jpg?w=530&amp;ssl=1 530w, https:\/\/i0.wp.com\/eltrabajo.cl\/portal\/wp-content\/uploads\/2016\/03\/Cristobal-Diaz.jpg?resize=200%2C131&amp;ssl=1 200w, https:\/\/i0.wp.com\/eltrabajo.cl\/portal\/wp-content\/uploads\/2016\/03\/Cristobal-Diaz.jpg?resize=300%2C197&amp;ssl=1 300w, https:\/\/i0.wp.com\/eltrabajo.cl\/portal\/wp-content\/uploads\/2016\/03\/Cristobal-Diaz.jpg?resize=228%2C150&amp;ssl=1 228w, https:\/\/i0.wp.com\/eltrabajo.cl\/portal\/wp-content\/uploads\/2016\/03\/Cristobal-Diaz.jpg?resize=400%2C263&amp;ssl=1 400w\" width=\"317\" height=\"208\" loading=\"lazy\" data-original-width=\"317\" data-original-height=\"208\" itemprop=\"http:\/\/schema.org\/image\" title=\"Crist\u00f3bal D\u00edaz, orgulloso muestra su algod\u00f3n a Diario El Trabajo.\" alt=\"Crist\u00f3bal D\u00edaz, orgulloso muestra su algod\u00f3n a Diario El Trabajo.\" style=\"width: 317px; height: 208px;\" \/> <\/a> <div class=\"tiled-gallery-caption\" itemprop=\"caption description\"> Crist\u00f3bal D\u00edaz, orgulloso muestra su algod\u00f3n a Diario El Trabajo. <\/div> <\/div> <\/div> <!-- close group --> <div class=\"gallery-group images-1\" style=\"width: 319px; height: 212px;\" data-original-width=\"319\" data-original-height=\"212\" > <div class=\"tiled-gallery-item tiled-gallery-item-large\" itemprop=\"associatedMedia\" itemscope itemtype=\"http:\/\/schema.org\/ImageObject\"> <a href=\"https:\/\/eltrabajo.cl\/portal\/peques-vacunados-contra-influenza-en-escuela-de-tierras-blancas\/alonso-lazo\/\" border=\"0\" itemprop=\"url\"> <meta itemprop=\"width\" content=\"315\"> <meta itemprop=\"height\" content=\"208\"> <img decoding=\"async\" class=\"\" data-attachment-id=\"68215\" data-orig-file=\"https:\/\/eltrabajo.cl\/portal\/wp-content\/uploads\/2016\/03\/Alonso-Lazo.jpg\" data-orig-size=\"530,350\" data-comments-opened=\"1\" data-image-meta=\"{&quot;aperture&quot;:&quot;0&quot;,&quot;credit&quot;:&quot;&quot;,&quot;camera&quot;:&quot;&quot;,&quot;caption&quot;:&quot;&quot;,&quot;created_timestamp&quot;:&quot;0&quot;,&quot;copyright&quot;:&quot;&quot;,&quot;focal_length&quot;:&quot;0&quot;,&quot;iso&quot;:&quot;0&quot;,&quot;shutter_speed&quot;:&quot;0&quot;,&quot;title&quot;:&quot;&quot;,&quot;orientation&quot;:&quot;0&quot;}\" data-image-title=\"EL VALIENTE DE LA CLASE.- Alonso Lazo, peque\u00f1\u00edn de apenas cinco a\u00f1os, no tuvo dudas al ofrecer su peque\u00f1o brazo a la param\u00e9dico Lilibeth.\" data-image-description=\"&lt;p&gt;EL VALIENTE DE LA CLASE.- Alonso Lazo, peque\u00f1\u00edn de apenas cinco a\u00f1os, no tuvo dudas al ofrecer su peque\u00f1o brazo a la param\u00e9dico Lilibeth.&lt;\/p&gt; \" data-medium-file=\"https:\/\/i0.wp.com\/eltrabajo.cl\/portal\/wp-content\/uploads\/2016\/03\/Alonso-Lazo.jpg?fit=300%2C198&#038;ssl=1\" data-large-file=\"https:\/\/i0.wp.com\/eltrabajo.cl\/portal\/wp-content\/uploads\/2016\/03\/Alonso-Lazo.jpg?fit=530%2C350&#038;ssl=1\" src=\"https:\/\/i0.wp.com\/eltrabajo.cl\/portal\/wp-content\/uploads\/2016\/03\/Alonso-Lazo.jpg?w=315&#038;h=208&#038;ssl=1\" srcset=\"https:\/\/i0.wp.com\/eltrabajo.cl\/portal\/wp-content\/uploads\/2016\/03\/Alonso-Lazo.jpg?w=530&amp;ssl=1 530w, https:\/\/i0.wp.com\/eltrabajo.cl\/portal\/wp-content\/uploads\/2016\/03\/Alonso-Lazo.jpg?resize=200%2C132&amp;ssl=1 200w, https:\/\/i0.wp.com\/eltrabajo.cl\/portal\/wp-content\/uploads\/2016\/03\/Alonso-Lazo.jpg?resize=300%2C198&amp;ssl=1 300w, https:\/\/i0.wp.com\/eltrabajo.cl\/portal\/wp-content\/uploads\/2016\/03\/Alonso-Lazo.jpg?resize=227%2C150&amp;ssl=1 227w, https:\/\/i0.wp.com\/eltrabajo.cl\/portal\/wp-content\/uploads\/2016\/03\/Alonso-Lazo.jpg?resize=400%2C264&amp;ssl=1 400w\" width=\"315\" height=\"208\" loading=\"lazy\" data-original-width=\"315\" data-original-height=\"208\" itemprop=\"http:\/\/schema.org\/image\" title=\"EL VALIENTE DE LA CLASE.- Alonso Lazo, peque\u00f1\u00edn de apenas cinco a\u00f1os, no tuvo dudas al ofrecer su peque\u00f1o brazo a la param\u00e9dico Lilibeth.\" alt=\"EL VALIENTE DE LA CLASE.- Alonso Lazo, peque\u00f1\u00edn de apenas cinco a\u00f1os, no tuvo dudas al ofrecer su peque\u00f1o brazo a la param\u00e9dico Lilibeth.\" style=\"width: 315px; height: 208px;\" \/> <\/a> <div class=\"tiled-gallery-caption\" itemprop=\"caption description\"> EL VALIENTE DE LA CLASE.- Alonso Lazo, peque\u00f1\u00edn de apenas cinco a\u00f1os, no tuvo dudas al ofrecer su peque\u00f1o brazo a la param\u00e9dico Lilibeth. <\/div> <\/div> <\/div> <!-- close group --> <\/div> <!-- close row --> <\/div>\n","protected":false},"excerpt":{"rendered":"<p>Hoy vacunar\u00e1n en la Escuela Carmela Carvajal: Contin\u00faa la campa\u00f1a provincial de vacunaci\u00f3n contra la Influenza en los centros educativos de nuestra comuna, ayer martes correspondi\u00f3 a los estudiantes de la Escuela&#8230;<\/p>\n","protected":false},"author":1,"featured_media":68215,"comment_status":"open","ping_status":"open","sticky":false,"template":"","format":"standard","meta":{"advanced_seo_description":"","jetpack_seo_html_title":"","jetpack_seo_noindex":false,"_jetpack_memberships_contains_paid_content":false,"footnotes":""},"categories":[15],"tags":[],"class_list":["post-68214","post","type-post","status-publish","format-standard","has-post-thumbnail","hentry","category-comunidad"],"jetpack_featured_media_url":"https:\/\/i0.wp.com\/eltrabajo.cl\/portal\/wp-content\/uploads\/2016\/03\/Alonso-Lazo.jpg?fit=530%2C350&ssl=1","jetpack_sharing_enabled":true,"jetpack_likes_enabled":true,"jetpack-related-posts":[],"_links":{"self":[{"href":"https:\/\/eltrabajo.cl\/portal\/wp-json\/wp\/v2\/posts\/68214","targetHints":{"allow":["GET"]}}],"collection":[{"href":"https:\/\/eltrabajo.cl\/portal\/wp-json\/wp\/v2\/posts"}],"about":[{"href":"https:\/\/eltrabajo.cl\/portal\/wp-json\/wp\/v2\/types\/post"}],"author":[{"embeddable":true,"href":"https:\/\/eltrabajo.cl\/portal\/wp-json\/wp\/v2\/users\/1"}],"replies":[{"embeddable":true,"href":"https:\/\/eltrabajo.cl\/portal\/wp-json\/wp\/v2\/comments?post=68214"}],"version-history":[{"count":0,"href":"https:\/\/eltrabajo.cl\/portal\/wp-json\/wp\/v2\/posts\/68214\/revisions"}],"wp:featuredmedia":[{"embeddable":true,"href":"https:\/\/eltrabajo.cl\/portal\/wp-json\/wp\/v2\/media\/68215"}],"wp:attachment":[{"href":"https:\/\/eltrabajo.cl\/portal\/wp-json\/wp\/v2\/media?parent=68214"}],"wp:term":[{"taxonomy":"category","embeddable":true,"href":"https:\/\/eltrabajo.cl\/portal\/wp-json\/wp\/v2\/categories?post=68214"},{"taxonomy":"post_tag","embeddable":true,"href":"https:\/\/eltrabajo.cl\/portal\/wp-json\/wp\/v2\/tags?post=68214"}],"curies":[{"name":"wp","href":"https:\/\/api.w.org\/{rel}","templated":true}]}}