{"id":68229,"date":"2016-03-30T06:55:31","date_gmt":"2016-03-30T09:55:31","guid":{"rendered":"http:\/\/www.eltrabajo.cl\/portal\/?p=68229"},"modified":"2016-03-30T06:55:31","modified_gmt":"2016-03-30T09:55:31","slug":"con-lesiones-menos-graves-resulta-mujer-atropellada-en-las-coimas","status":"publish","type":"post","link":"https:\/\/eltrabajo.cl\/portal\/con-lesiones-menos-graves-resulta-mujer-atropellada-en-las-coimas\/","title":{"rendered":"Con lesiones menos graves resulta mujer atropellada en Las Coimas"},"content":{"rendered":"<p><strong>PUTAENDO.-<\/strong> La mujer que se encontraba en una berma tras dejar a su hija en un m\u00f3vil de la locomoci\u00f3n colectiva, fue atropellada por un veh\u00edculo que segundos antes estuvo cerca de impactar una m\u00e1quina retroexcavadora.<br \/>\nLa informaci\u00f3n oficial entregada por el Suboficial de Carabineros, Jorge Fuentes, indica que a eso de las 09:15 horas de este martes, un autom\u00f3vil que transitaba hacia San Felipe a trav\u00e9s de la carretera E-411 y que era guiado por F.C.B.C, al llegar al paradero 22 de Las Coimas se encontr\u00f3 repentinamente con una m\u00e1quina retroexcavadora, y al parecer el exceso de velocidad hizo que el conductor intentara evitar una colisi\u00f3n por alcance, y al ver que en sentido contrario se aproximaban otros veh\u00edculos, se desvi\u00f3 hacia donde existe un paradero de la locomoci\u00f3n colectiva, por lo que atropell\u00f3 a una mujer de iniciales C.B.H, que se encontraba en el lugar. El oficial policial agreg\u00f3 que producto del impacto la mujer result\u00f3 con lesiones menos graves y qued\u00f3 internada en el Hospital San Camilo de San Felipe.<br \/>\nEn tanto, el conductor del veh\u00edculo involucrado asegur\u00f3 a nuestro medio en el lugar del accidente que la m\u00e1quina retroexcavadora sali\u00f3 sorpresivamente desde el interior de Las Coimas hacia a la carretera, por lo que s\u00f3lo alcanz\u00f3 a frenar y se desvi\u00f3 hacia la berma con el autom\u00f3vil casi detenido. El involucrado agreg\u00f3 que afortunadamente no atropell\u00f3 a la mujer con mayor velocidad y lament\u00f3 lo ocurrido.<br \/>\nHasta el lugar del accidente lleg\u00f3 tambi\u00e9n una ambulancia del Samu y personal de rescate de Bomberos de Putaendo.<br \/>\n<strong>Patricio Gallardo M.<\/strong><\/p>\n<figure id=\"attachment_68230\" aria-describedby=\"caption-attachment-68230\" style=\"width: 530px\" class=\"wp-caption alignleft\"><a href=\"http:\/\/www.eltrabajo.cl\/portal\/con-lesiones-menos-graves-resulta-mujer-atropellada-en-las-coimas\/atropello1-2\/\" rel=\"attachment wp-att-68230\"><img data-recalc-dims=\"1\" loading=\"lazy\" decoding=\"async\" class=\"size-full wp-image-68230\" src=\"https:\/\/i0.wp.com\/www.eltrabajo.cl\/portal\/wp-content\/uploads\/2016\/03\/atropello1.jpg?resize=530%2C348\" alt=\"El veh\u00edculo habr\u00eda evitado chocar contra una retroexcavadora que sali\u00f3 sorpresivamente desde el interior de Las Coimas, colisionando con la mujer que se encontraba en el paradero.\" width=\"530\" height=\"348\" srcset=\"https:\/\/i0.wp.com\/eltrabajo.cl\/portal\/wp-content\/uploads\/2016\/03\/atropello1.jpg?w=530&amp;ssl=1 530w, https:\/\/i0.wp.com\/eltrabajo.cl\/portal\/wp-content\/uploads\/2016\/03\/atropello1.jpg?resize=200%2C131&amp;ssl=1 200w, https:\/\/i0.wp.com\/eltrabajo.cl\/portal\/wp-content\/uploads\/2016\/03\/atropello1.jpg?resize=300%2C197&amp;ssl=1 300w, https:\/\/i0.wp.com\/eltrabajo.cl\/portal\/wp-content\/uploads\/2016\/03\/atropello1.jpg?resize=228%2C150&amp;ssl=1 228w, https:\/\/i0.wp.com\/eltrabajo.cl\/portal\/wp-content\/uploads\/2016\/03\/atropello1.jpg?resize=400%2C263&amp;ssl=1 400w\" sizes=\"auto, (max-width: 530px) 100vw, 530px\" \/><\/a><figcaption id=\"caption-attachment-68230\" class=\"wp-caption-text\">El veh\u00edculo habr\u00eda evitado chocar contra una retroexcavadora que sali\u00f3 sorpresivamente desde el interior de Las Coimas, colisionando con la mujer que se encontraba en el paradero.<\/figcaption><\/figure>\n","protected":false},"excerpt":{"rendered":"<p>PUTAENDO.- La mujer que se encontraba en una berma tras dejar a su hija en un m\u00f3vil de la locomoci\u00f3n colectiva, fue atropellada por un veh\u00edculo que segundos antes estuvo cerca de&#8230;<\/p>\n","protected":false},"author":1,"featured_media":68230,"comment_status":"open","ping_status":"open","sticky":false,"template":"","format":"standard","meta":{"advanced_seo_description":"","jetpack_seo_html_title":"","jetpack_seo_noindex":false,"_jetpack_memberships_contains_paid_content":false,"footnotes":""},"categories":[21],"tags":[],"class_list":["post-68229","post","type-post","status-publish","format-standard","has-post-thumbnail","hentry","category-policial"],"jetpack_featured_media_url":"https:\/\/i0.wp.com\/eltrabajo.cl\/portal\/wp-content\/uploads\/2016\/03\/atropello1.jpg?fit=530%2C348&ssl=1","jetpack_sharing_enabled":true,"jetpack_likes_enabled":true,"jetpack-related-posts":[],"_links":{"self":[{"href":"https:\/\/eltrabajo.cl\/portal\/wp-json\/wp\/v2\/posts\/68229","targetHints":{"allow":["GET"]}}],"collection":[{"href":"https:\/\/eltrabajo.cl\/portal\/wp-json\/wp\/v2\/posts"}],"about":[{"href":"https:\/\/eltrabajo.cl\/portal\/wp-json\/wp\/v2\/types\/post"}],"author":[{"embeddable":true,"href":"https:\/\/eltrabajo.cl\/portal\/wp-json\/wp\/v2\/users\/1"}],"replies":[{"embeddable":true,"href":"https:\/\/eltrabajo.cl\/portal\/wp-json\/wp\/v2\/comments?post=68229"}],"version-history":[{"count":0,"href":"https:\/\/eltrabajo.cl\/portal\/wp-json\/wp\/v2\/posts\/68229\/revisions"}],"wp:featuredmedia":[{"embeddable":true,"href":"https:\/\/eltrabajo.cl\/portal\/wp-json\/wp\/v2\/media\/68230"}],"wp:attachment":[{"href":"https:\/\/eltrabajo.cl\/portal\/wp-json\/wp\/v2\/media?parent=68229"}],"wp:term":[{"taxonomy":"category","embeddable":true,"href":"https:\/\/eltrabajo.cl\/portal\/wp-json\/wp\/v2\/categories?post=68229"},{"taxonomy":"post_tag","embeddable":true,"href":"https:\/\/eltrabajo.cl\/portal\/wp-json\/wp\/v2\/tags?post=68229"}],"curies":[{"name":"wp","href":"https:\/\/api.w.org\/{rel}","templated":true}]}}