{"id":68233,"date":"2016-03-30T06:57:15","date_gmt":"2016-03-30T09:57:15","guid":{"rendered":"http:\/\/www.eltrabajo.cl\/portal\/?p=68233"},"modified":"2016-03-30T06:57:15","modified_gmt":"2016-03-30T09:57:15","slug":"decomisan-cerca-de180-kilos-de-cocaina-desde-camion-cargado-con-verduras","status":"publish","type":"post","link":"https:\/\/eltrabajo.cl\/portal\/decomisan-cerca-de180-kilos-de-cocaina-desde-camion-cargado-con-verduras\/","title":{"rendered":"Decomisan cerca de180 kilos de coca\u00edna desde cami\u00f3n cargado con verduras"},"content":{"rendered":"<p><strong>La droga fue avaluada en m\u00e1s de 3.500 millones de pesos.<\/strong><br \/>\n<strong>LOS ANDES.-<\/strong> La Brigada Antinarc\u00f3ticos de la PDI de Los Andes (Briant) incaut\u00f3 cerca de 180 kilos de coca\u00edna avaluada en 3.500 millones de pesos que eran tra\u00eddos desde el norte del pa\u00eds ocultos en un cami\u00f3n cargado con verduras.<br \/>\nLa diligencia se efectu\u00f3 en el sector del peaje Las Vegas, donde fue interceptado este veh\u00edculo que ten\u00eda por destino la feria Lo Valledor en Santiago donde ser\u00eda comercializada la droga, siendo detenido el conductor de nacionalidad chilena y un ciudadano peruano que ten\u00eda que recibir esta droga.<br \/>\nEl Jefe de la Briant, Subprefecto Guillermo G\u00e1lvez, se\u00f1al\u00f3 que esta organizaci\u00f3n criminal era investigada desde hace bastante tiempo por cuanto manten\u00edan informaci\u00f3n de que camiones de alto tonelaje estaban transportando droga oculta en cajas de verduras desde el norte hacia la Quinta Regi\u00f3n y Regi\u00f3n Metropolitana.<br \/>\n\u201cEn base a estos antecedentes la madrugada del viernes se logr\u00f3 detectar un cami\u00f3n que ven\u00eda desde la zona norte que al ser revisado en el sector del peaje Las Vegas, se estableci\u00f3 que en su interior tra\u00eda droga\u201d, apunt\u00f3.<br \/>\nPrecis\u00f3 que entre las cajas de verduras que transportaba se detectaron 176 kilos de clorhidrato de coca\u00edna, \u201cde los cuales 167 de estos kilos ven\u00edan en estado s\u00f3lido y el resto en estado l\u00edquido para ser tratados y llegar a su destino final\u201d.<br \/>\nA\u00f1adi\u00f3 que las diligencias contin\u00faan para poder establecer qui\u00e9nes son los proveedores de la droga y destac\u00f3 el hecho que se pudo sacar de circulaci\u00f3n 370 mil dosis de coca.<br \/>\nEl Subprefecto G\u00e1lvez coment\u00f3 que este es el cargamento de coca\u00edna m\u00e1s importante que incautan en lo que va corrido de este a\u00f1o.<\/p>\n<p><strong>COCA\u00cdNA L\u00cdQUIDA<\/strong><br \/>\nPor su parte, el Comisario Patricio Navarro del departamento de investigaci\u00f3n de sustancias qu\u00edmicas de la Jefatura Antinarc\u00f3ticos contra el crimen organizado, afirm\u00f3 que la coca\u00edna l\u00edquida incautada est\u00e1 disuelta en una serie de solventes que ser\u00e1n analizados y luego fueron colocados en preservativos.<br \/>\n\u201cAc\u00e1 tenemos varias cosas a considerar porque es un m\u00e9todo de ocultamiento que es bastante eficiente, por cuanto los l\u00edquidos se pueden moldear en muchas superficies y tambi\u00e9n se puede transportar una cantidad considerable de droga con un proceso de muy f\u00e1cil recuperaci\u00f3n\u201d, explic\u00f3.<br \/>\nEl Comisario Navarro dijo que se han detectado casos de transporte de coca\u00edna l\u00edquida a menor escala, \u201cpor cuanto tambi\u00e9n se han visto ovoides transportados por personas, pero cantidades mayores de este tipo de solventes es poco com\u00fan verlas y se requiere un conocimiento t\u00e9cnico respecto a las propiedades del clorhidrato de coca\u00edna y en qu\u00e9 solventes se pueden colocar\u201d.<br \/>\nLos detenidos en esta operaci\u00f3n fueron individualizados como Jos\u00e9 Francisco S\u00e1nchez L\u00f3pez (35), conductor del cami\u00f3n y el peruano Ronald Mar\u00edn Leiva (43), quienes una vez puestos a disposici\u00f3n del Tribunal de Garant\u00eda de Los Andes fueron formalizados por tr\u00e1fico de drogas y quedaron en prisi\u00f3n preventiva por los seis meses que durar\u00e1 la investigaci\u00f3n.<\/p>\n<p><a href=\"http:\/\/www.eltrabajo.cl\/portal\/decomisan-cerca-de180-kilos-de-cocaina-desde-camion-cargado-con-verduras\/porta-decomiso\/\" rel=\"attachment wp-att-68234\"><img data-recalc-dims=\"1\" loading=\"lazy\" decoding=\"async\" class=\"alignleft size-full wp-image-68234\" src=\"https:\/\/i0.wp.com\/www.eltrabajo.cl\/portal\/wp-content\/uploads\/2016\/03\/porta-decomiso.jpg?resize=530%2C349\" alt=\"porta decomiso\" width=\"530\" height=\"349\" srcset=\"https:\/\/i0.wp.com\/eltrabajo.cl\/portal\/wp-content\/uploads\/2016\/03\/porta-decomiso.jpg?w=530&amp;ssl=1 530w, https:\/\/i0.wp.com\/eltrabajo.cl\/portal\/wp-content\/uploads\/2016\/03\/porta-decomiso.jpg?resize=200%2C132&amp;ssl=1 200w, https:\/\/i0.wp.com\/eltrabajo.cl\/portal\/wp-content\/uploads\/2016\/03\/porta-decomiso.jpg?resize=300%2C198&amp;ssl=1 300w, https:\/\/i0.wp.com\/eltrabajo.cl\/portal\/wp-content\/uploads\/2016\/03\/porta-decomiso.jpg?resize=228%2C150&amp;ssl=1 228w, https:\/\/i0.wp.com\/eltrabajo.cl\/portal\/wp-content\/uploads\/2016\/03\/porta-decomiso.jpg?resize=400%2C263&amp;ssl=1 400w\" sizes=\"auto, (max-width: 530px) 100vw, 530px\" \/><\/a><\/p>\n<figure id=\"attachment_68235\" aria-describedby=\"caption-attachment-68235\" style=\"width: 530px\" class=\"wp-caption alignleft\"><a href=\"http:\/\/www.eltrabajo.cl\/portal\/decomisan-cerca-de180-kilos-de-cocaina-desde-camion-cargado-con-verduras\/porta-decomiso1\/\" rel=\"attachment wp-att-68235\"><img data-recalc-dims=\"1\" loading=\"lazy\" decoding=\"async\" class=\"size-full wp-image-68235\" src=\"https:\/\/i0.wp.com\/www.eltrabajo.cl\/portal\/wp-content\/uploads\/2016\/03\/porta-decomiso1.jpg?resize=530%2C349\" alt=\"La Briant incaut\u00f3 casi 180 kilos de coca\u00edna avaluada en 3.500 millones de pesos que era transportada en un cami\u00f3n cargado con verduras. \" width=\"530\" height=\"349\" srcset=\"https:\/\/i0.wp.com\/eltrabajo.cl\/portal\/wp-content\/uploads\/2016\/03\/porta-decomiso1.jpg?w=530&amp;ssl=1 530w, https:\/\/i0.wp.com\/eltrabajo.cl\/portal\/wp-content\/uploads\/2016\/03\/porta-decomiso1.jpg?resize=200%2C132&amp;ssl=1 200w, https:\/\/i0.wp.com\/eltrabajo.cl\/portal\/wp-content\/uploads\/2016\/03\/porta-decomiso1.jpg?resize=300%2C198&amp;ssl=1 300w, https:\/\/i0.wp.com\/eltrabajo.cl\/portal\/wp-content\/uploads\/2016\/03\/porta-decomiso1.jpg?resize=228%2C150&amp;ssl=1 228w, https:\/\/i0.wp.com\/eltrabajo.cl\/portal\/wp-content\/uploads\/2016\/03\/porta-decomiso1.jpg?resize=400%2C263&amp;ssl=1 400w\" sizes=\"auto, (max-width: 530px) 100vw, 530px\" \/><\/a><figcaption id=\"caption-attachment-68235\" class=\"wp-caption-text\">La Briant incaut\u00f3 casi 180 kilos de coca\u00edna avaluada en 3.500 millones de pesos que era transportada en un cami\u00f3n cargado con verduras.<\/figcaption><\/figure>\n","protected":false},"excerpt":{"rendered":"<p>La droga fue avaluada en m\u00e1s de 3.500 millones de pesos. LOS ANDES.- La Brigada Antinarc\u00f3ticos de la PDI de Los Andes (Briant) incaut\u00f3 cerca de 180 kilos de coca\u00edna avaluada en&#8230;<\/p>\n","protected":false},"author":1,"featured_media":68235,"comment_status":"open","ping_status":"open","sticky":false,"template":"","format":"standard","meta":{"advanced_seo_description":"","jetpack_seo_html_title":"","jetpack_seo_noindex":false,"_jetpack_memberships_contains_paid_content":false,"footnotes":""},"categories":[21],"tags":[],"class_list":["post-68233","post","type-post","status-publish","format-standard","has-post-thumbnail","hentry","category-policial"],"jetpack_featured_media_url":"https:\/\/i0.wp.com\/eltrabajo.cl\/portal\/wp-content\/uploads\/2016\/03\/porta-decomiso1.jpg?fit=530%2C349&ssl=1","jetpack_sharing_enabled":true,"jetpack_likes_enabled":true,"jetpack-related-posts":[],"_links":{"self":[{"href":"https:\/\/eltrabajo.cl\/portal\/wp-json\/wp\/v2\/posts\/68233","targetHints":{"allow":["GET"]}}],"collection":[{"href":"https:\/\/eltrabajo.cl\/portal\/wp-json\/wp\/v2\/posts"}],"about":[{"href":"https:\/\/eltrabajo.cl\/portal\/wp-json\/wp\/v2\/types\/post"}],"author":[{"embeddable":true,"href":"https:\/\/eltrabajo.cl\/portal\/wp-json\/wp\/v2\/users\/1"}],"replies":[{"embeddable":true,"href":"https:\/\/eltrabajo.cl\/portal\/wp-json\/wp\/v2\/comments?post=68233"}],"version-history":[{"count":0,"href":"https:\/\/eltrabajo.cl\/portal\/wp-json\/wp\/v2\/posts\/68233\/revisions"}],"wp:featuredmedia":[{"embeddable":true,"href":"https:\/\/eltrabajo.cl\/portal\/wp-json\/wp\/v2\/media\/68235"}],"wp:attachment":[{"href":"https:\/\/eltrabajo.cl\/portal\/wp-json\/wp\/v2\/media?parent=68233"}],"wp:term":[{"taxonomy":"category","embeddable":true,"href":"https:\/\/eltrabajo.cl\/portal\/wp-json\/wp\/v2\/categories?post=68233"},{"taxonomy":"post_tag","embeddable":true,"href":"https:\/\/eltrabajo.cl\/portal\/wp-json\/wp\/v2\/tags?post=68233"}],"curies":[{"name":"wp","href":"https:\/\/api.w.org\/{rel}","templated":true}]}}