{"id":68238,"date":"2016-03-30T06:59:08","date_gmt":"2016-03-30T09:59:08","guid":{"rendered":"http:\/\/www.eltrabajo.cl\/portal\/?p=68238"},"modified":"2016-03-30T06:59:08","modified_gmt":"2016-03-30T09:59:08","slug":"pdi-investiga-dudas-en-accidente-de-bebe-que-habria-caido-de-tercer-piso","status":"publish","type":"post","link":"https:\/\/eltrabajo.cl\/portal\/pdi-investiga-dudas-en-accidente-de-bebe-que-habria-caido-de-tercer-piso\/","title":{"rendered":"PDI investiga dudas en accidente de beb\u00e9 que habr\u00eda ca\u00eddo de tercer piso"},"content":{"rendered":"<p><strong>A\u00fan no existen hip\u00f3tesis de trabajo:<\/strong><br \/>\nBeb\u00e9 de cuatro meses se encuentra policontuso grave en Hospital Van Buren de Valpara\u00edso, debati\u00e9ndose entre la vida y la muerte.<br \/>\nEn estado grave y con diagn\u00f3stico reservado permanece internado en la Unidad de Cuidados Intensivos del Hospital Carlos Van Buren de Valpara\u00edso, un lactante de 4 meses que habr\u00eda ca\u00eddo desde el tercer piso de un departamento de la villa San Alberto de Los Andes la tarde de este lunes. Este hecho ha generando diversas dudas razonables sobre c\u00f3mo habr\u00eda ocurrido este lamentable accidente.<br \/>\nEl caso se encuentra en manos de la Brigada de Homicidios de la Polic\u00eda de Investigaciones de Los Andes, unidad policial que recibi\u00f3 la orden de la Fiscal\u00eda de esa comuna en horas de la tarde de ayer martes, para indagar los hechos luego que el beb\u00e9 sufriera una violenta ca\u00edda, siendo derivado por familiares hasta el Hospital San Juan de Dios, bajo el diagn\u00f3stico m\u00e9dico de policontusiones en el cr\u00e1neo y resto del cuerpo de car\u00e1cter grave.<br \/>\nTal como publicamos ayer, el reci\u00e9n nacido se habr\u00eda encontrado a cargo de su madre de 14 a\u00f1os de edad, acompa\u00f1ado de su abuelo al momento de los hechos. Aunque inicialmente se revel\u00f3 que el ventanal del block de la villa San Alberto de Los Andes ten\u00eda un balc\u00f3n, fotograf\u00edas del lugar evidencian s\u00f3lo ventanas en el lugar donde se habr\u00eda encontrado el menor cuando estaba al interior del inmueble sentado en una silla para autom\u00f3vil.<br \/>\nLas investigaciones que concretar\u00e1 la polic\u00eda deber\u00e1n establecer si el tr\u00e1gico desenlace se tratar\u00eda de un accidente o una posible negligencia dentro del hogar. Los actores en los hechos est\u00e1n siendo interrogados por la PDI para establecer como sucedieron los hechos que derivaron en las lesiones sufridas por el lactante, que habr\u00eda sido trasladado por su abuelo y familiares hasta el centro hospitalario, lugar donde concurri\u00f3 inicialmente Carabineros que adoptaron la denuncia m\u00e9dica.<br \/>\nA eso de las 19:30 horas del lunes, el paciente fue derivado desde el Hospital San Juan de Dios de Los Andes hasta la UCI del Hospital San Camilo de San Felipe, donde fue estabilizado por los m\u00e9dicos de turno. No obstante cerca de la medianoche de ese mismo d\u00eda, por la gravedad del estado de salud del menor, fue trasladado hasta el centro hospitalario porte\u00f1o.<br \/>\nHasta el mediod\u00eda de ayer martes, el paciente de iniciales J.S.S. se manten\u00eda a\u00fan con vida, pero en riesgo vital en el hospital Van Burem, con diagn\u00f3stico reservado. El Jefe de la Brigada de Homicidios de la PDI confirm\u00f3 que el \u00faltimo parte m\u00e9dico revelar\u00eda que el beb\u00e9 sufri\u00f3 diversos politraumatismos en su cuerpo a consecuencia de la ca\u00edda.<br \/>\n&#8211; \u00bfCu\u00e1les son las diligencias realizadas hasta el momento?<br \/>\n&#8211; Estamos tendientes a investigar el origen de las causas y circunstancias ocurridas en este beb\u00e9 de cuatro meses que habr\u00eda ca\u00eddo desde el tercer piso del edificio que habita, estaba al cuidado de su madre y su abuelo que se encontraba en el lugar.<br \/>\n&#8211; Sobre la din\u00e1mica de los hechos \u00bfc\u00f3mo habr\u00eda ocurrido el accidente?<br \/>\n&#8211; Seg\u00fan lo relatado en el parte de Carabineros, tenemos que cotejar y verificar lo que se nos se\u00f1ala respecto a la mec\u00e1nica en que se encontraban, que indica que la madre dej\u00f3 al beb\u00e9 unos instantes solo y este menor cay\u00f3.<br \/>\n&#8211; \u00bfHabr\u00eda ca\u00eddo amortiguado por la silla?<br \/>\n&#8211; Dificultosamente por el desarrollo que tiene un menor de cuatro meses, dificultoso pero no imposible, tenemos que verificar si exist\u00eda alg\u00fan techo abajo o algo que haya amortiguado la ca\u00edda, es materia de investigaci\u00f3n, tenemos que generar la idea para establecer la hip\u00f3tesis.<br \/>\n&#8211; \u00bfNo se descarta alg\u00fan maltrato f\u00edsico o negligencia dentro del hogar?<br \/>\n&#8211; Es materia de investigaci\u00f3n y es proceso a establecer. No se descarta ninguna de las hip\u00f3tesis, de ning\u00fan tipo de maltrato f\u00edsico o ca\u00edda accidental u otra variable que podr\u00eda generar esta situaci\u00f3n.<br \/>\n&#8211; \u00bfHay alg\u00fan informe m\u00e9dico revelado hasta el momento?<br \/>\n&#8211; El informe es policontuso en diversas partes del cuerpo. Fue trasladado a Valpara\u00edso al Hospital Van Buren para mejor resistencia m\u00e9dica en raz\u00f3n de materia en lo que refiere a salud infantil.<br \/>\n<strong>Pablo Salinas Sald\u00edas<\/strong><\/p>\n<figure id=\"attachment_68239\" aria-describedby=\"caption-attachment-68239\" style=\"width: 528px\" class=\"wp-caption alignleft\"><a href=\"http:\/\/www.eltrabajo.cl\/portal\/pdi-investiga-dudas-en-accidente-de-bebe-que-habria-caido-de-tercer-piso\/san-alberto\/\" rel=\"attachment wp-att-68239\"><img data-recalc-dims=\"1\" loading=\"lazy\" decoding=\"async\" class=\"size-full wp-image-68239\" src=\"https:\/\/i0.wp.com\/www.eltrabajo.cl\/portal\/wp-content\/uploads\/2016\/03\/san-alberto.jpg?resize=528%2C350\" alt=\"La villa San Alberto de Los Andes lugar donde ocurrieron los hechos.\" width=\"528\" height=\"350\" srcset=\"https:\/\/i0.wp.com\/eltrabajo.cl\/portal\/wp-content\/uploads\/2016\/03\/san-alberto.jpg?w=528&amp;ssl=1 528w, https:\/\/i0.wp.com\/eltrabajo.cl\/portal\/wp-content\/uploads\/2016\/03\/san-alberto.jpg?resize=200%2C133&amp;ssl=1 200w, https:\/\/i0.wp.com\/eltrabajo.cl\/portal\/wp-content\/uploads\/2016\/03\/san-alberto.jpg?resize=300%2C199&amp;ssl=1 300w, https:\/\/i0.wp.com\/eltrabajo.cl\/portal\/wp-content\/uploads\/2016\/03\/san-alberto.jpg?resize=226%2C150&amp;ssl=1 226w, https:\/\/i0.wp.com\/eltrabajo.cl\/portal\/wp-content\/uploads\/2016\/03\/san-alberto.jpg?resize=400%2C265&amp;ssl=1 400w\" sizes=\"auto, (max-width: 528px) 100vw, 528px\" \/><\/a><figcaption id=\"caption-attachment-68239\" class=\"wp-caption-text\">La villa San Alberto de Los Andes lugar donde ocurrieron los hechos.<\/figcaption><\/figure>\n","protected":false},"excerpt":{"rendered":"<p>A\u00fan no existen hip\u00f3tesis de trabajo: Beb\u00e9 de cuatro meses se encuentra policontuso grave en Hospital Van Buren de Valpara\u00edso, debati\u00e9ndose entre la vida y la muerte. En estado grave y con&#8230;<\/p>\n","protected":false},"author":1,"featured_media":68239,"comment_status":"open","ping_status":"open","sticky":false,"template":"","format":"standard","meta":{"advanced_seo_description":"","jetpack_seo_html_title":"","jetpack_seo_noindex":false,"_jetpack_memberships_contains_paid_content":false,"footnotes":""},"categories":[21],"tags":[],"class_list":["post-68238","post","type-post","status-publish","format-standard","has-post-thumbnail","hentry","category-policial"],"jetpack_featured_media_url":"https:\/\/i0.wp.com\/eltrabajo.cl\/portal\/wp-content\/uploads\/2016\/03\/san-alberto.jpg?fit=528%2C350&ssl=1","jetpack_sharing_enabled":true,"jetpack_likes_enabled":true,"jetpack-related-posts":[],"_links":{"self":[{"href":"https:\/\/eltrabajo.cl\/portal\/wp-json\/wp\/v2\/posts\/68238","targetHints":{"allow":["GET"]}}],"collection":[{"href":"https:\/\/eltrabajo.cl\/portal\/wp-json\/wp\/v2\/posts"}],"about":[{"href":"https:\/\/eltrabajo.cl\/portal\/wp-json\/wp\/v2\/types\/post"}],"author":[{"embeddable":true,"href":"https:\/\/eltrabajo.cl\/portal\/wp-json\/wp\/v2\/users\/1"}],"replies":[{"embeddable":true,"href":"https:\/\/eltrabajo.cl\/portal\/wp-json\/wp\/v2\/comments?post=68238"}],"version-history":[{"count":0,"href":"https:\/\/eltrabajo.cl\/portal\/wp-json\/wp\/v2\/posts\/68238\/revisions"}],"wp:featuredmedia":[{"embeddable":true,"href":"https:\/\/eltrabajo.cl\/portal\/wp-json\/wp\/v2\/media\/68239"}],"wp:attachment":[{"href":"https:\/\/eltrabajo.cl\/portal\/wp-json\/wp\/v2\/media?parent=68238"}],"wp:term":[{"taxonomy":"category","embeddable":true,"href":"https:\/\/eltrabajo.cl\/portal\/wp-json\/wp\/v2\/categories?post=68238"},{"taxonomy":"post_tag","embeddable":true,"href":"https:\/\/eltrabajo.cl\/portal\/wp-json\/wp\/v2\/tags?post=68238"}],"curies":[{"name":"wp","href":"https:\/\/api.w.org\/{rel}","templated":true}]}}