{"id":68242,"date":"2016-03-31T06:46:15","date_gmt":"2016-03-31T09:46:15","guid":{"rendered":"http:\/\/www.eltrabajo.cl\/portal\/?p=68242"},"modified":"2016-03-31T06:46:16","modified_gmt":"2016-03-31T09:46:16","slug":"fiesta-de-la-vendimia-contara-con-destacados-artistas-del-folklore-nacional","status":"publish","type":"post","link":"https:\/\/eltrabajo.cl\/portal\/fiesta-de-la-vendimia-contara-con-destacados-artistas-del-folklore-nacional\/","title":{"rendered":"Fiesta de la Vendimia contar\u00e1 con destacados artistas del folklore nacional"},"content":{"rendered":"<p><strong>Tercera versi\u00f3n del festejo se desarrollar\u00e1 los d\u00edas 16 y 17 de abril: <\/strong><br \/>\nEl Almendral albergar\u00e1 esta celebraci\u00f3n costumbrista que junto al show art\u00edstico tendr\u00e1 una exposici\u00f3n de diversos productos y elementos t\u00edpicos del sector y el pa\u00eds, en una feria que se instalar\u00e1 en calle Belisario Montenegro.<br \/>\nArtistas nacionales de la talla de Clavel, Chancho en Piedra y El Temucano Tito Fern\u00e1ndez, ser\u00e1n los encargados de animar la tercera versi\u00f3n de la Fiesta de la Vendimia San Felipe que se desarrollar\u00e1 en el sector de Almendral el fin de semana del 16 y 17 de abril pr\u00f3ximo.<br \/>\nLa tradicional fiesta costumbrista tiene como uno de sus objetivos centrales seguir fortaleciendo el sentimiento de identidad de los sanfelipe\u00f1os con algunos productos y elementos que encarnan a la genuina tierra aconcag\u00fcina.<br \/>\nAs\u00ed lo confirm\u00f3 el Encargado del Departamento de Cultura de la Municipalidad de San Felipe, Ricardo Ruiz, quien destac\u00f3 que \u201cesta fiesta nos representa\u2026con una programaci\u00f3n art\u00edstica bien interesante que estamos potenciando, porque la idea es que cada vez sea m\u00e1s conocida a nivel regional y nacional, hecho que ya est\u00e1 ocurriendo\u201d, afirm\u00f3 el profesional, agregando que \u201ceste evento tiene la caracter\u00edstica de hacerse en un lugar muy lindo, si bien el espacio no es muy grande, todos los que vienen quedan impresionados del entorno de la Iglesia, del convento que es un monumento nacional y adem\u00e1s, conversando con el alcalde, creemos que es ah\u00ed donde vive el sanfelipe\u00f1o, en Almendral se resume lo que somos; con la chicha, las vi\u00f1as, el cerro y todo su conjunto\u201d, puntualiz\u00f3.<br \/>\nEn cuanto a la parrilla program\u00e1tica de la celebraci\u00f3n, para el s\u00e1bado 16 de abril la inauguraci\u00f3n de la fiesta est\u00e1 programada para las 12 del d\u00eda, con un esquinazo junto a las autoridades y Los Cuequeros de Putaendo, grupo que con la interpretaci\u00f3n de lo mejor de su repertorio estar\u00e1 amenizando la instancia. Durante la tarde, se tiene contemplado el desarrollo de juegos t\u00edpicos, la presentaci\u00f3n de ballet municipal de San Esteban, y en el show propiamente tal, Asiris \u2013agrupaci\u00f3n local-, el grupo sanfelipe\u00f1o de cumbia Por aqu\u00ed Pasan Aviones, El Clavel y el cierra de la jornada a cargo de Chancho en Piedra.<br \/>\nPara el domingo, el festejo se iniciar\u00e1 con una misa a la chilena con Los Roblerinos, que seg\u00fan Ruiz \u201ces una agrupaci\u00f3n que ya nos ha acompa\u00f1ado en otras ocasiones y que se destacan por este tipo de ceremonias religiosas\u201d, detall\u00f3. Dentro del show de ese d\u00eda se van a presentar Wuarany Latinoamericano, Nicol\u00e1s Poblete -actor de TV junto a su grupo de cueca Los Piolas- y el encargado de bajar el tel\u00f3n de la tercera versi\u00f3n de la Feria Costumbrista ser\u00e1 Tito Fern\u00e1ndez, El Temucano.<br \/>\nEl mismo domingo, a partir de las 15 horas, se desarrollar\u00e1 el Campeonato Provincial de Cueca, el cual, entrega cupos al certamen Regional y luego al torneo nacional que se efectuar\u00e1 en Arica. La competencia, entrega premios en dinero: 250 mil pesos al primer lugar, 150 mil al segundo puesto y 100 mil a la tercera posici\u00f3n, en lo que Ruiz calific\u00f3 como \u201cun aporte que hace el municipio, en el compromiso que tiene con nuestro folclore y con potenciar el torneo\u201d, dijo, agregando que las inscripciones est\u00e1n abiertas para todas las parejas de la Provincia de San Felipe, mayores de 18 a\u00f1os, quienes deben inscribirse en las oficinas del Departamento de Cultura ubicadas en Chacabuco 178<br \/>\nDe acuerdo a lo informado por Ruiz, el show art\u00edstico y la competencia anteriormente descritos, ser\u00e1n acompa\u00f1ados de una feria costumbrista, ubicada en calle Belisario Montenegro, la cual, presentar\u00e1 alrededor de 100 stands de artesan\u00eda y productos t\u00edpicos del sector y de otras partes de Chile, as\u00ed como tambi\u00e9n, la posibilidad de participar de un tour a cargo de la comunidad educativa de Escuela de Almendral, en el cual, se mostrar\u00e1 a los interesados el proceso de fabricaci\u00f3n de la chicha y el charqui.<br \/>\nEl alcalde de San Felipe Patricio Freire valor\u00f3 el hecho de poder entregarle un espacio y el tiempo necesario al rescate de las tradiciones de un sector relevante como es Almendral, as\u00ed como tambi\u00e9n que artistas y productores locales tengan la oportunidad de compartir su talento y productos con la comunidad aconcag\u00fcina y con los visitantes de otras zonas de la Regi\u00f3n de Valpara\u00edso y del pa\u00eds.<br \/>\nSe espera que tambi\u00e9n participen artesanos de otras partes del pa\u00eds, pues de acuerdo a los se\u00f1alado por Ruiz \u201chabr\u00e1 cerveza artesanal, vinos, chicha, charqui, incluso hay artesanos de todo Chile que nos han llamado, una persona que realiza r\u00e9plicas de barcos conocidos en botellas en miniatura, es de Puerto Montt, orfebres de la sexta regi\u00f3n, dentro de la vendimia clubes de vino muy importantes a nivel nacional\u201d.<\/p>\n<figure id=\"attachment_68243\" aria-describedby=\"caption-attachment-68243\" style=\"width: 530px\" class=\"wp-caption alignleft\"><a href=\"http:\/\/www.eltrabajo.cl\/portal\/fiesta-de-la-vendimia-contara-con-destacados-artistas-del-folklore-nacional\/foto-1-alcalde-de-san-felipe-patricio-freire-junto-a-jose-toro\/\" rel=\"attachment wp-att-68243\"><img data-recalc-dims=\"1\" loading=\"lazy\" decoding=\"async\" class=\"size-full wp-image-68243\" src=\"https:\/\/i0.wp.com\/www.eltrabajo.cl\/portal\/wp-content\/uploads\/2016\/03\/FOTO-1-Alcalde-de-San-Felipe-Patricio-Freire-junto-a-Jose-Toro.jpg?resize=530%2C349\" alt=\"lcalde de San Felipe, Patricio Freire junto a Jos\u00e9 Toro, productor de chicha en el sector de Almendral.\" width=\"530\" height=\"349\" srcset=\"https:\/\/i0.wp.com\/eltrabajo.cl\/portal\/wp-content\/uploads\/2016\/03\/FOTO-1-Alcalde-de-San-Felipe-Patricio-Freire-junto-a-Jose-Toro.jpg?w=530&amp;ssl=1 530w, https:\/\/i0.wp.com\/eltrabajo.cl\/portal\/wp-content\/uploads\/2016\/03\/FOTO-1-Alcalde-de-San-Felipe-Patricio-Freire-junto-a-Jose-Toro.jpg?resize=200%2C132&amp;ssl=1 200w, https:\/\/i0.wp.com\/eltrabajo.cl\/portal\/wp-content\/uploads\/2016\/03\/FOTO-1-Alcalde-de-San-Felipe-Patricio-Freire-junto-a-Jose-Toro.jpg?resize=300%2C198&amp;ssl=1 300w, https:\/\/i0.wp.com\/eltrabajo.cl\/portal\/wp-content\/uploads\/2016\/03\/FOTO-1-Alcalde-de-San-Felipe-Patricio-Freire-junto-a-Jose-Toro.jpg?resize=228%2C150&amp;ssl=1 228w, https:\/\/i0.wp.com\/eltrabajo.cl\/portal\/wp-content\/uploads\/2016\/03\/FOTO-1-Alcalde-de-San-Felipe-Patricio-Freire-junto-a-Jose-Toro.jpg?resize=400%2C263&amp;ssl=1 400w\" sizes=\"auto, (max-width: 530px) 100vw, 530px\" \/><\/a><figcaption id=\"caption-attachment-68243\" class=\"wp-caption-text\">lcalde de San Felipe, Patricio Freire junto a Jos\u00e9 Toro, productor de chicha en el sector de Almendral.<\/figcaption><\/figure>\n","protected":false},"excerpt":{"rendered":"<p>Tercera versi\u00f3n del festejo se desarrollar\u00e1 los d\u00edas 16 y 17 de abril: El Almendral albergar\u00e1 esta celebraci\u00f3n costumbrista que junto al show art\u00edstico tendr\u00e1 una exposici\u00f3n de diversos productos y elementos&#8230;<\/p>\n","protected":false},"author":1,"featured_media":68243,"comment_status":"open","ping_status":"open","sticky":false,"template":"","format":"standard","meta":{"advanced_seo_description":"","jetpack_seo_html_title":"","jetpack_seo_noindex":false,"_jetpack_memberships_contains_paid_content":false,"footnotes":""},"categories":[1],"tags":[],"class_list":["post-68242","post","type-post","status-publish","format-standard","has-post-thumbnail","hentry","category-cronica"],"jetpack_featured_media_url":"https:\/\/i0.wp.com\/eltrabajo.cl\/portal\/wp-content\/uploads\/2016\/03\/FOTO-1-Alcalde-de-San-Felipe-Patricio-Freire-junto-a-Jose-Toro.jpg?fit=530%2C349&ssl=1","jetpack_sharing_enabled":true,"jetpack_likes_enabled":true,"jetpack-related-posts":[],"_links":{"self":[{"href":"https:\/\/eltrabajo.cl\/portal\/wp-json\/wp\/v2\/posts\/68242","targetHints":{"allow":["GET"]}}],"collection":[{"href":"https:\/\/eltrabajo.cl\/portal\/wp-json\/wp\/v2\/posts"}],"about":[{"href":"https:\/\/eltrabajo.cl\/portal\/wp-json\/wp\/v2\/types\/post"}],"author":[{"embeddable":true,"href":"https:\/\/eltrabajo.cl\/portal\/wp-json\/wp\/v2\/users\/1"}],"replies":[{"embeddable":true,"href":"https:\/\/eltrabajo.cl\/portal\/wp-json\/wp\/v2\/comments?post=68242"}],"version-history":[{"count":0,"href":"https:\/\/eltrabajo.cl\/portal\/wp-json\/wp\/v2\/posts\/68242\/revisions"}],"wp:featuredmedia":[{"embeddable":true,"href":"https:\/\/eltrabajo.cl\/portal\/wp-json\/wp\/v2\/media\/68243"}],"wp:attachment":[{"href":"https:\/\/eltrabajo.cl\/portal\/wp-json\/wp\/v2\/media?parent=68242"}],"wp:term":[{"taxonomy":"category","embeddable":true,"href":"https:\/\/eltrabajo.cl\/portal\/wp-json\/wp\/v2\/categories?post=68242"},{"taxonomy":"post_tag","embeddable":true,"href":"https:\/\/eltrabajo.cl\/portal\/wp-json\/wp\/v2\/tags?post=68242"}],"curies":[{"name":"wp","href":"https:\/\/api.w.org\/{rel}","templated":true}]}}