{"id":68246,"date":"2016-03-31T06:48:52","date_gmt":"2016-03-31T09:48:52","guid":{"rendered":"http:\/\/www.eltrabajo.cl\/portal\/?p=68246"},"modified":"2016-03-31T06:48:52","modified_gmt":"2016-03-31T09:48:52","slug":"club-vida-nueva-cuenta-con-mejorada-cocina-para-elaborar-pan","status":"publish","type":"post","link":"https:\/\/eltrabajo.cl\/portal\/club-vida-nueva-cuenta-con-mejorada-cocina-para-elaborar-pan\/","title":{"rendered":"Club Vida Nueva cuenta con mejorada cocina para elaborar pan"},"content":{"rendered":"<p><strong>Con recursos municipales fue ampliado y acondicionado el espacio donde todos los lunes, personas con discapacidad mental se re\u00fanen para elaborar este producto.<\/strong><br \/>\nFelices se mostraron los usuarios del Club Vida Nueva, por la nueva sala de cocina que habilit\u00f3 la Municipalidad de San Felipe, para que ellos puedan preparar pan, en dependencias de la Oficina de la Discapacidad, de calle Joaqu\u00edn Oliva.<br \/>\nEl alcalde Patricio Freire visit\u00f3 a los integrantes del club y sus familias, que se re\u00fanen y trabajan regularmente en las instalaciones municipales, para saludarles y felicitarlos por las ganas y el esp\u00edritu de superaci\u00f3n que les caracteriza y que les ha motivado a participar en esta agrupaci\u00f3n que preside Juan Aguirre.<br \/>\nFue precisamente su presidente, quien luego de trasladarse el club para funcionar en las dependencias de la Oficina Municipal de la Discapacidad, solicit\u00f3 a la encargada de esta unidad, asistente social Valeria Sald\u00edvar, el apoyo de la corporaci\u00f3n edilicia para habilitar una sala de cocina que pudiesen utilizar los usuarios de esta entidad, quienes presentan discapacidad mental.<br \/>\n\u201cEste ha sido un logro muy grande, para que los usuarios del club puedan desarrollarse de mejor forma. Con este proyecto que nos financi\u00f3 la municipalidad, considero que damos un paso muy importante, porque los usuarios pueden trabajar de mejor forma\u201d, se\u00f1al\u00f3 el dirigente.<br \/>\nDestac\u00f3 el dirigente el respaldo del alcalde Freire, explicando que \u201cha tenido gestos muy significativos, como por ejemplo permitirnos trasladarnos a estas dependencias de la Oficina de la Discapacidad para poder trabajar, porque ac\u00e1 est\u00e1n tranquilos los usuarios y con mayor tranquilidad\u201d.<br \/>\nEn tanto, el alcalde Patricio Freire record\u00f3 que la pol\u00edtica que ha impulsado durante su administraci\u00f3n de hacer de esta una comuna inclusiva, pasa por desplegar todos los esfuerzos y acciones necesarias que permitan responder a las necesidades de los vecinos.<br \/>\n\u201cEstamos contentos no solo porque respondemos a una inquietud de los usuarios de este club, sino porque ello implica apoyarles para que puedan adquirir herramientas que les permitan salir adelante. San Felipe es una comuna inclusiva y eso significa darle el apoyo a las personas con capacidades diferentes, para que as\u00ed todos y todas puedan decir y sentir que en esta comuna tienen las mismas oportunidades\u201d.<br \/>\nEn este mismo sentido, la encargada de la Oficina de la Discapacidad, Valeria Sald\u00edvar, manifest\u00f3 que una vez que se recibi\u00f3 el planteamiento del Club Vida Nueva, el alcalde Freire r\u00e1pidamente accedi\u00f3 a esta solicitud y se inici\u00f3 la labor para habilitar este espacio.<br \/>\n\u201cTrabajamos con los arquitectos de la municipalidad, para desarrollar un espacio que cuente con las caracter\u00edsticas, proyecto que fue presentado al concejo municipal que de manera un\u00e1nime lo aprob\u00f3, por lo que se habilit\u00f3 y ampli\u00f3 esta sala, se coloc\u00f3 cer\u00e1mico y se pint\u00f3, entre otras cosas, as\u00ed es que ahora los usuarios cuentan con un lugar acondicionado para su trabajo\u201d, dijo la asistente social.<br \/>\nEn su visita a la Oficina de la Discapacidad, el alcalde Freire adem\u00e1s comparti\u00f3 con un grupo de vecinos no videntes, quienes tambi\u00e9n se re\u00fanen en estas instalaciones, dando cuenta de la gran actividad que tienen las personas discapacitadas de la comuna y la acogida que les brinda la municipalidad.<\/p>\n<figure id=\"attachment_68247\" aria-describedby=\"caption-attachment-68247\" style=\"width: 530px\" class=\"wp-caption alignleft\"><a href=\"http:\/\/www.eltrabajo.cl\/portal\/club-vida-nueva-cuenta-con-mejorada-cocina-para-elaborar-pan\/ofic-discapacidad-1\/\" rel=\"attachment wp-att-68247\"><img data-recalc-dims=\"1\" loading=\"lazy\" decoding=\"async\" class=\"size-full wp-image-68247\" src=\"https:\/\/i0.wp.com\/www.eltrabajo.cl\/portal\/wp-content\/uploads\/2016\/03\/ofic-discapacidad-1.jpg?resize=530%2C350\" alt=\"La sala de cocina fue habilitada con recursos municipales, ampli\u00e1ndola, instalando cer\u00e1micas y pintando, todo eso para que los usuarios del club puedan elaborar pan.\" width=\"530\" height=\"350\" srcset=\"https:\/\/i0.wp.com\/eltrabajo.cl\/portal\/wp-content\/uploads\/2016\/03\/ofic-discapacidad-1.jpg?w=530&amp;ssl=1 530w, https:\/\/i0.wp.com\/eltrabajo.cl\/portal\/wp-content\/uploads\/2016\/03\/ofic-discapacidad-1.jpg?resize=200%2C132&amp;ssl=1 200w, https:\/\/i0.wp.com\/eltrabajo.cl\/portal\/wp-content\/uploads\/2016\/03\/ofic-discapacidad-1.jpg?resize=300%2C198&amp;ssl=1 300w, https:\/\/i0.wp.com\/eltrabajo.cl\/portal\/wp-content\/uploads\/2016\/03\/ofic-discapacidad-1.jpg?resize=227%2C150&amp;ssl=1 227w, https:\/\/i0.wp.com\/eltrabajo.cl\/portal\/wp-content\/uploads\/2016\/03\/ofic-discapacidad-1.jpg?resize=400%2C264&amp;ssl=1 400w\" sizes=\"auto, (max-width: 530px) 100vw, 530px\" \/><\/a><figcaption id=\"caption-attachment-68247\" class=\"wp-caption-text\">La sala de cocina fue habilitada con recursos municipales, ampli\u00e1ndola, instalando cer\u00e1micas y pintando, todo eso para que los usuarios del club puedan elaborar pan.<\/figcaption><\/figure>\n<figure id=\"attachment_68248\" aria-describedby=\"caption-attachment-68248\" style=\"width: 530px\" class=\"wp-caption alignleft\"><a href=\"http:\/\/www.eltrabajo.cl\/portal\/club-vida-nueva-cuenta-con-mejorada-cocina-para-elaborar-pan\/ofic-discapacidad-2\/\" rel=\"attachment wp-att-68248\"><img data-recalc-dims=\"1\" loading=\"lazy\" decoding=\"async\" class=\"size-full wp-image-68248\" src=\"https:\/\/i0.wp.com\/www.eltrabajo.cl\/portal\/wp-content\/uploads\/2016\/03\/ofic-discapacidad-2.jpg?resize=530%2C350\" alt=\"Alcalde Freire junto a usuarios y familiares del Club Vida Nueva.\" width=\"530\" height=\"350\" srcset=\"https:\/\/i0.wp.com\/eltrabajo.cl\/portal\/wp-content\/uploads\/2016\/03\/ofic-discapacidad-2.jpg?w=530&amp;ssl=1 530w, https:\/\/i0.wp.com\/eltrabajo.cl\/portal\/wp-content\/uploads\/2016\/03\/ofic-discapacidad-2.jpg?resize=200%2C132&amp;ssl=1 200w, https:\/\/i0.wp.com\/eltrabajo.cl\/portal\/wp-content\/uploads\/2016\/03\/ofic-discapacidad-2.jpg?resize=300%2C198&amp;ssl=1 300w, https:\/\/i0.wp.com\/eltrabajo.cl\/portal\/wp-content\/uploads\/2016\/03\/ofic-discapacidad-2.jpg?resize=227%2C150&amp;ssl=1 227w, https:\/\/i0.wp.com\/eltrabajo.cl\/portal\/wp-content\/uploads\/2016\/03\/ofic-discapacidad-2.jpg?resize=400%2C264&amp;ssl=1 400w\" sizes=\"auto, (max-width: 530px) 100vw, 530px\" \/><\/a><figcaption id=\"caption-attachment-68248\" class=\"wp-caption-text\">Alcalde Freire junto a usuarios y familiares del Club Vida Nueva.<\/figcaption><\/figure>\n","protected":false},"excerpt":{"rendered":"<p>Con recursos municipales fue ampliado y acondicionado el espacio donde todos los lunes, personas con discapacidad mental se re\u00fanen para elaborar este producto. Felices se mostraron los usuarios del Club Vida Nueva,&#8230;<\/p>\n","protected":false},"author":1,"featured_media":68247,"comment_status":"open","ping_status":"open","sticky":false,"template":"","format":"standard","meta":{"advanced_seo_description":"","jetpack_seo_html_title":"","jetpack_seo_noindex":false,"_jetpack_memberships_contains_paid_content":false,"footnotes":""},"categories":[1],"tags":[],"class_list":["post-68246","post","type-post","status-publish","format-standard","has-post-thumbnail","hentry","category-cronica"],"jetpack_featured_media_url":"https:\/\/i0.wp.com\/eltrabajo.cl\/portal\/wp-content\/uploads\/2016\/03\/ofic-discapacidad-1.jpg?fit=530%2C350&ssl=1","jetpack_sharing_enabled":true,"jetpack_likes_enabled":true,"jetpack-related-posts":[],"_links":{"self":[{"href":"https:\/\/eltrabajo.cl\/portal\/wp-json\/wp\/v2\/posts\/68246","targetHints":{"allow":["GET"]}}],"collection":[{"href":"https:\/\/eltrabajo.cl\/portal\/wp-json\/wp\/v2\/posts"}],"about":[{"href":"https:\/\/eltrabajo.cl\/portal\/wp-json\/wp\/v2\/types\/post"}],"author":[{"embeddable":true,"href":"https:\/\/eltrabajo.cl\/portal\/wp-json\/wp\/v2\/users\/1"}],"replies":[{"embeddable":true,"href":"https:\/\/eltrabajo.cl\/portal\/wp-json\/wp\/v2\/comments?post=68246"}],"version-history":[{"count":0,"href":"https:\/\/eltrabajo.cl\/portal\/wp-json\/wp\/v2\/posts\/68246\/revisions"}],"wp:featuredmedia":[{"embeddable":true,"href":"https:\/\/eltrabajo.cl\/portal\/wp-json\/wp\/v2\/media\/68247"}],"wp:attachment":[{"href":"https:\/\/eltrabajo.cl\/portal\/wp-json\/wp\/v2\/media?parent=68246"}],"wp:term":[{"taxonomy":"category","embeddable":true,"href":"https:\/\/eltrabajo.cl\/portal\/wp-json\/wp\/v2\/categories?post=68246"},{"taxonomy":"post_tag","embeddable":true,"href":"https:\/\/eltrabajo.cl\/portal\/wp-json\/wp\/v2\/tags?post=68246"}],"curies":[{"name":"wp","href":"https:\/\/api.w.org\/{rel}","templated":true}]}}