{"id":68251,"date":"2016-03-31T07:12:46","date_gmt":"2016-03-31T10:12:46","guid":{"rendered":"http:\/\/www.eltrabajo.cl\/portal\/?p=68251"},"modified":"2016-03-31T07:12:46","modified_gmt":"2016-03-31T10:12:46","slug":"el-sabado-se-realiza-el-encuentro-nacional-de-payadores-en-putaendo","status":"publish","type":"post","link":"https:\/\/eltrabajo.cl\/portal\/el-sabado-se-realiza-el-encuentro-nacional-de-payadores-en-putaendo\/","title":{"rendered":"El s\u00e1bado se realiza el Encuentro Nacional de Payadores en Putaendo"},"content":{"rendered":"<figure id=\"attachment_68252\" aria-describedby=\"caption-attachment-68252\" style=\"width: 300px\" class=\"wp-caption alignleft\"><a href=\"http:\/\/www.eltrabajo.cl\/portal\/el-sabado-se-realiza-el-encuentro-nacional-de-payadores-en-putaendo\/choro1-3\/\" rel=\"attachment wp-att-68252\"><img data-recalc-dims=\"1\" loading=\"lazy\" decoding=\"async\" class=\"size-medium wp-image-68252\" src=\"https:\/\/i0.wp.com\/www.eltrabajo.cl\/portal\/wp-content\/uploads\/2016\/03\/Choro1-300x198.jpg?resize=300%2C198\" alt=\"Pedro \u2018Choro\u2019 Estay, Presidente Asociaci\u00f3n de Payadores de Putaendo, encargada de la producci\u00f3n junto a la Municipalidad de Putaendo.\" width=\"300\" height=\"198\" srcset=\"https:\/\/i0.wp.com\/eltrabajo.cl\/portal\/wp-content\/uploads\/2016\/03\/Choro1.jpg?resize=300%2C198&amp;ssl=1 300w, https:\/\/i0.wp.com\/eltrabajo.cl\/portal\/wp-content\/uploads\/2016\/03\/Choro1.jpg?resize=200%2C132&amp;ssl=1 200w, https:\/\/i0.wp.com\/eltrabajo.cl\/portal\/wp-content\/uploads\/2016\/03\/Choro1.jpg?resize=227%2C150&amp;ssl=1 227w, https:\/\/i0.wp.com\/eltrabajo.cl\/portal\/wp-content\/uploads\/2016\/03\/Choro1.jpg?resize=400%2C264&amp;ssl=1 400w, https:\/\/i0.wp.com\/eltrabajo.cl\/portal\/wp-content\/uploads\/2016\/03\/Choro1.jpg?w=530&amp;ssl=1 530w\" sizes=\"auto, (max-width: 300px) 100vw, 300px\" \/><\/a><figcaption id=\"caption-attachment-68252\" class=\"wp-caption-text\">Pedro \u2018Choro\u2019 Estay, Presidente Asociaci\u00f3n de Payadores de Putaendo, encargada de la producci\u00f3n junto a la Municipalidad de Putaendo.<\/figcaption><\/figure>\n<p>Nuevamente la comuna de Putaendo ser\u00e1 sede del Encuentro Nacional de Payadores, evento que se ha consolidado como uno de los m\u00e1s importantes en el pa\u00eds y que re\u00fane a diversos artistas provenientes de distintas zonas de Chile y que se dar\u00e1n cita en nuestra comuna este s\u00e1bado 2 de abril en el Liceo Manuel Mar\u00edn Fritis.<br \/>\nAs\u00ed lo dio a conocer el conocido payador, poeta popular y cantor a lo humano y lo divino Pedro \u2018Choro\u2019 Estay, quien adem\u00e1s ejerce como Presidente de la Asociaci\u00f3n de Payadores de Putaendo, organizaci\u00f3n encargada de producir esta actividad en conjunto con la Municipalidad de Putaendo.<br \/>\nEl conocido artista putaendino se mostr\u00f3 entusiasmado por una nueva versi\u00f3n del Encuentro Nacional de Payadores, que se viene desarrollando en nuestra comuna desde hace 23 a\u00f1os y que a\u00f1o a a\u00f1o ha ido despertando el inter\u00e9s no tan s\u00f3lo de los habitantes de nuestra comuna, sino que de muchas personas que acuden desde varias regiones para presenciarlo.<br \/>\nEstay indic\u00f3 que esperan la participaci\u00f3n de unos 28 exponentes que dar\u00e1n vida a este evento, que tendr\u00e1 un valor por entrada de $800, que ir\u00e1 acompa\u00f1ado por un vaso de vino tinto y una rica sopaipilla.<br \/>\nLa XXIII versi\u00f3n del Encuentro Nacional de Payadores tendr\u00e1 lugar este s\u00e1bado 2 de abril, desde las 20:00 horas en el Liceo Manuel Mar\u00edn Fritis de Putaendo.<\/p>\n","protected":false},"excerpt":{"rendered":"<p>Nuevamente la comuna de Putaendo ser\u00e1 sede del Encuentro Nacional de Payadores, evento que se ha consolidado como uno de los m\u00e1s importantes en el pa\u00eds y que re\u00fane a diversos artistas&#8230;<\/p>\n","protected":false},"author":1,"featured_media":68252,"comment_status":"open","ping_status":"open","sticky":false,"template":"","format":"standard","meta":{"advanced_seo_description":"","jetpack_seo_html_title":"","jetpack_seo_noindex":false,"_jetpack_memberships_contains_paid_content":false,"footnotes":""},"categories":[1],"tags":[],"class_list":["post-68251","post","type-post","status-publish","format-standard","has-post-thumbnail","hentry","category-cronica"],"jetpack_featured_media_url":"https:\/\/i0.wp.com\/eltrabajo.cl\/portal\/wp-content\/uploads\/2016\/03\/Choro1.jpg?fit=530%2C350&ssl=1","jetpack_sharing_enabled":true,"jetpack_likes_enabled":true,"jetpack-related-posts":[],"_links":{"self":[{"href":"https:\/\/eltrabajo.cl\/portal\/wp-json\/wp\/v2\/posts\/68251","targetHints":{"allow":["GET"]}}],"collection":[{"href":"https:\/\/eltrabajo.cl\/portal\/wp-json\/wp\/v2\/posts"}],"about":[{"href":"https:\/\/eltrabajo.cl\/portal\/wp-json\/wp\/v2\/types\/post"}],"author":[{"embeddable":true,"href":"https:\/\/eltrabajo.cl\/portal\/wp-json\/wp\/v2\/users\/1"}],"replies":[{"embeddable":true,"href":"https:\/\/eltrabajo.cl\/portal\/wp-json\/wp\/v2\/comments?post=68251"}],"version-history":[{"count":0,"href":"https:\/\/eltrabajo.cl\/portal\/wp-json\/wp\/v2\/posts\/68251\/revisions"}],"wp:featuredmedia":[{"embeddable":true,"href":"https:\/\/eltrabajo.cl\/portal\/wp-json\/wp\/v2\/media\/68252"}],"wp:attachment":[{"href":"https:\/\/eltrabajo.cl\/portal\/wp-json\/wp\/v2\/media?parent=68251"}],"wp:term":[{"taxonomy":"category","embeddable":true,"href":"https:\/\/eltrabajo.cl\/portal\/wp-json\/wp\/v2\/categories?post=68251"},{"taxonomy":"post_tag","embeddable":true,"href":"https:\/\/eltrabajo.cl\/portal\/wp-json\/wp\/v2\/tags?post=68251"}],"curies":[{"name":"wp","href":"https:\/\/api.w.org\/{rel}","templated":true}]}}