{"id":68255,"date":"2016-03-31T07:14:28","date_gmt":"2016-03-31T10:14:28","guid":{"rendered":"http:\/\/www.eltrabajo.cl\/portal\/?p=68255"},"modified":"2016-03-31T07:28:54","modified_gmt":"2016-03-31T10:28:54","slug":"condenan-a-15-anos-al-pirata-por-asalto-a-sucursal-del-banco-santander-del-puerto-terrestre","status":"publish","type":"post","link":"https:\/\/eltrabajo.cl\/portal\/condenan-a-15-anos-al-pirata-por-asalto-a-sucursal-del-banco-santander-del-puerto-terrestre\/","title":{"rendered":"Condenan a 15 a\u00f1os al \u2018Pirata\u2019 por asalto al Banco Santander del Puerto Terrestre"},"content":{"rendered":"<p><strong>Fiscal\u00eda hab\u00eda pedido presidio perpetuo simple por dos delitos de robo con intimidaci\u00f3n.<\/strong><br \/>\n<strong>LOS ANDES.-<\/strong> A 15 a\u00f1os y un d\u00eda de presidio mayor en su grado m\u00e1ximo fue condenado por el Tribunal de Juicio Oral de Los Andes el peligroso delincuente Esteban Mauricio Ar\u00e9valo Sep\u00falveda (36), alias \u2018El Pirata\u2019, quien el 28 de agosto de 2014 junto otros antisociales que nunca fueron capturados particip\u00f3 del asalto a la sucursal del banco Santander ubicada al interior del Puerto Terrestre de El Sauce.<br \/>\nCerca de las 9 de la ma\u00f1ana de ese d\u00eda, \u2018El Pirata\u2019 previamente concertado con otros sujetos llegaron hasta la sucursal del banco Santander y enca\u00f1onaron al guardia de seguridad con una pistola a fogueo y luego le sustrajeron su arma de fuego, un revolver Taurus calibre 38.<br \/>\nLos asaltantes adem\u00e1s enca\u00f1onaron a los clientes a quienes sustraen especies y lo mismo ocurre con personal del banco, a quienes enca\u00f1onan con las armas de fuego que portaban los acusados, quienes adem\u00e1s son insultados, amenazados e intimidados, requiriendo la entrada al sector de b\u00f3vedas del banco.<br \/>\nComo las b\u00f3vedas solo pod\u00edan ser abiertas de manera remota desde Santiago, los antisociales decidieron sustraer el dinero que hasta ese minuto hab\u00eda en las cajas, apropi\u00e1ndose de m\u00e1s de 4 millones de pesos y 691 D\u00f3lares, huyendo del lugar.<\/p>\n<p><strong>SECUESTRO DE CONDUCTOR<\/strong><br \/>\nConforme a los antecedentes de la carpeta investigativa, para llegar al lugar del asalto, el mismo d\u00eda 28, antes de las 9 de la ma\u00f1ana los maleantes concurrieron hasta la calle Rodr\u00edguez frente al N\u00ba 31 donde se ubica la sede de la Fetramin, enca\u00f1onaron a L. F. V. L., propietario de una Suv Ford Escape, a quien maniataron subi\u00e9ndolo en la parte posterior del m\u00f3vil.<br \/>\nDesde all\u00ed se dirigen al Puerto Terrestre donde perpetran el asalto y huyen en este mismo veh\u00edculo, el cual dejan abandonado en un callej\u00f3n cercano, donde luego de huir a pie por unos instantes, abordan el autom\u00f3vil Kia Rio4 conducido por C. R. A. L., el que pasaba por el lugar y a quien intimidaron con armas de fuego.<br \/>\nMientras esto ocurre, Carabineros quienes ya hab\u00edan sido alertados del robo ocurrido en el banco concurren velozmente al lugar, percat\u00e1ndose que los autores del robo, con sus vestimentas caracter\u00edsticas hu\u00edan del lugar en el autom\u00f3vil de color Azul, inici\u00e1ndose una persecuci\u00f3n hasta la calle Los Quilos en la poblaci\u00f3n Los Libertadores, lugar donde los 3 asaltantes salen del veh\u00edculo huyendo en diversas direcciones.<br \/>\nEn su escape, el \u2018Pirata\u2019 ingres\u00f3 a un inmueble de esa misma calle donde se escondi\u00f3 en el pat\u00edo a un costado de una casa para perros, siendo finalmente sorprendido y detenido por Carabineros.<br \/>\nJunto a \u00e9l se hallaron el overol y un rev\u00f3lver calibre 32 que uso para el atraco, sin embargo, el resto de la banda nunca fue detenida.<br \/>\nDurante el juicio quedaron al descubierto pericias que demostraron al menos hubo una comunicaci\u00f3n telef\u00f3nica entre los asaltantes y el conductor del auto Kia, pero finalmente la fiscal\u00eda no imput\u00f3 a C.A.R.L.<br \/>\nTampoco el \u2018Pirata\u2019 aport\u00f3 mayores antecedentes sobre quienes eran sus compa\u00f1eros de fechor\u00edas, siendo llevado a juicio y acusado por dos delitos de robo con intimidaci\u00f3n; uno perpetrado en contra del conductor del Ford Escape y el otro en contra de la entidad bancaria, adem\u00e1s del delito de porte ilegal de arma de fuego.<br \/>\nPor los dos robos con intimidaci\u00f3n el Ministerio P\u00fablico representado por su fiscal Jefe Ricardo Reinoso solicit\u00f3 una pena de presidio perpetuo simple, m\u00e1s otros 5 a\u00f1os por el porte ilegal de arma de fuego.<br \/>\nFinalmente el tribunal de juicio oral integrado por los magistrados Carolina Escandon Cox, Mar\u00eda Cornejo Sandoval y Alex Guzm\u00e1n Manr\u00edquez resolvi\u00f3 absolver al \u2018Pirata\u2019 de uno de los delitos de robo con intimidaci\u00f3n perpetrado en contra del conductor de la SUV y del porte de arma de fuego, conden\u00e1ndolo solamente por el asalto al banco.<br \/>\nEl \u2018Pirata\u2019 cumplir\u00e1 sus 15 a\u00f1os de reclusi\u00f3n en el Centro de Cumplimiento Penitenciario de Valpara\u00edso, lugar donde fue recluido una vez que qued\u00f3 en prisi\u00f3n preventiva.<\/p>\n<figure id=\"attachment_68256\" aria-describedby=\"caption-attachment-68256\" style=\"width: 530px\" class=\"wp-caption alignleft\"><a href=\"http:\/\/www.eltrabajo.cl\/portal\/condenan-a-15-anos-al-pirata-por-asalto-a-sucursal-del-banco-santander-del-puerto-terrestre\/pirata2\/\" rel=\"attachment wp-att-68256\"><img data-recalc-dims=\"1\" loading=\"lazy\" decoding=\"async\" class=\"size-full wp-image-68256\" src=\"https:\/\/i0.wp.com\/www.eltrabajo.cl\/portal\/wp-content\/uploads\/2016\/03\/pirata2.jpg?resize=530%2C350\" alt=\"\u2018El Pirata\u2019 deber\u00e1 cumplir una pena de 15 a\u00f1os en la c\u00e1rcel de Valpara\u00edso, tras el robo de una sucursal de Banco Santander del Puerto Terrestre.\" width=\"530\" height=\"350\" srcset=\"https:\/\/i0.wp.com\/eltrabajo.cl\/portal\/wp-content\/uploads\/2016\/03\/pirata2.jpg?w=530&amp;ssl=1 530w, https:\/\/i0.wp.com\/eltrabajo.cl\/portal\/wp-content\/uploads\/2016\/03\/pirata2.jpg?resize=200%2C132&amp;ssl=1 200w, https:\/\/i0.wp.com\/eltrabajo.cl\/portal\/wp-content\/uploads\/2016\/03\/pirata2.jpg?resize=300%2C198&amp;ssl=1 300w, https:\/\/i0.wp.com\/eltrabajo.cl\/portal\/wp-content\/uploads\/2016\/03\/pirata2.jpg?resize=227%2C150&amp;ssl=1 227w, https:\/\/i0.wp.com\/eltrabajo.cl\/portal\/wp-content\/uploads\/2016\/03\/pirata2.jpg?resize=400%2C264&amp;ssl=1 400w\" sizes=\"auto, (max-width: 530px) 100vw, 530px\" \/><\/a><figcaption id=\"caption-attachment-68256\" class=\"wp-caption-text\">\u2018El Pirata\u2019 deber\u00e1 cumplir una pena de 15 a\u00f1os en la c\u00e1rcel de Valpara\u00edso, tras el robo de una sucursal de Banco Santander del Puerto Terrestre.<\/figcaption><\/figure>\n","protected":false},"excerpt":{"rendered":"<p>Fiscal\u00eda hab\u00eda pedido presidio perpetuo simple por dos delitos de robo con intimidaci\u00f3n. LOS ANDES.- A 15 a\u00f1os y un d\u00eda de presidio mayor en su grado m\u00e1ximo fue condenado por el&#8230;<\/p>\n","protected":false},"author":1,"featured_media":68256,"comment_status":"open","ping_status":"open","sticky":false,"template":"","format":"standard","meta":{"advanced_seo_description":"","jetpack_seo_html_title":"","jetpack_seo_noindex":false,"_jetpack_memberships_contains_paid_content":false,"footnotes":""},"categories":[21],"tags":[],"class_list":["post-68255","post","type-post","status-publish","format-standard","has-post-thumbnail","hentry","category-policial"],"jetpack_featured_media_url":"https:\/\/i0.wp.com\/eltrabajo.cl\/portal\/wp-content\/uploads\/2016\/03\/pirata2.jpg?fit=530%2C350&ssl=1","jetpack_sharing_enabled":true,"jetpack_likes_enabled":true,"jetpack-related-posts":[],"_links":{"self":[{"href":"https:\/\/eltrabajo.cl\/portal\/wp-json\/wp\/v2\/posts\/68255","targetHints":{"allow":["GET"]}}],"collection":[{"href":"https:\/\/eltrabajo.cl\/portal\/wp-json\/wp\/v2\/posts"}],"about":[{"href":"https:\/\/eltrabajo.cl\/portal\/wp-json\/wp\/v2\/types\/post"}],"author":[{"embeddable":true,"href":"https:\/\/eltrabajo.cl\/portal\/wp-json\/wp\/v2\/users\/1"}],"replies":[{"embeddable":true,"href":"https:\/\/eltrabajo.cl\/portal\/wp-json\/wp\/v2\/comments?post=68255"}],"version-history":[{"count":0,"href":"https:\/\/eltrabajo.cl\/portal\/wp-json\/wp\/v2\/posts\/68255\/revisions"}],"wp:featuredmedia":[{"embeddable":true,"href":"https:\/\/eltrabajo.cl\/portal\/wp-json\/wp\/v2\/media\/68256"}],"wp:attachment":[{"href":"https:\/\/eltrabajo.cl\/portal\/wp-json\/wp\/v2\/media?parent=68255"}],"wp:term":[{"taxonomy":"category","embeddable":true,"href":"https:\/\/eltrabajo.cl\/portal\/wp-json\/wp\/v2\/categories?post=68255"},{"taxonomy":"post_tag","embeddable":true,"href":"https:\/\/eltrabajo.cl\/portal\/wp-json\/wp\/v2\/tags?post=68255"}],"curies":[{"name":"wp","href":"https:\/\/api.w.org\/{rel}","templated":true}]}}