{"id":68259,"date":"2016-03-31T07:17:57","date_gmt":"2016-03-31T10:17:57","guid":{"rendered":"http:\/\/www.eltrabajo.cl\/portal\/?p=68259"},"modified":"2016-03-31T07:17:57","modified_gmt":"2016-03-31T10:17:57","slug":"este-viernes-comienza-proceso-de-encuestaje-correspondiente-al-pre-censo","status":"publish","type":"post","link":"https:\/\/eltrabajo.cl\/portal\/este-viernes-comienza-proceso-de-encuestaje-correspondiente-al-pre-censo\/","title":{"rendered":"Este viernes comienza proceso de encuestaje correspondiente al pre-Censo"},"content":{"rendered":"<figure id=\"attachment_68260\" aria-describedby=\"caption-attachment-68260\" style=\"width: 300px\" class=\"wp-caption alignleft\"><a href=\"http:\/\/www.eltrabajo.cl\/portal\/este-viernes-comienza-proceso-de-encuestaje-correspondiente-al-pre-censo\/foto-1-carola-faundez-encargada-regional-del-censo\/\" rel=\"attachment wp-att-68260\"><img data-recalc-dims=\"1\" loading=\"lazy\" decoding=\"async\" class=\"size-medium wp-image-68260\" src=\"https:\/\/i0.wp.com\/www.eltrabajo.cl\/portal\/wp-content\/uploads\/2016\/03\/FOTO-1-Carola-Faundez-encargada-regional-del-Censo-300x198.jpg?resize=300%2C198\" alt=\"Carola Fa\u00fandez, encargada regional del Censo.\" width=\"300\" height=\"198\" srcset=\"https:\/\/i0.wp.com\/eltrabajo.cl\/portal\/wp-content\/uploads\/2016\/03\/FOTO-1-Carola-Faundez-encargada-regional-del-Censo.jpg?resize=300%2C198&amp;ssl=1 300w, https:\/\/i0.wp.com\/eltrabajo.cl\/portal\/wp-content\/uploads\/2016\/03\/FOTO-1-Carola-Faundez-encargada-regional-del-Censo.jpg?resize=200%2C132&amp;ssl=1 200w, https:\/\/i0.wp.com\/eltrabajo.cl\/portal\/wp-content\/uploads\/2016\/03\/FOTO-1-Carola-Faundez-encargada-regional-del-Censo.jpg?resize=227%2C150&amp;ssl=1 227w, https:\/\/i0.wp.com\/eltrabajo.cl\/portal\/wp-content\/uploads\/2016\/03\/FOTO-1-Carola-Faundez-encargada-regional-del-Censo.jpg?resize=400%2C264&amp;ssl=1 400w, https:\/\/i0.wp.com\/eltrabajo.cl\/portal\/wp-content\/uploads\/2016\/03\/FOTO-1-Carola-Faundez-encargada-regional-del-Censo.jpg?w=530&amp;ssl=1 530w\" sizes=\"auto, (max-width: 300px) 100vw, 300px\" \/><\/a><figcaption id=\"caption-attachment-68260\" class=\"wp-caption-text\">Carola Fa\u00fandez, encargada regional del Censo.<\/figcaption><\/figure>\n<p><strong>Instrumento implica un levantamiento de informaci\u00f3n previo al Censo 2017:<\/strong><br \/>\nAlrededor de 35 trabajadores del INE, debidamente identificados, recorrer\u00e1n las 6 comunas de la provincia de San Felipe entre el 1 de abril y el 30 de junio.<br \/>\nEl pr\u00f3ximo viernes 1 de abril, se comenzar\u00e1 a desarrollar en las 6 comunas de la Provincia de San Felipe, el instrumento que el Instituto Nacional de Estad\u00edsticas, INE, ha catalogado como pre-Censo y que tiene por objetivo levantar ciertos datos, previo a la realizaci\u00f3n del Censo definitivo a realizarse el 19 de abril del 2017.<br \/>\nLuego que ya se realizara la constituci\u00f3n de la Comisi\u00f3n Provincial, el proceso estar\u00e1 en funcionamiento hasta fines de junio. As\u00ed lo acot\u00f3 Carola Fa\u00fandez, encargada operativa regional del Censo, quien detall\u00f3 que \u201cel Censo tiene diferentes etapas, dentro de ellas, est\u00e1 la constituci\u00f3n de la Comisi\u00f3n Provincial, a partir de la cual, empiezan a funcionar las comisiones comunales que ejecutan todas las acciones necesarias para hacer el levantamiento del Censo de forma adecuada\u201d, dijo.<br \/>\nRespecto de cu\u00e1les son las caracter\u00edsticas que identificar\u00e1n a los encuestadores, la profesional agreg\u00f3 que \u201cnuestros funcionarios va a andar debidamente identificados, cada persona va con su casaquilla azul, su credencial y en la p\u00e1gina del INE habr\u00e1 un banner para ver a los funcionarios y cerciorarse que efectivamente est\u00e9n trabajando con nosotros\u201d, afirm\u00f3, agregando que uno de los objetivos que pretende cumplir esta fase \u2013previa al Censo de abril de 2017- es determinar, entre otras cosas cu\u00e1ntos censistas se requieren para el momento del encuestaje definitivo.<br \/>\nA su vez, el Gobernador de San Felipe, Eduardo Le\u00f3n, destac\u00f3 cu\u00e1l es la relevancia de esta instancia, a\u00f1adiendo que \u201ctenemos importantes labores que realizar, esperamos que a la brevedad las comisiones comunales del pre-Censo se constituyan, prepar\u00e1ndonos para el Censo que se va a realizar en 2017. As\u00ed que nosotros hacemos un llamado a todos los servicios p\u00fablicos, municipios y tambi\u00e9n a los encargados operativos que ya est\u00e1n trabajando para poder llevar a cabo un buen desarrollo de este instrumento que es esencial para nuestras pol\u00edticas p\u00fablicas\u201d, remat\u00f3.<\/p>\n<figure id=\"attachment_68261\" aria-describedby=\"caption-attachment-68261\" style=\"width: 530px\" class=\"wp-caption alignleft\"><a href=\"http:\/\/www.eltrabajo.cl\/portal\/este-viernes-comienza-proceso-de-encuestaje-correspondiente-al-pre-censo\/porta-encuestadores\/\" rel=\"attachment wp-att-68261\"><img data-recalc-dims=\"1\" loading=\"lazy\" decoding=\"async\" class=\"size-full wp-image-68261\" src=\"https:\/\/i0.wp.com\/www.eltrabajo.cl\/portal\/wp-content\/uploads\/2016\/03\/porta-Encuestadores.jpg?resize=530%2C349\" alt=\"Parte de los encuestadores que comenzar\u00e1n el levantamiento de informaci\u00f3n a partir de la constituci\u00f3n provincial de Censo, realizada durante la jornada del lunes.\" width=\"530\" height=\"349\" srcset=\"https:\/\/i0.wp.com\/eltrabajo.cl\/portal\/wp-content\/uploads\/2016\/03\/porta-Encuestadores.jpg?w=530&amp;ssl=1 530w, https:\/\/i0.wp.com\/eltrabajo.cl\/portal\/wp-content\/uploads\/2016\/03\/porta-Encuestadores.jpg?resize=200%2C132&amp;ssl=1 200w, https:\/\/i0.wp.com\/eltrabajo.cl\/portal\/wp-content\/uploads\/2016\/03\/porta-Encuestadores.jpg?resize=300%2C198&amp;ssl=1 300w, https:\/\/i0.wp.com\/eltrabajo.cl\/portal\/wp-content\/uploads\/2016\/03\/porta-Encuestadores.jpg?resize=228%2C150&amp;ssl=1 228w, https:\/\/i0.wp.com\/eltrabajo.cl\/portal\/wp-content\/uploads\/2016\/03\/porta-Encuestadores.jpg?resize=400%2C263&amp;ssl=1 400w\" sizes=\"auto, (max-width: 530px) 100vw, 530px\" \/><\/a><figcaption id=\"caption-attachment-68261\" class=\"wp-caption-text\">Parte de los encuestadores que comenzar\u00e1n el levantamiento de informaci\u00f3n a partir de la constituci\u00f3n provincial de Censo, realizada durante la jornada del lunes.<\/figcaption><\/figure>\n","protected":false},"excerpt":{"rendered":"<p>Instrumento implica un levantamiento de informaci\u00f3n previo al Censo 2017: Alrededor de 35 trabajadores del INE, debidamente identificados, recorrer\u00e1n las 6 comunas de la provincia de San Felipe entre el 1 de&#8230;<\/p>\n","protected":false},"author":1,"featured_media":68261,"comment_status":"open","ping_status":"open","sticky":false,"template":"","format":"standard","meta":{"advanced_seo_description":"","jetpack_seo_html_title":"","jetpack_seo_noindex":false,"_jetpack_memberships_contains_paid_content":false,"footnotes":""},"categories":[1],"tags":[],"class_list":["post-68259","post","type-post","status-publish","format-standard","has-post-thumbnail","hentry","category-cronica"],"jetpack_featured_media_url":"https:\/\/i0.wp.com\/eltrabajo.cl\/portal\/wp-content\/uploads\/2016\/03\/porta-Encuestadores.jpg?fit=530%2C349&ssl=1","jetpack_sharing_enabled":true,"jetpack_likes_enabled":true,"jetpack-related-posts":[],"_links":{"self":[{"href":"https:\/\/eltrabajo.cl\/portal\/wp-json\/wp\/v2\/posts\/68259","targetHints":{"allow":["GET"]}}],"collection":[{"href":"https:\/\/eltrabajo.cl\/portal\/wp-json\/wp\/v2\/posts"}],"about":[{"href":"https:\/\/eltrabajo.cl\/portal\/wp-json\/wp\/v2\/types\/post"}],"author":[{"embeddable":true,"href":"https:\/\/eltrabajo.cl\/portal\/wp-json\/wp\/v2\/users\/1"}],"replies":[{"embeddable":true,"href":"https:\/\/eltrabajo.cl\/portal\/wp-json\/wp\/v2\/comments?post=68259"}],"version-history":[{"count":0,"href":"https:\/\/eltrabajo.cl\/portal\/wp-json\/wp\/v2\/posts\/68259\/revisions"}],"wp:featuredmedia":[{"embeddable":true,"href":"https:\/\/eltrabajo.cl\/portal\/wp-json\/wp\/v2\/media\/68261"}],"wp:attachment":[{"href":"https:\/\/eltrabajo.cl\/portal\/wp-json\/wp\/v2\/media?parent=68259"}],"wp:term":[{"taxonomy":"category","embeddable":true,"href":"https:\/\/eltrabajo.cl\/portal\/wp-json\/wp\/v2\/categories?post=68259"},{"taxonomy":"post_tag","embeddable":true,"href":"https:\/\/eltrabajo.cl\/portal\/wp-json\/wp\/v2\/tags?post=68259"}],"curies":[{"name":"wp","href":"https:\/\/api.w.org\/{rel}","templated":true}]}}