{"id":68268,"date":"2016-03-31T07:24:09","date_gmt":"2016-03-31T10:24:09","guid":{"rendered":"http:\/\/www.eltrabajo.cl\/portal\/?p=68268"},"modified":"2016-03-31T07:24:09","modified_gmt":"2016-03-31T10:24:09","slug":"a-fines-de-mayo-comenzaria-juicio-por-muerte-de-comunicador-javier-munoz","status":"publish","type":"post","link":"https:\/\/eltrabajo.cl\/portal\/a-fines-de-mayo-comenzaria-juicio-por-muerte-de-comunicador-javier-munoz\/","title":{"rendered":"A fines de mayo comenzar\u00eda juicio por muerte de comunicador Javier Mu\u00f1oz"},"content":{"rendered":"<p><strong>Imputado Diego Vera arriesga hasta 5 a\u00f1os de presidio:<\/strong><br \/>\nTras audiencia de preparaci\u00f3n de juicio en el Tribunal de Garant\u00eda, se espera que dentro de los pr\u00f3ximos 60 d\u00edas se ejecute el procedimiento judicial, tras el cierre de la investigaci\u00f3n del lamentable accidente de tr\u00e1nsito donde falleci\u00f3 el relator deportivo.<br \/>\nAl mediod\u00eda de ayer mi\u00e9rcoles se realiz\u00f3 la audiencia de preparaci\u00f3n de juicio oral sobre el caso de la muerte del relator deportivo Javier Mu\u00f1oz Delgado. El imputado Diego Vera Pizarro, que se encuentra en prisi\u00f3n preventiva, podr\u00eda ser enjuiciado a fines del mes de mayo en el Tribunal Oral en Lo Penal de San Felipe.<br \/>\nEsta preparaci\u00f3n se enmarca dentro de la entrega de pruebas y acusaciones que se deben demostrar en el desarrollo de un juicio. Como se recordar\u00e1, la Fiscal\u00eda cerr\u00f3 la investigaci\u00f3n del caso reuniendo los antecedentes necesarios para elevar la imputaci\u00f3n de cargos que enfrentar\u00e1 el joven de 24 a\u00f1os de edad.<br \/>\nDesde el d\u00eda de ayer, el Tribunal Oral tiene hasta 60 d\u00edas para fijar la fecha de realizaci\u00f3n del juicio de acuerdo a la sobrecarga laboral. En esta instancia, acusado podr\u00eda ser condenado por una terna de jueces a una pena de cinco a\u00f1os de presidio menor en su grado m\u00e1ximo.<br \/>\nEl Ministerio P\u00fablico exhibir\u00e1 en ese proceso judicial p\u00fablico, los ex\u00e1menes de alcoholemia tanto del imputado Diego Vera como de la v\u00edctima Javier Mu\u00f1oz, informes periciales de la Siat de Carabineros, relatos de testigos y la extensi\u00f3n del mal causado a la familia del destacado relator sanfelipe\u00f1o del Canal del F\u00fatbol, entre otros antecedentes.<\/p>\n<p><strong>EL ACCIDENTE<\/strong><br \/>\nComo se recordar\u00e1, la tragedia ocurri\u00f3 el 29 de agosto de 2015, cuando Javier Mu\u00f1oz conduc\u00eda su veh\u00edculo marca JAC placa patente GK TG 93 de color gris desde la ciudad porte\u00f1a, para regresar a su morada en la poblaci\u00f3n La Escuadra de San Felipe, donde los esperaban su esposa y sus tres hijos. A eso de las 03:00 de la madrugada, en la ruta 60 CH, el comunicador fue impactado por el conductor Diego Esteban Vera Pizarro que comandaba en estado de ebriedad un veh\u00edculo Hyundai Accent placa patente GH KG 66, domiciliado en el sector El Array\u00e1n de Catemu, traspasando el eje de calzada a m\u00e1s de 150 kil\u00f3metros por hora, sobre el veh\u00edculo donde viajaba Javier, quedando ambos m\u00f3viles pr\u00e1cticamente desintegrados producto del violento choque.<br \/>\nA ra\u00edz de este accidente Mu\u00f1oz Delgado, de 43 a\u00f1os de edad, falleci\u00f3 mientras que Vera Pizarro salv\u00f3 ileso.<br \/>\n<strong>Pablo Salinas Sald\u00edas<\/strong><\/p>\n<figure id=\"attachment_68270\" aria-describedby=\"caption-attachment-68270\" style=\"width: 300px\" class=\"wp-caption alignleft\"><a href=\"http:\/\/www.eltrabajo.cl\/portal\/a-fines-de-mayo-comenzaria-juicio-por-muerte-de-comunicador-javier-munoz\/javier-munoz-5\/\" rel=\"attachment wp-att-68270\"><img data-recalc-dims=\"1\" loading=\"lazy\" decoding=\"async\" class=\"size-medium wp-image-68270\" src=\"https:\/\/i0.wp.com\/www.eltrabajo.cl\/portal\/wp-content\/uploads\/2016\/03\/JAVIER-MU%C3%91OZ-300x198.jpg?resize=300%2C198\" alt=\"Javier Mu\u00f1oz Delgado, destacado relator deportivo del Canal del F\u00fatbol falleci\u00f3 a los 43 a\u00f1os de edad.\" width=\"300\" height=\"198\" srcset=\"https:\/\/i0.wp.com\/eltrabajo.cl\/portal\/wp-content\/uploads\/2016\/03\/JAVIER-MU%C3%91OZ.jpg?resize=300%2C198&amp;ssl=1 300w, https:\/\/i0.wp.com\/eltrabajo.cl\/portal\/wp-content\/uploads\/2016\/03\/JAVIER-MU%C3%91OZ.jpg?resize=200%2C132&amp;ssl=1 200w, https:\/\/i0.wp.com\/eltrabajo.cl\/portal\/wp-content\/uploads\/2016\/03\/JAVIER-MU%C3%91OZ.jpg?resize=228%2C150&amp;ssl=1 228w, https:\/\/i0.wp.com\/eltrabajo.cl\/portal\/wp-content\/uploads\/2016\/03\/JAVIER-MU%C3%91OZ.jpg?resize=400%2C263&amp;ssl=1 400w, https:\/\/i0.wp.com\/eltrabajo.cl\/portal\/wp-content\/uploads\/2016\/03\/JAVIER-MU%C3%91OZ.jpg?w=530&amp;ssl=1 530w\" sizes=\"auto, (max-width: 300px) 100vw, 300px\" \/><\/a><figcaption id=\"caption-attachment-68270\" class=\"wp-caption-text\">Javier Mu\u00f1oz Delgado, destacado relator deportivo del Canal del F\u00fatbol falleci\u00f3 a los 43 a\u00f1os de edad.<\/figcaption><\/figure>\n<figure id=\"attachment_68269\" aria-describedby=\"caption-attachment-68269\" style=\"width: 300px\" class=\"wp-caption alignleft\"><a href=\"http:\/\/www.eltrabajo.cl\/portal\/a-fines-de-mayo-comenzaria-juicio-por-muerte-de-comunicador-javier-munoz\/diego-vera-pizarro\/\" rel=\"attachment wp-att-68269\"><img data-recalc-dims=\"1\" loading=\"lazy\" decoding=\"async\" class=\"size-medium wp-image-68269\" src=\"https:\/\/i0.wp.com\/www.eltrabajo.cl\/portal\/wp-content\/uploads\/2016\/03\/DIEGO-VERA-PIZARRO-300x197.jpg?resize=300%2C197\" alt=\"El imputado Diego Vera Pizarro de 24 a\u00f1os de edad, conduc\u00eda en estado de ebriedad, cuando impact\u00f3 el veh\u00edculo en que viajaba el comunicador sanfelipe\u00f1o que perdi\u00f3 la vida.\" width=\"300\" height=\"197\" srcset=\"https:\/\/i0.wp.com\/eltrabajo.cl\/portal\/wp-content\/uploads\/2016\/03\/DIEGO-VERA-PIZARRO.jpg?resize=300%2C197&amp;ssl=1 300w, https:\/\/i0.wp.com\/eltrabajo.cl\/portal\/wp-content\/uploads\/2016\/03\/DIEGO-VERA-PIZARRO.jpg?resize=200%2C131&amp;ssl=1 200w, https:\/\/i0.wp.com\/eltrabajo.cl\/portal\/wp-content\/uploads\/2016\/03\/DIEGO-VERA-PIZARRO.jpg?resize=228%2C150&amp;ssl=1 228w, https:\/\/i0.wp.com\/eltrabajo.cl\/portal\/wp-content\/uploads\/2016\/03\/DIEGO-VERA-PIZARRO.jpg?resize=400%2C263&amp;ssl=1 400w, https:\/\/i0.wp.com\/eltrabajo.cl\/portal\/wp-content\/uploads\/2016\/03\/DIEGO-VERA-PIZARRO.jpg?w=530&amp;ssl=1 530w\" sizes=\"auto, (max-width: 300px) 100vw, 300px\" \/><\/a><figcaption id=\"caption-attachment-68269\" class=\"wp-caption-text\">El imputado Diego Vera Pizarro de 24 a\u00f1os de edad, conduc\u00eda en estado de ebriedad, cuando impact\u00f3 el veh\u00edculo en que viajaba el comunicador sanfelipe\u00f1o que perdi\u00f3 la vida.<\/figcaption><\/figure>\n","protected":false},"excerpt":{"rendered":"<p>Imputado Diego Vera arriesga hasta 5 a\u00f1os de presidio: Tras audiencia de preparaci\u00f3n de juicio en el Tribunal de Garant\u00eda, se espera que dentro de los pr\u00f3ximos 60 d\u00edas se ejecute el&#8230;<\/p>\n","protected":false},"author":1,"featured_media":68270,"comment_status":"open","ping_status":"open","sticky":false,"template":"","format":"standard","meta":{"advanced_seo_description":"","jetpack_seo_html_title":"","jetpack_seo_noindex":false,"_jetpack_memberships_contains_paid_content":false,"footnotes":""},"categories":[21],"tags":[],"class_list":["post-68268","post","type-post","status-publish","format-standard","has-post-thumbnail","hentry","category-policial"],"jetpack_featured_media_url":"https:\/\/i0.wp.com\/eltrabajo.cl\/portal\/wp-content\/uploads\/2016\/03\/JAVIER-MU%C3%91OZ.jpg?fit=530%2C349&ssl=1","jetpack_sharing_enabled":true,"jetpack_likes_enabled":true,"jetpack-related-posts":[],"_links":{"self":[{"href":"https:\/\/eltrabajo.cl\/portal\/wp-json\/wp\/v2\/posts\/68268","targetHints":{"allow":["GET"]}}],"collection":[{"href":"https:\/\/eltrabajo.cl\/portal\/wp-json\/wp\/v2\/posts"}],"about":[{"href":"https:\/\/eltrabajo.cl\/portal\/wp-json\/wp\/v2\/types\/post"}],"author":[{"embeddable":true,"href":"https:\/\/eltrabajo.cl\/portal\/wp-json\/wp\/v2\/users\/1"}],"replies":[{"embeddable":true,"href":"https:\/\/eltrabajo.cl\/portal\/wp-json\/wp\/v2\/comments?post=68268"}],"version-history":[{"count":0,"href":"https:\/\/eltrabajo.cl\/portal\/wp-json\/wp\/v2\/posts\/68268\/revisions"}],"wp:featuredmedia":[{"embeddable":true,"href":"https:\/\/eltrabajo.cl\/portal\/wp-json\/wp\/v2\/media\/68270"}],"wp:attachment":[{"href":"https:\/\/eltrabajo.cl\/portal\/wp-json\/wp\/v2\/media?parent=68268"}],"wp:term":[{"taxonomy":"category","embeddable":true,"href":"https:\/\/eltrabajo.cl\/portal\/wp-json\/wp\/v2\/categories?post=68268"},{"taxonomy":"post_tag","embeddable":true,"href":"https:\/\/eltrabajo.cl\/portal\/wp-json\/wp\/v2\/tags?post=68268"}],"curies":[{"name":"wp","href":"https:\/\/api.w.org\/{rel}","templated":true}]}}