{"id":68284,"date":"2016-04-01T06:50:03","date_gmt":"2016-04-01T09:50:03","guid":{"rendered":"http:\/\/www.eltrabajo.cl\/portal\/?p=68284"},"modified":"2016-04-01T06:50:03","modified_gmt":"2016-04-01T09:50:03","slug":"una-vez-mas-corte-de-apelaciones-niega-instalacion-de-corte-en-aconcagua","status":"publish","type":"post","link":"https:\/\/eltrabajo.cl\/portal\/una-vez-mas-corte-de-apelaciones-niega-instalacion-de-corte-en-aconcagua\/","title":{"rendered":"Una vez m\u00e1s Corte de Apelaciones niega instalaci\u00f3n de Corte en Aconcagua"},"content":{"rendered":"<p>La ma\u00f1ana de ayer la senadora de Amplitud, Lily P\u00e9rez, se reuni\u00f3 con el Presidente de la Corte de Apelaciones de Valpara\u00edso, Ra\u00fal Mera, para solicitar una vez m\u00e1s la instalaci\u00f3n de una Corte de Apelaciones para el Valle de Aconcagua.<br \/>\nRecordemos que la Senadora desde el a\u00f1o pasado, se ha reunido con distintas autoridades competentes con el objetivo de que se instale una Corte, de manera de acercar la justicia a miles de personas de las Provincias de San Felipe y Los Andes.<br \/>\n\u201cNos vamos con un rotundo no, que nos ha dado nuevamente el pleno de la Corte de Apelaciones de Valpara\u00edso, a la instalaci\u00f3n de una sala de la Corte en el Aconcagua. Es tercera vez que yo he hecho la insistencia, he mandado los escritos correspondientes, la primera vez me argumentaron que no ten\u00edan jurisdicci\u00f3n, lo que no es real, porque si es la Corte de Valpara\u00edso, es para todo Valpara\u00edso, lo cual incluye el Aconcagua; en segunda instancia me argumentaron que ten\u00edan una recarga laboral y ahora el Ministro me ha dicho que el pleno de la Corte ha decidido rechazar este nuevo requerimiento, decepcionada obviamente, pero no vamos a bajar los brazos, porque estoy segura que alg\u00fan minuto lograremos Aconcagua regi\u00f3n, como una sala itinerante, para acercar la justicia a la gente\u201d, enfatiz\u00f3 Lily P\u00e9rez.<br \/>\n\u201cNosotros tenemos cerca de mil causas anuales, por eso muchas causas quedan en el camino debido a la lejan\u00eda, muchas veces la gente desiste de hacer denuncias, siente y ve que la justicia le queda lejos y significa mucho costo y por esa raz\u00f3n me parece una muy mala decisi\u00f3n la que ha tomado la Corte, pero uno tiene que respetar el poder aut\u00f3nomo de la Justicia, a pesar de que el Presidente de la Corte Suprema tiene una opini\u00f3n absolutamente distinta y el Ministerio de Justicia tambi\u00e9n, as\u00ed que yo espero que el Gobierno tome en consideraci\u00f3n esto y destine los recursos para la instalaci\u00f3n de una Corte de Apelaciones para el Aconcagua\u201d, agreg\u00f3 la Senadora de Amplitud.<\/p>\n<figure id=\"attachment_68285\" aria-describedby=\"caption-attachment-68285\" style=\"width: 300px\" class=\"wp-caption alignleft\"><a href=\"http:\/\/www.eltrabajo.cl\/portal\/una-vez-mas-corte-de-apelaciones-niega-instalacion-de-corte-en-aconcagua\/foto-senadora-lily-perez\/\" rel=\"attachment wp-att-68285\"><img data-recalc-dims=\"1\" loading=\"lazy\" decoding=\"async\" class=\"size-medium wp-image-68285\" src=\"https:\/\/i0.wp.com\/www.eltrabajo.cl\/portal\/wp-content\/uploads\/2016\/04\/FOTO-SENADORA-LILY-PEREZ-300x198.jpg?resize=300%2C198\" alt=\"Senadora Lily P\u00e9rez.\" width=\"300\" height=\"198\" srcset=\"https:\/\/i0.wp.com\/eltrabajo.cl\/portal\/wp-content\/uploads\/2016\/04\/FOTO-SENADORA-LILY-PEREZ.jpg?resize=300%2C198&amp;ssl=1 300w, https:\/\/i0.wp.com\/eltrabajo.cl\/portal\/wp-content\/uploads\/2016\/04\/FOTO-SENADORA-LILY-PEREZ.jpg?resize=200%2C132&amp;ssl=1 200w, https:\/\/i0.wp.com\/eltrabajo.cl\/portal\/wp-content\/uploads\/2016\/04\/FOTO-SENADORA-LILY-PEREZ.jpg?resize=227%2C150&amp;ssl=1 227w, https:\/\/i0.wp.com\/eltrabajo.cl\/portal\/wp-content\/uploads\/2016\/04\/FOTO-SENADORA-LILY-PEREZ.jpg?resize=400%2C264&amp;ssl=1 400w, https:\/\/i0.wp.com\/eltrabajo.cl\/portal\/wp-content\/uploads\/2016\/04\/FOTO-SENADORA-LILY-PEREZ.jpg?w=530&amp;ssl=1 530w\" sizes=\"auto, (max-width: 300px) 100vw, 300px\" \/><\/a><figcaption id=\"caption-attachment-68285\" class=\"wp-caption-text\">Senadora Lily P\u00e9rez.<\/figcaption><\/figure>\n","protected":false},"excerpt":{"rendered":"<p>La ma\u00f1ana de ayer la senadora de Amplitud, Lily P\u00e9rez, se reuni\u00f3 con el Presidente de la Corte de Apelaciones de Valpara\u00edso, Ra\u00fal Mera, para solicitar una vez m\u00e1s la instalaci\u00f3n de&#8230;<\/p>\n","protected":false},"author":1,"featured_media":68285,"comment_status":"open","ping_status":"open","sticky":false,"template":"","format":"standard","meta":{"advanced_seo_description":"","jetpack_seo_html_title":"","jetpack_seo_noindex":false,"_jetpack_memberships_contains_paid_content":false,"footnotes":""},"categories":[1],"tags":[],"class_list":["post-68284","post","type-post","status-publish","format-standard","has-post-thumbnail","hentry","category-cronica"],"jetpack_featured_media_url":"https:\/\/i0.wp.com\/eltrabajo.cl\/portal\/wp-content\/uploads\/2016\/04\/FOTO-SENADORA-LILY-PEREZ.jpg?fit=530%2C350&ssl=1","jetpack_sharing_enabled":true,"jetpack_likes_enabled":true,"jetpack-related-posts":[],"_links":{"self":[{"href":"https:\/\/eltrabajo.cl\/portal\/wp-json\/wp\/v2\/posts\/68284","targetHints":{"allow":["GET"]}}],"collection":[{"href":"https:\/\/eltrabajo.cl\/portal\/wp-json\/wp\/v2\/posts"}],"about":[{"href":"https:\/\/eltrabajo.cl\/portal\/wp-json\/wp\/v2\/types\/post"}],"author":[{"embeddable":true,"href":"https:\/\/eltrabajo.cl\/portal\/wp-json\/wp\/v2\/users\/1"}],"replies":[{"embeddable":true,"href":"https:\/\/eltrabajo.cl\/portal\/wp-json\/wp\/v2\/comments?post=68284"}],"version-history":[{"count":0,"href":"https:\/\/eltrabajo.cl\/portal\/wp-json\/wp\/v2\/posts\/68284\/revisions"}],"wp:featuredmedia":[{"embeddable":true,"href":"https:\/\/eltrabajo.cl\/portal\/wp-json\/wp\/v2\/media\/68285"}],"wp:attachment":[{"href":"https:\/\/eltrabajo.cl\/portal\/wp-json\/wp\/v2\/media?parent=68284"}],"wp:term":[{"taxonomy":"category","embeddable":true,"href":"https:\/\/eltrabajo.cl\/portal\/wp-json\/wp\/v2\/categories?post=68284"},{"taxonomy":"post_tag","embeddable":true,"href":"https:\/\/eltrabajo.cl\/portal\/wp-json\/wp\/v2\/tags?post=68284"}],"curies":[{"name":"wp","href":"https:\/\/api.w.org\/{rel}","templated":true}]}}