{"id":68288,"date":"2016-04-01T06:55:01","date_gmt":"2016-04-01T09:55:01","guid":{"rendered":"http:\/\/www.eltrabajo.cl\/portal\/?p=68288"},"modified":"2016-04-01T06:55:01","modified_gmt":"2016-04-01T09:55:01","slug":"parlamentarios-y-autoridades-de-gobierno-apoyarian-gran-mineria-en-los-patos","status":"publish","type":"post","link":"https:\/\/eltrabajo.cl\/portal\/parlamentarios-y-autoridades-de-gobierno-apoyarian-gran-mineria-en-los-patos\/","title":{"rendered":"Parlamentarios y autoridades de gobierno apoyar\u00edan gran miner\u00eda en Los Patos"},"content":{"rendered":"<figure id=\"attachment_68289\" aria-describedby=\"caption-attachment-68289\" style=\"width: 300px\" class=\"wp-caption alignleft\"><a href=\"http:\/\/www.eltrabajo.cl\/portal\/parlamentarios-y-autoridades-de-gobierno-apoyarian-gran-mineria-en-los-patos\/guillermo-reyes-24\/\" rel=\"attachment wp-att-68289\"><img data-recalc-dims=\"1\" loading=\"lazy\" decoding=\"async\" class=\"size-medium wp-image-68289\" src=\"https:\/\/i0.wp.com\/www.eltrabajo.cl\/portal\/wp-content\/uploads\/2016\/04\/Guillermo-Reyes-300x198.jpg?resize=300%2C198\" alt=\"Guillermo Reyes, alcalde de Putaendo.\" width=\"300\" height=\"198\" srcset=\"https:\/\/i0.wp.com\/eltrabajo.cl\/portal\/wp-content\/uploads\/2016\/04\/Guillermo-Reyes.jpg?resize=300%2C198&amp;ssl=1 300w, https:\/\/i0.wp.com\/eltrabajo.cl\/portal\/wp-content\/uploads\/2016\/04\/Guillermo-Reyes.jpg?resize=200%2C132&amp;ssl=1 200w, https:\/\/i0.wp.com\/eltrabajo.cl\/portal\/wp-content\/uploads\/2016\/04\/Guillermo-Reyes.jpg?resize=227%2C150&amp;ssl=1 227w, https:\/\/i0.wp.com\/eltrabajo.cl\/portal\/wp-content\/uploads\/2016\/04\/Guillermo-Reyes.jpg?resize=400%2C264&amp;ssl=1 400w, https:\/\/i0.wp.com\/eltrabajo.cl\/portal\/wp-content\/uploads\/2016\/04\/Guillermo-Reyes.jpg?w=530&amp;ssl=1 530w\" sizes=\"auto, (max-width: 300px) 100vw, 300px\" \/><\/a><figcaption id=\"caption-attachment-68289\" class=\"wp-caption-text\">Guillermo Reyes, alcalde de Putaendo.<\/figcaption><\/figure>\n<p><strong>La primera autoridad comunal inform\u00f3 los pasos que junto a diversas organizaciones est\u00e1n adoptando para mantener la oposici\u00f3n a grandes proyectos mineros.<\/strong><br \/>\n<strong>PUTAENDO.-<\/strong> \u201cS\u00f3lo un parlamentario me visit\u00f3 y fue para decirme que apoya la gran miner\u00eda en Putaendo\u201d, as\u00ed comenz\u00f3 sus declaraciones el alcalde Guillermo Reyes al referirse a las acciones que el municipio y distintas organizaciones est\u00e1n emprendiendo para evitar la instalaci\u00f3n de grandes proyectos mineros al interior de Los Patos, ocasi\u00f3n donde reconoci\u00f3 que el Senador Ignacio Walker, abiertamente le manifest\u00f3 su postura favorable a proyectos como el que lleva adelante la compa\u00f1\u00eda canadiense Andes Copper.<br \/>\n\u201cNi siquiera me dej\u00f3 explicarle la postura que tiene nuestra comuna respecto al tema y en forma inmediata el Senador Walker me insisti\u00f3 en que \u00e9l est\u00e1 a favor de la gran miner\u00eda\u201d, a\u00f1adi\u00f3 Reyes, quien afirm\u00f3 que hoy ve con mucha preocupaci\u00f3n la insensibilidad pol\u00edtica de los parlamentarios que representan a Aconcagua y c\u00f3mo algunas autoridades de Gobierno abiertamente ven con buenos ojos la llegada del proyecto minero e hidroel\u00e9ctrico.<br \/>\nEl edil fustig\u00f3 que tanto el ejecutivo como el parlamento est\u00e1n muy distantes del grave problema que hoy enfrenta Putaendo con la amenaza minera, porque literalmente hoy la comuna est\u00e1 sola y no cuenta con apoyos del gobierno ni del congreso, y prueba de ello es que ning\u00fan diputado o senador se ha interesado en venir a Putaendo, escuchar a las autoridades y a las organizaciones para conocer la postura de la comunidad frente a esta tem\u00e1tica.<br \/>\nFinalmente, Guillermo Reyes expres\u00f3 que incluso en la exposici\u00f3n que Andes Copper realiz\u00f3 hace algunos d\u00edas ante el Consejo Regional de Valpara\u00edso, una autoridad hab\u00eda se\u00f1alado que el proyecto hidroel\u00e9ctrico no es tan malo, lo que a juicio del edil, deja en evidencia el desconocimiento de muchas autoridades que no logran comprender que la empresa miente cuando asegura que mantendr\u00e1n el caudal ecol\u00f3gico, pues pr\u00e1cticamente durante algunas \u00e9pocas del a\u00f1o, el caudal del R\u00edo Roc\u00edn s\u00f3lo se abastece por aguas provenientes de glaciares de roca o vertientes, agregando que no hay que olvidar que tanto ese proyecto hidroel\u00e9ctrico como el proyecto minero pretenden construirlos a poco m\u00e1s de 20 kil\u00f3metros del Embalse Chacrillas, motivo por el cual pidi\u00f3 a las autoridades interiorizarse y escuchar la voz del pueblo, destacando c\u00f3mo los alcaldes pertenecientes a la Asociaci\u00f3n de Municipalidades V Regi\u00f3n Cordillera, en el primer encuentro del presente a\u00f1o en Hijuelas, y una vez que los alcaldes escucharon los argumentos que el entreg\u00f3, respaldaron a la Municipalidad de Putaendo para decir no a la gran miner\u00eda ni a la hidroel\u00e9ctrica.<br \/>\n<strong>Patricio Gallardo M.<\/strong><\/p>\n","protected":false},"excerpt":{"rendered":"<p>La primera autoridad comunal inform\u00f3 los pasos que junto a diversas organizaciones est\u00e1n adoptando para mantener la oposici\u00f3n a grandes proyectos mineros. PUTAENDO.- \u201cS\u00f3lo un parlamentario me visit\u00f3 y fue para decirme&#8230;<\/p>\n","protected":false},"author":1,"featured_media":68289,"comment_status":"open","ping_status":"open","sticky":false,"template":"","format":"standard","meta":{"advanced_seo_description":"","jetpack_seo_html_title":"","jetpack_seo_noindex":false,"_jetpack_memberships_contains_paid_content":false,"footnotes":""},"categories":[1],"tags":[],"class_list":["post-68288","post","type-post","status-publish","format-standard","has-post-thumbnail","hentry","category-cronica"],"jetpack_featured_media_url":"https:\/\/i0.wp.com\/eltrabajo.cl\/portal\/wp-content\/uploads\/2016\/04\/Guillermo-Reyes.jpg?fit=530%2C350&ssl=1","jetpack_sharing_enabled":true,"jetpack_likes_enabled":true,"jetpack-related-posts":[],"_links":{"self":[{"href":"https:\/\/eltrabajo.cl\/portal\/wp-json\/wp\/v2\/posts\/68288","targetHints":{"allow":["GET"]}}],"collection":[{"href":"https:\/\/eltrabajo.cl\/portal\/wp-json\/wp\/v2\/posts"}],"about":[{"href":"https:\/\/eltrabajo.cl\/portal\/wp-json\/wp\/v2\/types\/post"}],"author":[{"embeddable":true,"href":"https:\/\/eltrabajo.cl\/portal\/wp-json\/wp\/v2\/users\/1"}],"replies":[{"embeddable":true,"href":"https:\/\/eltrabajo.cl\/portal\/wp-json\/wp\/v2\/comments?post=68288"}],"version-history":[{"count":0,"href":"https:\/\/eltrabajo.cl\/portal\/wp-json\/wp\/v2\/posts\/68288\/revisions"}],"wp:featuredmedia":[{"embeddable":true,"href":"https:\/\/eltrabajo.cl\/portal\/wp-json\/wp\/v2\/media\/68289"}],"wp:attachment":[{"href":"https:\/\/eltrabajo.cl\/portal\/wp-json\/wp\/v2\/media?parent=68288"}],"wp:term":[{"taxonomy":"category","embeddable":true,"href":"https:\/\/eltrabajo.cl\/portal\/wp-json\/wp\/v2\/categories?post=68288"},{"taxonomy":"post_tag","embeddable":true,"href":"https:\/\/eltrabajo.cl\/portal\/wp-json\/wp\/v2\/tags?post=68288"}],"curies":[{"name":"wp","href":"https:\/\/api.w.org\/{rel}","templated":true}]}}