{"id":68292,"date":"2016-04-01T06:57:44","date_gmt":"2016-04-01T09:57:44","guid":{"rendered":"http:\/\/www.eltrabajo.cl\/portal\/?p=68292"},"modified":"2016-04-01T07:00:57","modified_gmt":"2016-04-01T10:00:57","slug":"millonario-equipo-oftalmologico-llega-a-modernizar-atencion-en-hospital-san-camilo","status":"publish","type":"post","link":"https:\/\/eltrabajo.cl\/portal\/millonario-equipo-oftalmologico-llega-a-modernizar-atencion-en-hospital-san-camilo\/","title":{"rendered":"Millonario equipo oftalmol\u00f3gico llega a modernizar atenci\u00f3n en el San Camilo"},"content":{"rendered":"<figure id=\"attachment_68294\" aria-describedby=\"caption-attachment-68294\" style=\"width: 300px\" class=\"wp-caption alignleft\"><a href=\"http:\/\/www.eltrabajo.cl\/portal\/millonario-equipo-oftalmologico-llega-a-modernizar-atencion-en-hospital-san-camilo\/foto-3-oftalmologo\/\" rel=\"attachment wp-att-68294\"><img data-recalc-dims=\"1\" loading=\"lazy\" decoding=\"async\" class=\"size-medium wp-image-68294\" src=\"https:\/\/i0.wp.com\/www.eltrabajo.cl\/portal\/wp-content\/uploads\/2016\/04\/FOTO-3-OFTALMOLOGO-300x197.jpg?resize=300%2C197\" alt=\"Rodolfo Manr\u00edquez, oftalm\u00f3logo jefe del servicio, a cargo de operar el Facovitrector.\" width=\"300\" height=\"197\" srcset=\"https:\/\/i0.wp.com\/eltrabajo.cl\/portal\/wp-content\/uploads\/2016\/04\/FOTO-3-OFTALMOLOGO.jpg?resize=300%2C197&amp;ssl=1 300w, https:\/\/i0.wp.com\/eltrabajo.cl\/portal\/wp-content\/uploads\/2016\/04\/FOTO-3-OFTALMOLOGO.jpg?resize=200%2C131&amp;ssl=1 200w, https:\/\/i0.wp.com\/eltrabajo.cl\/portal\/wp-content\/uploads\/2016\/04\/FOTO-3-OFTALMOLOGO.jpg?resize=228%2C150&amp;ssl=1 228w, https:\/\/i0.wp.com\/eltrabajo.cl\/portal\/wp-content\/uploads\/2016\/04\/FOTO-3-OFTALMOLOGO.jpg?resize=400%2C263&amp;ssl=1 400w, https:\/\/i0.wp.com\/eltrabajo.cl\/portal\/wp-content\/uploads\/2016\/04\/FOTO-3-OFTALMOLOGO.jpg?w=530&amp;ssl=1 530w\" sizes=\"auto, (max-width: 300px) 100vw, 300px\" \/><\/a><figcaption id=\"caption-attachment-68294\" class=\"wp-caption-text\">Rodolfo Manr\u00edquez, oftalm\u00f3logo jefe del servicio, a cargo de operar el Facovitrector.<\/figcaption><\/figure>\n<p><strong>Permitir\u00e1 realizar complejas intervenciones quir\u00fargicas:\u00a0Adem\u00e1s de la implementaci\u00f3n tecnol\u00f3gica, el recinto hospitalario contar\u00e1 con el trabajo del Dr. Rodolfo Manr\u00edquez, oftalm\u00f3logo jefe del servicio, quien durante dos a\u00f1os se capacit\u00f3 en retina quir\u00fargica.<\/strong><\/p>\n<p>El arribo al Hospital San Camilo, HSC, de un moderno equipo oftalmol\u00f3gico denominado Facovitrector \u2013avaluado 100 millones de pesos-, promete revolucionar el \u00e1rea de atenciones e intervenciones quir\u00fargicas de retina, pues beneficiar\u00e1 a m\u00e1s de 100 pacientes, que hasta hoy, deb\u00edan acudir a centros asistenciales de la Regi\u00f3n Metropolitana para poder ser operados.<br \/>\nEste gran avance tecnol\u00f3gico para la medicina del Valle del Aconcagua, ser\u00e1 complementado por la especializaci\u00f3n en el \u00e1rea que realiz\u00f3 durante dos a\u00f1os el Dr. Rodolfo Manr\u00edquez, oftalm\u00f3logo jefe del servicio, quien retorn\u00f3 al HSC el a\u00f1o 2015 y quien ser\u00e1 el encargado de operar el equipo y realizar estas complejas intervenciones oculares.<br \/>\n\u201cLuego de a\u00f1os de esfuerzo en formaci\u00f3n y compra de equipamiento hoy vemos los resultados al poder realizar cirug\u00edas de polo posterior del humor v\u00edtreo, y todo tipo de intervenciones de vitreoretina, dando respuesta a una serie de patolog\u00edas que hasta ahora se derivaban a la capital con el consiguiente costo y stress para los pacientes\u201d, asegur\u00f3 el galeno.<br \/>\nEl Director del establecimiento, Dr. Juan de Dios Reyes, mostr\u00f3 plena satisfacci\u00f3n frente a la evoluci\u00f3n constante que tienen los servicios del HSC y afirm\u00f3 que \u201choy vemos con satisfacci\u00f3n que nuestro servicio de oftalmolog\u00eda se consolida con esta subespecialidad que nos permitir\u00e1 atender a m\u00e1s de 100 pacientes en el a\u00f1o, quienes no s\u00f3lo cuentan con un profesional especializado, sino que ahora tambi\u00e9n con el equipamiento para resolver quir\u00fargicamente las necesidades del usuario sin ser derivados a otros centros asistenciales\u201d, puntualiz\u00f3.<br \/>\nCabe destacar adem\u00e1s que el Servicio mencionado cuenta a partir del 01 de abril con un nuevo oftalm\u00f3logo con 44 horas, por lo que junto con ampliar las prestaciones que se entregan tambi\u00e9n se mejorar\u00e1 la oportunidad en la entrega de horas para todos los pacientes pudiendo entregarlas en un menor tiempo.<\/p>\n<figure id=\"attachment_68293\" aria-describedby=\"caption-attachment-68293\" style=\"width: 530px\" class=\"wp-caption alignleft\"><a href=\"http:\/\/www.eltrabajo.cl\/portal\/millonario-equipo-oftalmologico-llega-a-modernizar-atencion-en-hospital-san-camilo\/foto-2-facovitrector-equipo-avaluado\/\" rel=\"attachment wp-att-68293\"><img data-recalc-dims=\"1\" loading=\"lazy\" decoding=\"async\" class=\"size-full wp-image-68293\" src=\"https:\/\/i0.wp.com\/www.eltrabajo.cl\/portal\/wp-content\/uploads\/2016\/04\/FOTO-2-FACOVITRECTOR-EQUIPO-AVALUADO.jpg?resize=530%2C348\" alt=\"Facovitrector, equipo avaluado en 100 millones de pesos que permitir\u00e1 intervenir quir\u00fargicamente en el HSC a cerca de 100 pacientes con problemas de retina.\" width=\"530\" height=\"348\" srcset=\"https:\/\/i0.wp.com\/eltrabajo.cl\/portal\/wp-content\/uploads\/2016\/04\/FOTO-2-FACOVITRECTOR-EQUIPO-AVALUADO.jpg?w=530&amp;ssl=1 530w, https:\/\/i0.wp.com\/eltrabajo.cl\/portal\/wp-content\/uploads\/2016\/04\/FOTO-2-FACOVITRECTOR-EQUIPO-AVALUADO.jpg?resize=200%2C131&amp;ssl=1 200w, https:\/\/i0.wp.com\/eltrabajo.cl\/portal\/wp-content\/uploads\/2016\/04\/FOTO-2-FACOVITRECTOR-EQUIPO-AVALUADO.jpg?resize=300%2C197&amp;ssl=1 300w, https:\/\/i0.wp.com\/eltrabajo.cl\/portal\/wp-content\/uploads\/2016\/04\/FOTO-2-FACOVITRECTOR-EQUIPO-AVALUADO.jpg?resize=228%2C150&amp;ssl=1 228w, https:\/\/i0.wp.com\/eltrabajo.cl\/portal\/wp-content\/uploads\/2016\/04\/FOTO-2-FACOVITRECTOR-EQUIPO-AVALUADO.jpg?resize=400%2C263&amp;ssl=1 400w\" sizes=\"auto, (max-width: 530px) 100vw, 530px\" \/><\/a><figcaption id=\"caption-attachment-68293\" class=\"wp-caption-text\">Facovitrector, equipo avaluado en 100 millones de pesos que permitir\u00e1 intervenir quir\u00fargicamente en el HSC a cerca de 100 pacientes con problemas de retina.<\/figcaption><\/figure>\n","protected":false},"excerpt":{"rendered":"<p>Permitir\u00e1 realizar complejas intervenciones quir\u00fargicas:\u00a0Adem\u00e1s de la implementaci\u00f3n tecnol\u00f3gica, el recinto hospitalario contar\u00e1 con el trabajo del Dr. Rodolfo Manr\u00edquez, oftalm\u00f3logo jefe del servicio, quien durante dos a\u00f1os se capacit\u00f3 en retina&#8230;<\/p>\n","protected":false},"author":1,"featured_media":68293,"comment_status":"open","ping_status":"open","sticky":false,"template":"","format":"standard","meta":{"advanced_seo_description":"","jetpack_seo_html_title":"","jetpack_seo_noindex":false,"_jetpack_memberships_contains_paid_content":false,"footnotes":""},"categories":[18],"tags":[],"class_list":["post-68292","post","type-post","status-publish","format-standard","has-post-thumbnail","hentry","category-salud"],"jetpack_featured_media_url":"https:\/\/i0.wp.com\/eltrabajo.cl\/portal\/wp-content\/uploads\/2016\/04\/FOTO-2-FACOVITRECTOR-EQUIPO-AVALUADO.jpg?fit=530%2C348&ssl=1","jetpack_sharing_enabled":true,"jetpack_likes_enabled":true,"jetpack-related-posts":[],"_links":{"self":[{"href":"https:\/\/eltrabajo.cl\/portal\/wp-json\/wp\/v2\/posts\/68292","targetHints":{"allow":["GET"]}}],"collection":[{"href":"https:\/\/eltrabajo.cl\/portal\/wp-json\/wp\/v2\/posts"}],"about":[{"href":"https:\/\/eltrabajo.cl\/portal\/wp-json\/wp\/v2\/types\/post"}],"author":[{"embeddable":true,"href":"https:\/\/eltrabajo.cl\/portal\/wp-json\/wp\/v2\/users\/1"}],"replies":[{"embeddable":true,"href":"https:\/\/eltrabajo.cl\/portal\/wp-json\/wp\/v2\/comments?post=68292"}],"version-history":[{"count":0,"href":"https:\/\/eltrabajo.cl\/portal\/wp-json\/wp\/v2\/posts\/68292\/revisions"}],"wp:featuredmedia":[{"embeddable":true,"href":"https:\/\/eltrabajo.cl\/portal\/wp-json\/wp\/v2\/media\/68293"}],"wp:attachment":[{"href":"https:\/\/eltrabajo.cl\/portal\/wp-json\/wp\/v2\/media?parent=68292"}],"wp:term":[{"taxonomy":"category","embeddable":true,"href":"https:\/\/eltrabajo.cl\/portal\/wp-json\/wp\/v2\/categories?post=68292"},{"taxonomy":"post_tag","embeddable":true,"href":"https:\/\/eltrabajo.cl\/portal\/wp-json\/wp\/v2\/tags?post=68292"}],"curies":[{"name":"wp","href":"https:\/\/api.w.org\/{rel}","templated":true}]}}