{"id":68302,"date":"2016-04-01T07:03:10","date_gmt":"2016-04-01T10:03:10","guid":{"rendered":"http:\/\/www.eltrabajo.cl\/portal\/?p=68302"},"modified":"2016-04-01T07:03:11","modified_gmt":"2016-04-01T10:03:11","slug":"amplio-operativo-permitio-captura-de-sujeto-que-intento-robar-en-vehiculo","status":"publish","type":"post","link":"https:\/\/eltrabajo.cl\/portal\/amplio-operativo-permitio-captura-de-sujeto-que-intento-robar-en-vehiculo\/","title":{"rendered":"Amplio operativo permiti\u00f3 captura de sujeto que intent\u00f3 robar en veh\u00edculo"},"content":{"rendered":"<p><strong>Antisocial pretend\u00eda escapar en locomoci\u00f3n colectiva:<\/strong><br \/>\nTestigo alert\u00f3 a Carabineros de la ocurrencia del delito en calle Navarro lo que permiti\u00f3 frustrar el delito.<br \/>\nUn antisocial de 34 a\u00f1os de edad fue reducido por Carabineros luego de haber violentado la chapa de un veh\u00edculo estacionado en calle Navarro en San Felipe, para intentar robar especies desde el interior.<br \/>\nEl delincuente fue denunciado de inmediato por un testigo que alert\u00f3 a la polic\u00eda, gracias a lo cual y tras un amplio operativo lograron capturarlo.<br \/>\nCarabineros inform\u00f3 que las diligencias se iniciaron tras una denuncia a nivel 133, donde un testigo relataba que hab\u00eda identificado a un sujeto que habr\u00eda forzado la chapa de un veh\u00edculo estacionado en calle Navarro a la altura del 139, y se encontraba hurgando en el interior.<br \/>\nLos efectivos policiales, tras patrullajes por el sector y por medio de la descripci\u00f3n f\u00edsica y de vestimentas del sujeto proporcionadas por el testigo, lograron individualizarlo circulando en avenida Maip\u00fa esquina Benigno Caldera, quien al advertir la presencia de Carabineros pretend\u00eda abordar un veh\u00edculo de locomoci\u00f3n colectiva.<br \/>\nSin embargo los uniformados frustraron el escape del individuo debiendo ser reducido ya que \u00e9ste comenz\u00f3 a propinar golpes de pies y pu\u00f1o a los funcionarios para impedir su detenci\u00f3n.<br \/>\nCarabineros agreg\u00f3 que se tom\u00f3 contacto con el propietario del veh\u00edculo taxi ejecutivo afectado marca BYD de color gris, indicando que dos horas antes hab\u00eda dejado su m\u00f3vil estacionado en el lugar para realizar unos tr\u00e1mites, percat\u00e1ndose que la chapa del autom\u00f3vil se encontraba da\u00f1ada.<br \/>\nNo obstante aquello, en el interior del veh\u00edculo no se registr\u00f3 la sustracci\u00f3n de especies tales como la radio musical o un banano que conten\u00eda $60.000 en efectivo. Asimismo, el sujeto fue reconocido por el testigo como el autor del robo frustrado, quien manten\u00eda en su poder una llave met\u00e1lica falsa para cometer este tipo de il\u00edcitos.<br \/>\nPor instrucci\u00f3n del Fiscal de turno, el detenido identificado con las iniciales D.J.S.P. de 34 a\u00f1os, con antecedentes delictuales, ser\u00e1 derivado el d\u00eda de hoy hasta el Juzgado de Garant\u00eda de San Felipe para ser formalizado.<br \/>\n<strong>Pablo Salinas Sald\u00edas<\/strong><\/p>\n<figure id=\"attachment_68303\" aria-describedby=\"caption-attachment-68303\" style=\"width: 528px\" class=\"wp-caption alignleft\"><a href=\"http:\/\/www.eltrabajo.cl\/portal\/amplio-operativo-permitio-captura-de-sujeto-que-intento-robar-en-vehiculo\/foto-carabineros-navarro\/\" rel=\"attachment wp-att-68303\"><img data-recalc-dims=\"1\" loading=\"lazy\" decoding=\"async\" class=\"size-full wp-image-68303\" src=\"https:\/\/i0.wp.com\/www.eltrabajo.cl\/portal\/wp-content\/uploads\/2016\/04\/FOTO-CARABINEROS-NAVARRO.jpg?resize=528%2C350\" alt=\"Un amplio operativo policial se registr\u00f3 al mediod\u00eda de ayer jueves desde calle Navarro tras una denuncia de robo al interior de un veh\u00edculo estacionado, lo que permiti\u00f3 la captura de un antisocial. \" width=\"528\" height=\"350\" srcset=\"https:\/\/i0.wp.com\/eltrabajo.cl\/portal\/wp-content\/uploads\/2016\/04\/FOTO-CARABINEROS-NAVARRO.jpg?w=528&amp;ssl=1 528w, https:\/\/i0.wp.com\/eltrabajo.cl\/portal\/wp-content\/uploads\/2016\/04\/FOTO-CARABINEROS-NAVARRO.jpg?resize=200%2C133&amp;ssl=1 200w, https:\/\/i0.wp.com\/eltrabajo.cl\/portal\/wp-content\/uploads\/2016\/04\/FOTO-CARABINEROS-NAVARRO.jpg?resize=300%2C199&amp;ssl=1 300w, https:\/\/i0.wp.com\/eltrabajo.cl\/portal\/wp-content\/uploads\/2016\/04\/FOTO-CARABINEROS-NAVARRO.jpg?resize=226%2C150&amp;ssl=1 226w, https:\/\/i0.wp.com\/eltrabajo.cl\/portal\/wp-content\/uploads\/2016\/04\/FOTO-CARABINEROS-NAVARRO.jpg?resize=400%2C265&amp;ssl=1 400w\" sizes=\"auto, (max-width: 528px) 100vw, 528px\" \/><\/a><figcaption id=\"caption-attachment-68303\" class=\"wp-caption-text\">Un amplio operativo policial se registr\u00f3 al mediod\u00eda de ayer jueves desde calle Navarro tras una denuncia de robo al interior de un veh\u00edculo estacionado, lo que permiti\u00f3 la captura de un antisocial.<\/figcaption><\/figure>\n","protected":false},"excerpt":{"rendered":"<p>Antisocial pretend\u00eda escapar en locomoci\u00f3n colectiva: Testigo alert\u00f3 a Carabineros de la ocurrencia del delito en calle Navarro lo que permiti\u00f3 frustrar el delito. Un antisocial de 34 a\u00f1os de edad fue&#8230;<\/p>\n","protected":false},"author":1,"featured_media":68303,"comment_status":"open","ping_status":"open","sticky":false,"template":"","format":"standard","meta":{"advanced_seo_description":"","jetpack_seo_html_title":"","jetpack_seo_noindex":false,"_jetpack_memberships_contains_paid_content":false,"footnotes":""},"categories":[21],"tags":[],"class_list":["post-68302","post","type-post","status-publish","format-standard","has-post-thumbnail","hentry","category-policial"],"jetpack_featured_media_url":"https:\/\/i0.wp.com\/eltrabajo.cl\/portal\/wp-content\/uploads\/2016\/04\/FOTO-CARABINEROS-NAVARRO.jpg?fit=528%2C350&ssl=1","jetpack_sharing_enabled":true,"jetpack_likes_enabled":true,"jetpack-related-posts":[],"_links":{"self":[{"href":"https:\/\/eltrabajo.cl\/portal\/wp-json\/wp\/v2\/posts\/68302","targetHints":{"allow":["GET"]}}],"collection":[{"href":"https:\/\/eltrabajo.cl\/portal\/wp-json\/wp\/v2\/posts"}],"about":[{"href":"https:\/\/eltrabajo.cl\/portal\/wp-json\/wp\/v2\/types\/post"}],"author":[{"embeddable":true,"href":"https:\/\/eltrabajo.cl\/portal\/wp-json\/wp\/v2\/users\/1"}],"replies":[{"embeddable":true,"href":"https:\/\/eltrabajo.cl\/portal\/wp-json\/wp\/v2\/comments?post=68302"}],"version-history":[{"count":0,"href":"https:\/\/eltrabajo.cl\/portal\/wp-json\/wp\/v2\/posts\/68302\/revisions"}],"wp:featuredmedia":[{"embeddable":true,"href":"https:\/\/eltrabajo.cl\/portal\/wp-json\/wp\/v2\/media\/68303"}],"wp:attachment":[{"href":"https:\/\/eltrabajo.cl\/portal\/wp-json\/wp\/v2\/media?parent=68302"}],"wp:term":[{"taxonomy":"category","embeddable":true,"href":"https:\/\/eltrabajo.cl\/portal\/wp-json\/wp\/v2\/categories?post=68302"},{"taxonomy":"post_tag","embeddable":true,"href":"https:\/\/eltrabajo.cl\/portal\/wp-json\/wp\/v2\/tags?post=68302"}],"curies":[{"name":"wp","href":"https:\/\/api.w.org\/{rel}","templated":true}]}}