{"id":68306,"date":"2016-04-01T07:06:12","date_gmt":"2016-04-01T10:06:12","guid":{"rendered":"http:\/\/www.eltrabajo.cl\/portal\/?p=68306"},"modified":"2016-04-01T07:06:12","modified_gmt":"2016-04-01T10:06:12","slug":"inauguran-resaltos-reductores-de-velocidad-frente-a-escuela-republica-argentina","status":"publish","type":"post","link":"https:\/\/eltrabajo.cl\/portal\/inauguran-resaltos-reductores-de-velocidad-frente-a-escuela-republica-argentina\/","title":{"rendered":"Inauguran resaltos reductores de velocidad frente a Escuela Rep\u00fablica Argentina"},"content":{"rendered":"<p>Una importante obra vial fue inaugurada la ma\u00f1ana del jueves en el sector de Tocornal frente a la Escuela Rep\u00fablica Argentina, la que consiste en la instalaci\u00f3n de resaltos reductores de velocidad, obras esperadas desde hace muchos a\u00f1os por los vecinos de la poblaci\u00f3n Oscar Bonilla de El Tambo y del propio establecimiento.<br \/>\nLa ceremonia se realiz\u00f3 en dependencias de la Escuela Rep\u00fablica Argentina, y cont\u00f3 con la presencia del alcalde Patricio Freire, la directora provincial de Vialidad Claudia Lizama, el representante del gobernador provincial Igor Carrasco, el concejal Dante Rodr\u00edguez, el Director del establecimiento Ricardo Y\u00e1\u00f1ez, representantes de la junta de vecinos, padres, apoderados y alumnos.<br \/>\nLas obras fueron posible, gracias a gestiones realizadas desde el propio establecimiento en conjunto con la junta de vecinos, quienes manifestaron al municipio, a trav\u00e9s de la Daem la inquietud de las altas velocidades que alcanzan algunos veh\u00edculos que circulan por el sector, muchas veces haciendo caso omiso a las se\u00f1ales que advert\u00edan la presencia de un establecimiento educacional, lo que en un breve periodo tuvo respuesta por parte de las autoridades comunales.<br \/>\nLos trabajos, se encuentran enmarcados en los proyectos de zona de escuela de seguridad vial, los que se concursan a nivel regional y en el a\u00f1o 2015-2016 resultaron favorecidos tres dentro de la provincia, lo que signific\u00f3 una inversi\u00f3n de cerca d 45 millones de pesos.<br \/>\nCon relaci\u00f3n a lo anterior, el alcalde Patricio Freire sostuvo que \u201ces un gran sue\u00f1o hecho realidad, con esto se da tranquilidad a los ni\u00f1os y ni\u00f1as de la escuela Rep\u00fablica Argentina, y una respuesta a la comunidad organizada, sinti\u00e9ndonos m\u00e1s tranquilos porque nuestros alumnos est\u00e1n mucho m\u00e1s seguros\u201d.<br \/>\nEn tanto, Claudia Lizama, directora Provincial de Vialidad, se refiri\u00f3 en detalle a lo realizado, se\u00f1alando que \u201cla inversi\u00f3n es cerca de 45 millones de pesos, pensando en que no solo son reductores de velocidad, sino que otros complementos de elementos que ayuda a la reducci\u00f3n de velocidad, tales como sellos de alta fricci\u00f3n, se\u00f1ales verticales y horizontales, vallas peatonales, tachas, tachones para la direcci\u00f3n y segregaci\u00f3n vehicular\u201d, enfatiz\u00f3<br \/>\nPor su parte, Ricardo Y\u00e1\u00f1ez, director del establecimiento, tambi\u00e9n valor\u00f3 los trabajos que se ejecutaron, se\u00f1alando que \u201cnos dimos cuenta que era urgente que este proyecto saliera, y gracias a la gesti\u00f3n del alcalde Patricio Freire, en conjunto con la directora de Vialidad esto r\u00e1pidamente fue una realidad, teniendo a nuestros alumnos hoy, en una escuela que es segura\u201d.<\/p>\n<figure id=\"attachment_68308\" aria-describedby=\"caption-attachment-68308\" style=\"width: 530px\" class=\"wp-caption alignleft\"><a href=\"http:\/\/www.eltrabajo.cl\/portal\/inauguran-resaltos-reductores-de-velocidad-frente-a-escuela-republica-argentina\/porta-alumnos-escuela-el-tambo\/\" rel=\"attachment wp-att-68308\"><img data-recalc-dims=\"1\" loading=\"lazy\" decoding=\"async\" class=\"size-full wp-image-68308\" src=\"https:\/\/i0.wp.com\/www.eltrabajo.cl\/portal\/wp-content\/uploads\/2016\/04\/porta-alumnos-escuela-el-tambo.jpg?resize=530%2C350\" alt=\"PEQUES ALEGRES.- Los estudiantes de la Escuela Rep. Argentina de El Tambo, estar\u00e1n ahora m\u00e1s seguros y con menos riesgo de ser tropellados por alg\u00fan veh\u00edculo. \" width=\"530\" height=\"350\" srcset=\"https:\/\/i0.wp.com\/eltrabajo.cl\/portal\/wp-content\/uploads\/2016\/04\/porta-alumnos-escuela-el-tambo.jpg?w=530&amp;ssl=1 530w, https:\/\/i0.wp.com\/eltrabajo.cl\/portal\/wp-content\/uploads\/2016\/04\/porta-alumnos-escuela-el-tambo.jpg?resize=200%2C132&amp;ssl=1 200w, https:\/\/i0.wp.com\/eltrabajo.cl\/portal\/wp-content\/uploads\/2016\/04\/porta-alumnos-escuela-el-tambo.jpg?resize=300%2C198&amp;ssl=1 300w, https:\/\/i0.wp.com\/eltrabajo.cl\/portal\/wp-content\/uploads\/2016\/04\/porta-alumnos-escuela-el-tambo.jpg?resize=227%2C150&amp;ssl=1 227w, https:\/\/i0.wp.com\/eltrabajo.cl\/portal\/wp-content\/uploads\/2016\/04\/porta-alumnos-escuela-el-tambo.jpg?resize=400%2C264&amp;ssl=1 400w\" sizes=\"auto, (max-width: 530px) 100vw, 530px\" \/><\/a><figcaption id=\"caption-attachment-68308\" class=\"wp-caption-text\">PEQUES ALEGRES.- Los estudiantes de la Escuela Rep. Argentina de El Tambo, estar\u00e1n ahora m\u00e1s seguros y con menos riesgo de ser tropellados por alg\u00fan veh\u00edculo.<\/figcaption><\/figure>\n<figure id=\"attachment_68307\" aria-describedby=\"caption-attachment-68307\" style=\"width: 530px\" class=\"wp-caption alignleft\"><a href=\"http:\/\/www.eltrabajo.cl\/portal\/inauguran-resaltos-reductores-de-velocidad-frente-a-escuela-republica-argentina\/inauguracion-resaltos\/\" rel=\"attachment wp-att-68307\"><img data-recalc-dims=\"1\" loading=\"lazy\" decoding=\"async\" class=\"size-full wp-image-68307\" src=\"https:\/\/i0.wp.com\/www.eltrabajo.cl\/portal\/wp-content\/uploads\/2016\/04\/inauguracion-resaltos.jpg?resize=530%2C348\" alt=\"El alcalde Patricio Freire junto a la comunidad, inaugur\u00f3 los esperados resaltos reductores de velocidad que beneficiar\u00e1n directamente a los alumnos de la escuela Rep\u00fablica Argentina y a la comunidad de El Tambo.\" width=\"530\" height=\"348\" srcset=\"https:\/\/i0.wp.com\/eltrabajo.cl\/portal\/wp-content\/uploads\/2016\/04\/inauguracion-resaltos.jpg?w=530&amp;ssl=1 530w, https:\/\/i0.wp.com\/eltrabajo.cl\/portal\/wp-content\/uploads\/2016\/04\/inauguracion-resaltos.jpg?resize=200%2C131&amp;ssl=1 200w, https:\/\/i0.wp.com\/eltrabajo.cl\/portal\/wp-content\/uploads\/2016\/04\/inauguracion-resaltos.jpg?resize=300%2C197&amp;ssl=1 300w, https:\/\/i0.wp.com\/eltrabajo.cl\/portal\/wp-content\/uploads\/2016\/04\/inauguracion-resaltos.jpg?resize=228%2C150&amp;ssl=1 228w, https:\/\/i0.wp.com\/eltrabajo.cl\/portal\/wp-content\/uploads\/2016\/04\/inauguracion-resaltos.jpg?resize=400%2C263&amp;ssl=1 400w\" sizes=\"auto, (max-width: 530px) 100vw, 530px\" \/><\/a><figcaption id=\"caption-attachment-68307\" class=\"wp-caption-text\">El alcalde Patricio Freire junto a la comunidad, inaugur\u00f3 los esperados resaltos reductores de velocidad que beneficiar\u00e1n directamente a los alumnos de la escuela Rep\u00fablica Argentina y a la comunidad de El Tambo.<\/figcaption><\/figure>\n","protected":false},"excerpt":{"rendered":"<p>Una importante obra vial fue inaugurada la ma\u00f1ana del jueves en el sector de Tocornal frente a la Escuela Rep\u00fablica Argentina, la que consiste en la instalaci\u00f3n de resaltos reductores de velocidad,&#8230;<\/p>\n","protected":false},"author":1,"featured_media":68307,"comment_status":"open","ping_status":"open","sticky":false,"template":"","format":"standard","meta":{"advanced_seo_description":"","jetpack_seo_html_title":"","jetpack_seo_noindex":false,"_jetpack_memberships_contains_paid_content":false,"footnotes":""},"categories":[1],"tags":[],"class_list":["post-68306","post","type-post","status-publish","format-standard","has-post-thumbnail","hentry","category-cronica"],"jetpack_featured_media_url":"https:\/\/i0.wp.com\/eltrabajo.cl\/portal\/wp-content\/uploads\/2016\/04\/inauguracion-resaltos.jpg?fit=530%2C348&ssl=1","jetpack_sharing_enabled":true,"jetpack_likes_enabled":true,"jetpack-related-posts":[],"_links":{"self":[{"href":"https:\/\/eltrabajo.cl\/portal\/wp-json\/wp\/v2\/posts\/68306","targetHints":{"allow":["GET"]}}],"collection":[{"href":"https:\/\/eltrabajo.cl\/portal\/wp-json\/wp\/v2\/posts"}],"about":[{"href":"https:\/\/eltrabajo.cl\/portal\/wp-json\/wp\/v2\/types\/post"}],"author":[{"embeddable":true,"href":"https:\/\/eltrabajo.cl\/portal\/wp-json\/wp\/v2\/users\/1"}],"replies":[{"embeddable":true,"href":"https:\/\/eltrabajo.cl\/portal\/wp-json\/wp\/v2\/comments?post=68306"}],"version-history":[{"count":0,"href":"https:\/\/eltrabajo.cl\/portal\/wp-json\/wp\/v2\/posts\/68306\/revisions"}],"wp:featuredmedia":[{"embeddable":true,"href":"https:\/\/eltrabajo.cl\/portal\/wp-json\/wp\/v2\/media\/68307"}],"wp:attachment":[{"href":"https:\/\/eltrabajo.cl\/portal\/wp-json\/wp\/v2\/media?parent=68306"}],"wp:term":[{"taxonomy":"category","embeddable":true,"href":"https:\/\/eltrabajo.cl\/portal\/wp-json\/wp\/v2\/categories?post=68306"},{"taxonomy":"post_tag","embeddable":true,"href":"https:\/\/eltrabajo.cl\/portal\/wp-json\/wp\/v2\/tags?post=68306"}],"curies":[{"name":"wp","href":"https:\/\/api.w.org\/{rel}","templated":true}]}}