{"id":68311,"date":"2016-04-01T07:10:39","date_gmt":"2016-04-01T10:10:39","guid":{"rendered":"http:\/\/www.eltrabajo.cl\/portal\/?p=68311"},"modified":"2016-04-01T07:10:39","modified_gmt":"2016-04-01T10:10:39","slug":"mientras-me-encanonaban-los-militares-escribian-mi-nombre-en-una-bala","status":"publish","type":"post","link":"https:\/\/eltrabajo.cl\/portal\/mientras-me-encanonaban-los-militares-escribian-mi-nombre-en-una-bala\/","title":{"rendered":"\u00abMientras me enca\u00f1onaban, los militares escrib\u00edan mi nombre en una bala\u00bb"},"content":{"rendered":"<p><strong>Exregidora Baraquett cuenta su experiencia tras Golpe y exilio<\/strong><br \/>\nEn un escenario nacional en donde los colores y nombres de partidos pol\u00edticos siguen significando mucho para unos y para otros, en Diario El Trabajo buscamos con este reportaje especial, compartir con nuestros lectores la historia de un apasionado ser humano; una mujer valiente y defensora de sus propias convicciones, quien pag\u00f3 muy caro que se instaurara la dictadura en Chile, por su condici\u00f3n de ser regidora socialista de San Felipe en 1973.<br \/>\nSer\u00eda muy f\u00e1cil para nosotros como medio de comunicaci\u00f3n redactar un resumen de la vida de Adela Baraquett Jorratt, hija de libaneses, quien despu\u00e9s de ser expulsada de nuestro pa\u00eds, regres\u00f3 en octubre de 2015 a su amado San Felipe.<br \/>\nBaraquet fue regidora (actual cargo de concejal) en los tiempos del finado alcalde Juan Fuentes, en esos tiempos no exist\u00edan dietas ni salarios para los servidores municipales, por lo que para poder ejercerlos hab\u00eda que tener un gran compromiso social y estar muy bien parado para defender sus planteamientos y los de sus respectivos partidos.<\/p>\n<p><strong>A SOLAS CON\u00a0BARAQUETT<\/strong><br \/>\nUna vez el Golpe, los principales l\u00edderes reaccionarios en todo Chile fueron llamados a rendir cuentas, algunos fueron apresados; de otros a\u00fan se sabe algo; muchos se autoexiliaron y otros fueron sometidos a dudosos consejos de guerra, como fue el caso de nuestra entrevistada.<br \/>\n<strong>&#8211; \u00bfCu\u00e1ndo fue detenida usted y por qu\u00e9?<\/strong><br \/>\n&#8211; A m\u00ed me apresaron el mismo d\u00eda del golpe de Estado. Estaba en mi casa y de ah\u00ed sal\u00ed esposada hacia la correccional que estaba en las cercan\u00edas de Avenida Yungay. Ah\u00ed permanec\u00ed 15 d\u00edas sometida a duros interrogatorios, pues para ellos, para los militares, \u2018yo era un peligro p\u00fablico\u2019, \u2018una terrorista\u2019, lo cual no es verdad.<br \/>\n<strong>&#8211; \u00bfEra usted una mujer violenta?<\/strong><br \/>\n&#8211; Imposible. Nunca he sido violenta. Con mi esposo Carlos Jim\u00e9nez llegamos a San Felipe en 1964, \u00e9l me acerc\u00f3 al Partido Socialista, as\u00ed empec\u00e9 a compartir mi tiempo en dos cosas, una parte como ama de casa y la otra como militante del partido.<br \/>\n<strong>&#8211; \u00bfC\u00f3mo se involucraba usted con las Fuerzas Vivas de la comuna?<\/strong><br \/>\n&#8211; Bueno, yo estaba comprometida con los m\u00e1s desvalidos, soy allendista, empec\u00e9 a coordinar trabajos con las escuelas de la comuna, por ejemplo en la Escuela JFK me las arregl\u00e9 para hacer y vender empanadas, para poder reunir dinero y lograr que esa escuela tuviera por fin una cancha de b\u00e1squet, as\u00ed se hac\u00edan las cosas antes, hab\u00eda que ser frontal con las necesidades y gestionar soluciones, de igual forma pude trabajar con otras escuelas.<br \/>\n<strong>&#8211; \u00bfC\u00f3mo pasaste de ser una voluntaria a una regidora?<\/strong><br \/>\n&#8211; En 1971 el Partido Socialista realiz\u00f3 una ampliaci\u00f3n, as\u00ed, me sorprend\u00ed cuando postularon mi nombre para regidora, y m\u00e1s sorprendida qued\u00e9 cuando fui nombrada como tal, as\u00ed las cosas, tom\u00e9 fuerzas para poder ayudar m\u00e1s, eran tiempos en donde muchos partidos funcion\u00e1bamos como la UP (Unidad Popular), por lo que todos los militantes ajenos al nuevo aparato de gobierno nos constituimos autom\u00e1ticamente en una amenaza para Pinochet. Fui regidora desde 1971 al 11 de septiembre 1973.<br \/>\n<strong>&#8211; Sigamos con su detenci\u00f3n, \u00bfcu\u00e1nto tiempo sigui\u00f3 presa?<\/strong><br \/>\n&#8211; Regresando al tema de mi permanencia en prisi\u00f3n, dur\u00e9 seis meses presa, durante ese medio a\u00f1o fui sometida a torturas; a otras mujeres tambi\u00e9n detenidas se les oblig\u00f3 a testificar en mi contra, ellas, golpeadas e intimidadas, tuvieron que decir que yo era una terrorista que comandaba grupos armados en San Felipe, los militares me llamaban \u2018La Terrorista\u2019, y me amenazaban constantemente.<br \/>\n<strong>&#8211; \u00bfQu\u00e9 clase de amenazas recib\u00eda usted de los militares?<\/strong><br \/>\n&#8211; Eran amenazas directas, a veces en la ma\u00f1ana, cuando estaba presa, algunos militares me llamaban para mostrarme una bala, en esa bala escrib\u00edan mi nombre; me pon\u00edan el arma en mi cabeza, me dec\u00edan que esa bala era para m\u00ed, que me la estaban reservando para darme muerte en cualquier momento, era muy agobiante vivir as\u00ed.<br \/>\n<strong>&#8211; \u00bfQu\u00e9 pas\u00f3 entonces con el consejo de guerra en su contra?<\/strong><br \/>\n&#8211; Finalmente en ese consejo de guerra se me sentenci\u00f3 a mi relegaci\u00f3n por diez a\u00f1os a la Regi\u00f3n Atacama, mi esposo se qued\u00f3 en Santiago, me abandon\u00f3 en esos momentos tan duros, me fui con mis hijos, all\u00e1 lo pas\u00e9 muy mal, siempre vigilada por los militares y Carabineros, hasta que pude escapar a B\u00e9lgica, llegando as\u00ed a Bruselas, en donde inici\u00e9 otra vida, la vida de una exiliada sin amigos; con cincos ni\u00f1os chicos a cuestas y con un miedo tremendo a lo desconocido.<br \/>\n<strong>&#8211; \u00bfC\u00f3mo sobreviviste con tus hijos en Europa?<\/strong><br \/>\n&#8211; Me dediqu\u00e9 a lavar ropa ajena en casas, el oficio dom\u00e9stico que me ofrecieran; cocinando en restaurantes y sobreviviendo para que mis ni\u00f1os no pasaran hambre. En 1989 pude poner un peque\u00f1o restaurante, al que llam\u00e9 Restaurante Araucana.<br \/>\n<strong>&#8211; \u00bfCu\u00e1ndo y por qu\u00e9 regresaste a Chile?<\/strong><br \/>\n&#8211; Regres\u00e9 a Chile gravemente enferma, pues en octubre pasado dos empleados, musulmanes por cierto que trabajaban para m\u00ed en ese restaurante, me asaltaron, me dieron una paliza, qued\u00e9 muy mal, decid\u00ed mejor volver a mi amado San Felipe.<br \/>\n<strong>&#8211; \u00bfPiensas quedarte en San Felipe mucho tiempo?<\/strong><br \/>\n&#8211; Espero morir aqu\u00ed, estoy buscando c\u00f3mo reparar mi vivienda, que est\u00e1 en muy malas condiciones, pienso terminar mis d\u00edas aqu\u00ed, y no pretendo reactivarme pol\u00edticamente. Estoy muy agradecida con las muestras de cari\u00f1o y solidaridad que he recibido del Partido y de las autoridades sanfelipe\u00f1as.<br \/>\n<strong>&#8211; \u00bfQu\u00e9 mensaje le das a los pol\u00edticos j\u00f3venes de tu partido?<\/strong><br \/>\n&#8211; A los j\u00f3venes pol\u00edticos del Partido Socialista y de cualquier partido pol\u00edtico yo les digo: Defiendan sus ideales, no se dejen amedrentar por aquellas fuerzas que se antepongan entre el bienestar com\u00fan y ustedes como gestores de cambio.<\/p>\n<p><strong>AMOR Y MARTIRIO<\/strong><br \/>\nDo\u00f1a Adela Baraquett sigue siendo una mujer de acero a sus 81 a\u00f1os; no importa para qu\u00e9 partido pol\u00edtico milite ni qu\u00e9 tan due\u00f1a pueda ser o no de la Verdad, lo indiscutiblemente importante en el caso de su historia, es que ella \u2018se la jug\u00f3\u2019, huy\u00f3 por su vida y la de sus hijos, arm\u00f3 su proyecto personal y ahora algunos de sus hijos administran su restaurante. Sostuvo luchas contra la pobreza a favor de familias sanfelipe\u00f1as cuando pudo hacerlo; cocin\u00f3 miles de empanadas para que escuelas de nuestra comuna tuvieran mejores condiciones para sus ni\u00f1os y sufri\u00f3 en carne propia las consecuencias de ser emprendedora, es por ello que, sin abanderarnos a sus ideales pol\u00edticos ni establecer criterios pol\u00edticos a su llegada, hoy de manera respetuosa le damos la m\u00e1s efusiva y c\u00e1lida bienvenida a la ciudad de sus amores, y tambi\u00e9n de sus martirios.<br \/>\n<strong>Roberto Gonz\u00e1lez Short<\/strong><br \/>\n<strong>rgonzalez@eltrabajo.cl<\/strong><\/p>\n<div class=\"tiled-gallery type-rectangular tiled-gallery-unresized\" data-original-width=\"640\" data-carousel-extra='null' itemscope itemtype=\"http:\/\/schema.org\/ImageGallery\" > <div class=\"gallery-row\" style=\"width: 640px; height: 432px;\" data-original-width=\"640\" data-original-height=\"432\" > <div class=\"gallery-group images-2\" style=\"width: 325px; height: 432px;\" data-original-width=\"325\" data-original-height=\"432\" > <div class=\"tiled-gallery-item tiled-gallery-item-large\" itemprop=\"associatedMedia\" itemscope itemtype=\"http:\/\/schema.org\/ImageObject\"> <a href=\"https:\/\/eltrabajo.cl\/portal\/mientras-me-encanonaban-los-militares-escribian-mi-nombre-en-una-bala\/sentencias33\/\" border=\"0\" itemprop=\"url\"> <meta itemprop=\"width\" content=\"321\"> <meta itemprop=\"height\" content=\"212\"> <img decoding=\"async\" class=\"\" data-attachment-id=\"68316\" data-orig-file=\"https:\/\/eltrabajo.cl\/portal\/wp-content\/uploads\/2016\/04\/Sentencias33.jpg\" data-orig-size=\"530,350\" data-comments-opened=\"1\" data-image-meta=\"{&quot;aperture&quot;:&quot;0&quot;,&quot;credit&quot;:&quot;&quot;,&quot;camera&quot;:&quot;&quot;,&quot;caption&quot;:&quot;&quot;,&quot;created_timestamp&quot;:&quot;0&quot;,&quot;copyright&quot;:&quot;&quot;,&quot;focal_length&quot;:&quot;0&quot;,&quot;iso&quot;:&quot;0&quot;,&quot;shutter_speed&quot;:&quot;0&quot;,&quot;title&quot;:&quot;&quot;,&quot;orientation&quot;:&quot;0&quot;}\" data-image-title=\"CONSEJO DE GUERRA.- Extracto de la sentencia del consejo de guerra implementado a esta socialista de tomo y lomo.\" data-image-description=\"&lt;p&gt;CONSEJO DE GUERRA.- Extracto de la sentencia del consejo de guerra implementado a esta socialista de tomo y lomo.&lt;\/p&gt; \" data-medium-file=\"https:\/\/i0.wp.com\/eltrabajo.cl\/portal\/wp-content\/uploads\/2016\/04\/Sentencias33.jpg?fit=300%2C198&#038;ssl=1\" data-large-file=\"https:\/\/i0.wp.com\/eltrabajo.cl\/portal\/wp-content\/uploads\/2016\/04\/Sentencias33.jpg?fit=530%2C350&#038;ssl=1\" src=\"https:\/\/i0.wp.com\/eltrabajo.cl\/portal\/wp-content\/uploads\/2016\/04\/Sentencias33.jpg?w=321&#038;h=212&#038;ssl=1\" srcset=\"https:\/\/i0.wp.com\/eltrabajo.cl\/portal\/wp-content\/uploads\/2016\/04\/Sentencias33.jpg?w=530&amp;ssl=1 530w, https:\/\/i0.wp.com\/eltrabajo.cl\/portal\/wp-content\/uploads\/2016\/04\/Sentencias33.jpg?resize=200%2C132&amp;ssl=1 200w, https:\/\/i0.wp.com\/eltrabajo.cl\/portal\/wp-content\/uploads\/2016\/04\/Sentencias33.jpg?resize=300%2C198&amp;ssl=1 300w, https:\/\/i0.wp.com\/eltrabajo.cl\/portal\/wp-content\/uploads\/2016\/04\/Sentencias33.jpg?resize=227%2C150&amp;ssl=1 227w, https:\/\/i0.wp.com\/eltrabajo.cl\/portal\/wp-content\/uploads\/2016\/04\/Sentencias33.jpg?resize=400%2C264&amp;ssl=1 400w\" width=\"321\" height=\"212\" loading=\"lazy\" data-original-width=\"321\" data-original-height=\"212\" itemprop=\"http:\/\/schema.org\/image\" title=\"CONSEJO DE GUERRA.- Extracto de la sentencia del consejo de guerra implementado a esta socialista de tomo y lomo.\" alt=\"CONSEJO DE GUERRA.- Extracto de la sentencia del consejo de guerra implementado a esta socialista de tomo y lomo.\" style=\"width: 321px; height: 212px;\" \/> <\/a> <div class=\"tiled-gallery-caption\" itemprop=\"caption description\"> CONSEJO DE GUERRA.- Extracto de la sentencia del consejo de guerra implementado a esta socialista de tomo y lomo. <\/div> <\/div> <div class=\"tiled-gallery-item tiled-gallery-item-large\" itemprop=\"associatedMedia\" itemscope itemtype=\"http:\/\/schema.org\/ImageObject\"> <a href=\"https:\/\/eltrabajo.cl\/portal\/mientras-me-encanonaban-los-militares-escribian-mi-nombre-en-una-bala\/resta1\/\" border=\"0\" itemprop=\"url\"> <meta itemprop=\"width\" content=\"321\"> <meta itemprop=\"height\" content=\"212\"> <img decoding=\"async\" class=\"\" data-attachment-id=\"68315\" data-orig-file=\"https:\/\/eltrabajo.cl\/portal\/wp-content\/uploads\/2016\/04\/Resta1.jpg\" data-orig-size=\"530,349\" data-comments-opened=\"1\" data-image-meta=\"{&quot;aperture&quot;:&quot;0&quot;,&quot;credit&quot;:&quot;&quot;,&quot;camera&quot;:&quot;&quot;,&quot;caption&quot;:&quot;&quot;,&quot;created_timestamp&quot;:&quot;0&quot;,&quot;copyright&quot;:&quot;&quot;,&quot;focal_length&quot;:&quot;0&quot;,&quot;iso&quot;:&quot;0&quot;,&quot;shutter_speed&quot;:&quot;0&quot;,&quot;title&quot;:&quot;&quot;,&quot;orientation&quot;:&quot;0&quot;}\" data-image-title=\"AMBIENTE CHILENO.- As\u00ed luce el restaurante que Adela dej\u00f3 en Bruselas, tras ser atacada en un violento atraco.\" data-image-description=\"&lt;p&gt;AMBIENTE CHILENO.- As\u00ed luce el restaurante que Adela dej\u00f3 en Bruselas, tras ser atacada en un violento atraco.&lt;\/p&gt; \" data-medium-file=\"https:\/\/i0.wp.com\/eltrabajo.cl\/portal\/wp-content\/uploads\/2016\/04\/Resta1.jpg?fit=300%2C198&#038;ssl=1\" data-large-file=\"https:\/\/i0.wp.com\/eltrabajo.cl\/portal\/wp-content\/uploads\/2016\/04\/Resta1.jpg?fit=530%2C349&#038;ssl=1\" src=\"https:\/\/i0.wp.com\/eltrabajo.cl\/portal\/wp-content\/uploads\/2016\/04\/Resta1.jpg?w=321&#038;h=212&#038;ssl=1\" srcset=\"https:\/\/i0.wp.com\/eltrabajo.cl\/portal\/wp-content\/uploads\/2016\/04\/Resta1.jpg?w=530&amp;ssl=1 530w, https:\/\/i0.wp.com\/eltrabajo.cl\/portal\/wp-content\/uploads\/2016\/04\/Resta1.jpg?resize=200%2C132&amp;ssl=1 200w, https:\/\/i0.wp.com\/eltrabajo.cl\/portal\/wp-content\/uploads\/2016\/04\/Resta1.jpg?resize=300%2C198&amp;ssl=1 300w, https:\/\/i0.wp.com\/eltrabajo.cl\/portal\/wp-content\/uploads\/2016\/04\/Resta1.jpg?resize=228%2C150&amp;ssl=1 228w, https:\/\/i0.wp.com\/eltrabajo.cl\/portal\/wp-content\/uploads\/2016\/04\/Resta1.jpg?resize=400%2C263&amp;ssl=1 400w\" width=\"321\" height=\"212\" loading=\"lazy\" data-original-width=\"321\" data-original-height=\"212\" itemprop=\"http:\/\/schema.org\/image\" title=\"AMBIENTE CHILENO.- As\u00ed luce el restaurante que Adela dej\u00f3 en Bruselas, tras ser atacada en un violento atraco.\" alt=\"AMBIENTE CHILENO.- As\u00ed luce el restaurante que Adela dej\u00f3 en Bruselas, tras ser atacada en un violento atraco.\" style=\"width: 321px; height: 212px;\" \/> <\/a> <div class=\"tiled-gallery-caption\" itemprop=\"caption description\"> AMBIENTE CHILENO.- As\u00ed luce el restaurante que Adela dej\u00f3 en Bruselas, tras ser atacada en un violento atraco. <\/div> <\/div> <\/div> <!-- close group --> <div class=\"gallery-group images-1\" style=\"width: 315px; height: 432px;\" data-original-width=\"315\" data-original-height=\"432\" > <div class=\"tiled-gallery-item tiled-gallery-item-large\" itemprop=\"associatedMedia\" itemscope itemtype=\"http:\/\/schema.org\/ImageObject\"> <a href=\"https:\/\/eltrabajo.cl\/portal\/mientras-me-encanonaban-los-militares-escribian-mi-nombre-en-una-bala\/docu33\/\" border=\"0\" itemprop=\"url\"> <meta itemprop=\"width\" content=\"311\"> <meta itemprop=\"height\" content=\"428\"> <img decoding=\"async\" class=\"\" data-attachment-id=\"68314\" data-orig-file=\"https:\/\/eltrabajo.cl\/portal\/wp-content\/uploads\/2016\/04\/Docu33.jpg\" data-orig-size=\"529,729\" data-comments-opened=\"1\" data-image-meta=\"{&quot;aperture&quot;:&quot;0&quot;,&quot;credit&quot;:&quot;&quot;,&quot;camera&quot;:&quot;&quot;,&quot;caption&quot;:&quot;&quot;,&quot;created_timestamp&quot;:&quot;0&quot;,&quot;copyright&quot;:&quot;&quot;,&quot;focal_length&quot;:&quot;0&quot;,&quot;iso&quot;:&quot;0&quot;,&quot;shutter_speed&quot;:&quot;0&quot;,&quot;title&quot;:&quot;&quot;,&quot;orientation&quot;:&quot;0&quot;}\" data-image-title=\"DOCUMENTOS ORIGINALES.- Estos son los documentos oficiales que a\u00fan conserva Adela Baraquett, y que demuestran la legitimidad de su historia.\" data-image-description=\"&lt;p&gt;DOCUMENTOS ORIGINALES.- Estos son los documentos oficiales que a\u00fan conserva Adela Baraquett, y que demuestran la legitimidad de su historia.&lt;\/p&gt; \" data-medium-file=\"https:\/\/i0.wp.com\/eltrabajo.cl\/portal\/wp-content\/uploads\/2016\/04\/Docu33.jpg?fit=218%2C300&#038;ssl=1\" data-large-file=\"https:\/\/i0.wp.com\/eltrabajo.cl\/portal\/wp-content\/uploads\/2016\/04\/Docu33.jpg?fit=529%2C729&#038;ssl=1\" src=\"https:\/\/i0.wp.com\/eltrabajo.cl\/portal\/wp-content\/uploads\/2016\/04\/Docu33.jpg?w=311&#038;h=428&#038;ssl=1\" srcset=\"https:\/\/i0.wp.com\/eltrabajo.cl\/portal\/wp-content\/uploads\/2016\/04\/Docu33.jpg?w=529&amp;ssl=1 529w, https:\/\/i0.wp.com\/eltrabajo.cl\/portal\/wp-content\/uploads\/2016\/04\/Docu33.jpg?resize=109%2C150&amp;ssl=1 109w, https:\/\/i0.wp.com\/eltrabajo.cl\/portal\/wp-content\/uploads\/2016\/04\/Docu33.jpg?resize=218%2C300&amp;ssl=1 218w, https:\/\/i0.wp.com\/eltrabajo.cl\/portal\/wp-content\/uploads\/2016\/04\/Docu33.jpg?resize=400%2C551&amp;ssl=1 400w\" width=\"311\" height=\"428\" loading=\"lazy\" data-original-width=\"311\" data-original-height=\"428\" itemprop=\"http:\/\/schema.org\/image\" title=\"DOCUMENTOS ORIGINALES.- Estos son los documentos oficiales que a\u00fan conserva Adela Baraquett, y que demuestran la legitimidad de su historia.\" alt=\"DOCUMENTOS ORIGINALES.- Estos son los documentos oficiales que a\u00fan conserva Adela Baraquett, y que demuestran la legitimidad de su historia.\" style=\"width: 311px; height: 428px;\" \/> <\/a> <div class=\"tiled-gallery-caption\" itemprop=\"caption description\"> DOCUMENTOS ORIGINALES.- Estos son los documentos oficiales que a\u00fan conserva Adela Baraquett, y que demuestran la legitimidad de su historia. <\/div> <\/div> <\/div> <!-- close group --> <\/div> <!-- close row --> <div class=\"gallery-row\" style=\"width: 640px; height: 268px;\" data-original-width=\"640\" data-original-height=\"268\" > <div class=\"gallery-group images-1\" style=\"width: 236px; height: 268px;\" data-original-width=\"236\" data-original-height=\"268\" > <div class=\"tiled-gallery-item tiled-gallery-item-small\" itemprop=\"associatedMedia\" itemscope itemtype=\"http:\/\/schema.org\/ImageObject\"> <a href=\"https:\/\/eltrabajo.cl\/portal\/mientras-me-encanonaban-los-militares-escribian-mi-nombre-en-una-bala\/adelajoven1\/\" border=\"0\" itemprop=\"url\"> <meta itemprop=\"width\" content=\"232\"> <meta itemprop=\"height\" content=\"264\"> <img decoding=\"async\" class=\"\" data-attachment-id=\"68313\" data-orig-file=\"https:\/\/eltrabajo.cl\/portal\/wp-content\/uploads\/2016\/04\/AdelaJoven1.jpg\" data-orig-size=\"529,603\" data-comments-opened=\"1\" data-image-meta=\"{&quot;aperture&quot;:&quot;0&quot;,&quot;credit&quot;:&quot;&quot;,&quot;camera&quot;:&quot;&quot;,&quot;caption&quot;:&quot;&quot;,&quot;created_timestamp&quot;:&quot;0&quot;,&quot;copyright&quot;:&quot;&quot;,&quot;focal_length&quot;:&quot;0&quot;,&quot;iso&quot;:&quot;0&quot;,&quot;shutter_speed&quot;:&quot;0&quot;,&quot;title&quot;:&quot;&quot;,&quot;orientation&quot;:&quot;0&quot;}\" data-image-title=\"As\u00ed luc\u00eda Adela en sus a\u00f1os de regidora sanfelipe\u00f1a.\" data-image-description=\"&lt;p&gt;As\u00ed luc\u00eda Adela en sus a\u00f1os de regidora sanfelipe\u00f1a.&lt;\/p&gt; \" data-medium-file=\"https:\/\/i0.wp.com\/eltrabajo.cl\/portal\/wp-content\/uploads\/2016\/04\/AdelaJoven1.jpg?fit=263%2C300&#038;ssl=1\" data-large-file=\"https:\/\/i0.wp.com\/eltrabajo.cl\/portal\/wp-content\/uploads\/2016\/04\/AdelaJoven1.jpg?fit=529%2C603&#038;ssl=1\" src=\"https:\/\/i0.wp.com\/eltrabajo.cl\/portal\/wp-content\/uploads\/2016\/04\/AdelaJoven1.jpg?w=232&#038;h=264&#038;ssl=1\" srcset=\"https:\/\/i0.wp.com\/eltrabajo.cl\/portal\/wp-content\/uploads\/2016\/04\/AdelaJoven1.jpg?w=529&amp;ssl=1 529w, https:\/\/i0.wp.com\/eltrabajo.cl\/portal\/wp-content\/uploads\/2016\/04\/AdelaJoven1.jpg?resize=132%2C150&amp;ssl=1 132w, https:\/\/i0.wp.com\/eltrabajo.cl\/portal\/wp-content\/uploads\/2016\/04\/AdelaJoven1.jpg?resize=263%2C300&amp;ssl=1 263w, https:\/\/i0.wp.com\/eltrabajo.cl\/portal\/wp-content\/uploads\/2016\/04\/AdelaJoven1.jpg?resize=400%2C456&amp;ssl=1 400w\" width=\"232\" height=\"264\" loading=\"lazy\" data-original-width=\"232\" data-original-height=\"264\" itemprop=\"http:\/\/schema.org\/image\" title=\"As\u00ed luc\u00eda Adela en sus a\u00f1os de regidora sanfelipe\u00f1a.\" alt=\"As\u00ed luc\u00eda Adela en sus a\u00f1os de regidora sanfelipe\u00f1a.\" style=\"width: 232px; height: 264px;\" \/> <\/a> <div class=\"tiled-gallery-caption\" itemprop=\"caption description\"> As\u00ed luc\u00eda Adela en sus a\u00f1os de regidora sanfelipe\u00f1a. <\/div> <\/div> <\/div> <!-- close group --> <div class=\"gallery-group images-1\" style=\"width: 404px; height: 268px;\" data-original-width=\"404\" data-original-height=\"268\" > <div class=\"tiled-gallery-item tiled-gallery-item-large\" itemprop=\"associatedMedia\" itemscope itemtype=\"http:\/\/schema.org\/ImageObject\"> <a href=\"https:\/\/eltrabajo.cl\/portal\/mientras-me-encanonaban-los-militares-escribian-mi-nombre-en-una-bala\/adela-maraquett\/\" border=\"0\" itemprop=\"url\"> <meta itemprop=\"width\" content=\"400\"> <meta itemprop=\"height\" content=\"264\"> <img decoding=\"async\" class=\"\" data-attachment-id=\"68312\" data-orig-file=\"https:\/\/eltrabajo.cl\/portal\/wp-content\/uploads\/2016\/04\/Adela-Maraquett.jpg\" data-orig-size=\"530,350\" data-comments-opened=\"1\" data-image-meta=\"{&quot;aperture&quot;:&quot;0&quot;,&quot;credit&quot;:&quot;&quot;,&quot;camera&quot;:&quot;&quot;,&quot;caption&quot;:&quot;&quot;,&quot;created_timestamp&quot;:&quot;0&quot;,&quot;copyright&quot;:&quot;&quot;,&quot;focal_length&quot;:&quot;0&quot;,&quot;iso&quot;:&quot;0&quot;,&quot;shutter_speed&quot;:&quot;0&quot;,&quot;title&quot;:&quot;&quot;,&quot;orientation&quot;:&quot;0&quot;}\" data-image-title=\"SU LUCHA NO TERMINA.- Adela Baraquett muestra a Diario El Trabajo parte de la documentaci\u00f3n del consejo de guerra al que fue sometida en 1973, durante los meses en que se le apres\u00f3, siendo despojada de su cargo municipal en nuestra comuna.\" data-image-description=\"&lt;p&gt;SU LUCHA NO TERMINA.- Adela Baraquett muestra a Diario El Trabajo parte de la documentaci\u00f3n del consejo de guerra al que fue sometida en 1973, durante los meses en que se le apres\u00f3, siendo despojada de su cargo municipal en nuestra comuna.&lt;\/p&gt; \" data-medium-file=\"https:\/\/i0.wp.com\/eltrabajo.cl\/portal\/wp-content\/uploads\/2016\/04\/Adela-Maraquett.jpg?fit=300%2C198&#038;ssl=1\" data-large-file=\"https:\/\/i0.wp.com\/eltrabajo.cl\/portal\/wp-content\/uploads\/2016\/04\/Adela-Maraquett.jpg?fit=530%2C350&#038;ssl=1\" src=\"https:\/\/i0.wp.com\/eltrabajo.cl\/portal\/wp-content\/uploads\/2016\/04\/Adela-Maraquett.jpg?w=400&#038;h=264&#038;ssl=1\" srcset=\"https:\/\/i0.wp.com\/eltrabajo.cl\/portal\/wp-content\/uploads\/2016\/04\/Adela-Maraquett.jpg?w=530&amp;ssl=1 530w, https:\/\/i0.wp.com\/eltrabajo.cl\/portal\/wp-content\/uploads\/2016\/04\/Adela-Maraquett.jpg?resize=200%2C132&amp;ssl=1 200w, https:\/\/i0.wp.com\/eltrabajo.cl\/portal\/wp-content\/uploads\/2016\/04\/Adela-Maraquett.jpg?resize=300%2C198&amp;ssl=1 300w, https:\/\/i0.wp.com\/eltrabajo.cl\/portal\/wp-content\/uploads\/2016\/04\/Adela-Maraquett.jpg?resize=227%2C150&amp;ssl=1 227w, https:\/\/i0.wp.com\/eltrabajo.cl\/portal\/wp-content\/uploads\/2016\/04\/Adela-Maraquett.jpg?resize=400%2C264&amp;ssl=1 400w\" width=\"400\" height=\"264\" loading=\"lazy\" data-original-width=\"400\" data-original-height=\"264\" itemprop=\"http:\/\/schema.org\/image\" title=\"SU LUCHA NO TERMINA.- Adela Baraquett muestra a Diario El Trabajo parte de la documentaci\u00f3n del consejo de guerra al que fue sometida en 1973, durante los meses en que se le apres\u00f3, siendo despojada de su cargo municipal en nuestra comuna.\" alt=\"SU LUCHA NO TERMINA.- Adela Baraquett muestra a Diario El Trabajo parte de la documentaci\u00f3n del consejo de guerra al que fue sometida en 1973, durante los meses en que se le apres\u00f3, siendo despojada de su cargo municipal en nuestra comuna.\" style=\"width: 400px; height: 264px;\" \/> <\/a> <div class=\"tiled-gallery-caption\" itemprop=\"caption description\"> SU LUCHA NO TERMINA.- Adela Baraquett muestra a Diario El Trabajo parte de la documentaci\u00f3n del consejo de guerra al que fue sometida en 1973, durante los meses en que se le apres\u00f3, siendo despojada de su cargo municipal en nuestra comuna. <\/div> <\/div> <\/div> <!-- close group --> <\/div> <!-- close row --> <\/div>\n","protected":false},"excerpt":{"rendered":"<p>Exregidora Baraquett cuenta su experiencia tras Golpe y exilio En un escenario nacional en donde los colores y nombres de partidos pol\u00edticos siguen significando mucho para unos y para otros, en Diario&#8230;<\/p>\n","protected":false},"author":1,"featured_media":68312,"comment_status":"open","ping_status":"open","sticky":false,"template":"","format":"standard","meta":{"advanced_seo_description":"","jetpack_seo_html_title":"","jetpack_seo_noindex":false,"_jetpack_memberships_contains_paid_content":false,"footnotes":""},"categories":[15],"tags":[],"class_list":["post-68311","post","type-post","status-publish","format-standard","has-post-thumbnail","hentry","category-comunidad"],"jetpack_featured_media_url":"https:\/\/i0.wp.com\/eltrabajo.cl\/portal\/wp-content\/uploads\/2016\/04\/Adela-Maraquett.jpg?fit=530%2C350&ssl=1","jetpack_sharing_enabled":true,"jetpack_likes_enabled":true,"jetpack-related-posts":[],"_links":{"self":[{"href":"https:\/\/eltrabajo.cl\/portal\/wp-json\/wp\/v2\/posts\/68311","targetHints":{"allow":["GET"]}}],"collection":[{"href":"https:\/\/eltrabajo.cl\/portal\/wp-json\/wp\/v2\/posts"}],"about":[{"href":"https:\/\/eltrabajo.cl\/portal\/wp-json\/wp\/v2\/types\/post"}],"author":[{"embeddable":true,"href":"https:\/\/eltrabajo.cl\/portal\/wp-json\/wp\/v2\/users\/1"}],"replies":[{"embeddable":true,"href":"https:\/\/eltrabajo.cl\/portal\/wp-json\/wp\/v2\/comments?post=68311"}],"version-history":[{"count":0,"href":"https:\/\/eltrabajo.cl\/portal\/wp-json\/wp\/v2\/posts\/68311\/revisions"}],"wp:featuredmedia":[{"embeddable":true,"href":"https:\/\/eltrabajo.cl\/portal\/wp-json\/wp\/v2\/media\/68312"}],"wp:attachment":[{"href":"https:\/\/eltrabajo.cl\/portal\/wp-json\/wp\/v2\/media?parent=68311"}],"wp:term":[{"taxonomy":"category","embeddable":true,"href":"https:\/\/eltrabajo.cl\/portal\/wp-json\/wp\/v2\/categories?post=68311"},{"taxonomy":"post_tag","embeddable":true,"href":"https:\/\/eltrabajo.cl\/portal\/wp-json\/wp\/v2\/tags?post=68311"}],"curies":[{"name":"wp","href":"https:\/\/api.w.org\/{rel}","templated":true}]}}