{"id":68318,"date":"2016-04-01T07:17:07","date_gmt":"2016-04-01T10:17:07","guid":{"rendered":"http:\/\/www.eltrabajo.cl\/portal\/?p=68318"},"modified":"2016-04-01T07:17:07","modified_gmt":"2016-04-01T10:17:07","slug":"animador-mauricio-henriquez-debuta-este-domingo-en-ucv-television","status":"publish","type":"post","link":"https:\/\/eltrabajo.cl\/portal\/animador-mauricio-henriquez-debuta-este-domingo-en-ucv-television\/","title":{"rendered":"Animador Mauricio Henr\u00edquez debuta este domingo en UCV Televisi\u00f3n"},"content":{"rendered":"<p>A partir de este domingo desde las 00:30 horas por las pantallas de UCV-TV, comienza a transmitirse el programa miscel\u00e1neo \u2018Vamos con Todo\u2019, el que ser\u00e1 conducido por el conocido animador Daniel &#8216;Palomo&#8217; Valenzuela, contando con el gran Mauricio Henr\u00edquez como coanimador.<br \/>\nAs\u00ed lo inform\u00f3 el propio Henr\u00edquez, quien con este proyecto cumple su aspiraci\u00f3n de llegar a la pantalla chica.<br \/>\nHenr\u00edquez se mostr\u00f3 muy contento de este logro, adelantando que su inclusi\u00f3n en el programa obedece a una invitaci\u00f3n que le formul\u00f3 el \u2018Palomo\u2019 Daniel Valenzuela, con quien ya hab\u00eda trabajado y por lo tanto conoc\u00eda su trabajo orientado al mundo de la m\u00fasica tropical.<br \/>\nSobre lo mismo, agrega que la idea es destacar la m\u00fasica chilena y los grupos tropicales que son precisamente los protagonistas del programa, donde contar\u00e1n con artistas como Jordan, Am\u00e9rico, Noche de Brujas.<br \/>\nEl programa ir\u00e1 todos los domingo en el mismo horario y espera cautivar a los televidentes con una serie de concursos y presentaciones en vivo de cantantes, humoristas y diversos show art\u00edsticos, donde la participaci\u00f3n del p\u00fablico ser\u00e1 tambi\u00e9n el sello del espacio.<br \/>\nEn el fondo, \u2018Vamos con todo\u2019 ser\u00e1 un programa miscel\u00e1neo en el que UCV-TV apostar\u00e1 por captar al p\u00fablico \u00e1vido de programas con formatos tradicionales y que busca reposicionar en el mundo de la TV a Daniel Valenzuela como animador.<\/p>\n<figure id=\"attachment_68319\" aria-describedby=\"caption-attachment-68319\" style=\"width: 529px\" class=\"wp-caption alignleft\"><a href=\"http:\/\/www.eltrabajo.cl\/portal\/animador-mauricio-henriquez-debuta-este-domingo-en-ucv-television\/mauricio-henriquez-yo-vamos-con-todo\/\" rel=\"attachment wp-att-68319\"><img data-recalc-dims=\"1\" loading=\"lazy\" decoding=\"async\" class=\"size-full wp-image-68319\" src=\"https:\/\/i0.wp.com\/www.eltrabajo.cl\/portal\/wp-content\/uploads\/2016\/04\/mauricio-henriquez-yo-vamos-con-todo.jpg?resize=529%2C491\" alt=\"El destacado animador radial incursiona en la televisi\u00f3n con el programa \u2018Vamos con todo\u2019, donde coanimar\u00e1 junto a Daniel \u2018Palomo\u2019 Valenzuela.\" width=\"529\" height=\"491\" srcset=\"https:\/\/i0.wp.com\/eltrabajo.cl\/portal\/wp-content\/uploads\/2016\/04\/mauricio-henriquez-yo-vamos-con-todo.jpg?w=529&amp;ssl=1 529w, https:\/\/i0.wp.com\/eltrabajo.cl\/portal\/wp-content\/uploads\/2016\/04\/mauricio-henriquez-yo-vamos-con-todo.jpg?resize=162%2C150&amp;ssl=1 162w, https:\/\/i0.wp.com\/eltrabajo.cl\/portal\/wp-content\/uploads\/2016\/04\/mauricio-henriquez-yo-vamos-con-todo.jpg?resize=300%2C278&amp;ssl=1 300w, https:\/\/i0.wp.com\/eltrabajo.cl\/portal\/wp-content\/uploads\/2016\/04\/mauricio-henriquez-yo-vamos-con-todo.jpg?resize=400%2C371&amp;ssl=1 400w\" sizes=\"auto, (max-width: 529px) 100vw, 529px\" \/><\/a><figcaption id=\"caption-attachment-68319\" class=\"wp-caption-text\">El destacado animador radial incursiona en la televisi\u00f3n con el programa \u2018Vamos con todo\u2019, donde coanimar\u00e1 junto a Daniel \u2018Palomo\u2019 Valenzuela.<\/figcaption><\/figure>\n","protected":false},"excerpt":{"rendered":"<p>A partir de este domingo desde las 00:30 horas por las pantallas de UCV-TV, comienza a transmitirse el programa miscel\u00e1neo \u2018Vamos con Todo\u2019, el que ser\u00e1 conducido por el conocido animador Daniel&#8230;<\/p>\n","protected":false},"author":1,"featured_media":68320,"comment_status":"open","ping_status":"open","sticky":false,"template":"","format":"standard","meta":{"advanced_seo_description":"","jetpack_seo_html_title":"","jetpack_seo_noindex":false,"_jetpack_memberships_contains_paid_content":false,"footnotes":""},"categories":[15],"tags":[],"class_list":["post-68318","post","type-post","status-publish","format-standard","has-post-thumbnail","hentry","category-comunidad"],"jetpack_featured_media_url":"https:\/\/i0.wp.com\/eltrabajo.cl\/portal\/wp-content\/uploads\/2016\/04\/vamos-con-todo.jpg?fit=530%2C350&ssl=1","jetpack_sharing_enabled":true,"jetpack_likes_enabled":true,"jetpack-related-posts":[],"_links":{"self":[{"href":"https:\/\/eltrabajo.cl\/portal\/wp-json\/wp\/v2\/posts\/68318","targetHints":{"allow":["GET"]}}],"collection":[{"href":"https:\/\/eltrabajo.cl\/portal\/wp-json\/wp\/v2\/posts"}],"about":[{"href":"https:\/\/eltrabajo.cl\/portal\/wp-json\/wp\/v2\/types\/post"}],"author":[{"embeddable":true,"href":"https:\/\/eltrabajo.cl\/portal\/wp-json\/wp\/v2\/users\/1"}],"replies":[{"embeddable":true,"href":"https:\/\/eltrabajo.cl\/portal\/wp-json\/wp\/v2\/comments?post=68318"}],"version-history":[{"count":0,"href":"https:\/\/eltrabajo.cl\/portal\/wp-json\/wp\/v2\/posts\/68318\/revisions"}],"wp:featuredmedia":[{"embeddable":true,"href":"https:\/\/eltrabajo.cl\/portal\/wp-json\/wp\/v2\/media\/68320"}],"wp:attachment":[{"href":"https:\/\/eltrabajo.cl\/portal\/wp-json\/wp\/v2\/media?parent=68318"}],"wp:term":[{"taxonomy":"category","embeddable":true,"href":"https:\/\/eltrabajo.cl\/portal\/wp-json\/wp\/v2\/categories?post=68318"},{"taxonomy":"post_tag","embeddable":true,"href":"https:\/\/eltrabajo.cl\/portal\/wp-json\/wp\/v2\/tags?post=68318"}],"curies":[{"name":"wp","href":"https:\/\/api.w.org\/{rel}","templated":true}]}}