{"id":68327,"date":"2016-04-04T08:18:40","date_gmt":"2016-04-04T11:18:40","guid":{"rendered":"http:\/\/www.eltrabajo.cl\/portal\/?p=68327"},"modified":"2016-04-04T08:18:40","modified_gmt":"2016-04-04T11:18:40","slug":"expo-monitoras-presenta-oferta-de-manualidades-para-agrupaciones-femeninas","status":"publish","type":"post","link":"https:\/\/eltrabajo.cl\/portal\/expo-monitoras-presenta-oferta-de-manualidades-para-agrupaciones-femeninas\/","title":{"rendered":"Expo Monitoras presenta oferta de manualidades para agrupaciones femeninas"},"content":{"rendered":"<p>Con la realizaci\u00f3n de la \u2018Expo Monitoras\u2019, una muestra de las distintas manualidades y actividades a las que este a\u00f1o podr\u00e1n acceder, en clases semanales, las representantes de las distintas agrupaciones de mujeres de la comuna, as\u00ed como el p\u00fablico en general, conocieron la oferta a la que tendr\u00e1n acceso a trav\u00e9s de especialistas que son contratadas por el municipio.<br \/>\nSe trata de una iniciativa enmarcada en el Programa Municipal de la Mujer, financiado \u00edntegramente por la corporaci\u00f3n edilicia, la que el alcalde Patricio Freire ha cre\u00eddo imprescindible fortalecer, a prop\u00f3sito de la relevancia que cobra en las mujeres, el aprendizaje de nuevas t\u00e9cnicas y manualidades. Esto, en la medida que su dominio les permite incluso desarrollar emprendimientos.<br \/>\nSeg\u00fan explic\u00f3 el jefe comunal, una de las principales motivaciones de este trabajo, dice relaci\u00f3n con la necesidad de respaldar a las organizaciones femeninas de San Felipe, de las cuales hay much\u00edsimas y con una interesante participaci\u00f3n, por lo que es fundamental acompa\u00f1arles.<br \/>\n\u201cLos talleres femeninos, los centros de madres, las organizaciones femeninas en general, tienen un impacto positivo en las comunidades, pero adem\u00e1s, cada una de sus integrantes de manera individual, nos ha comentado la importancia en sus vidas de esta experiencia de participaci\u00f3n, ya que se\u00f1alan que esa instancia les ha permitido no solo aprender y empoderarse en su rol de mujeres, sino tambi\u00e9n asumir el desaf\u00edo de emprender\u201d.<br \/>\nRespecto de la Expo Monitoras, la encargada de la Oficina Municipal de la Mujer Silvana Vera, manifest\u00f3 que las monitor\u00edas este a\u00f1o apuntan a favorecer el aprendizaje de acciones de autoconsumo, emprendimiento o actividades recreativas.<br \/>\n\u201cHa sido tal el impacto que han tenido las monitor\u00edas, que solo el a\u00f1o pasado 80 organizaciones fueron favorecidas, aprendiendo las integrantes de los diferentes grupos actividades de peluquer\u00eda, reposter\u00eda, telar, crochet o pintura decorativa, entre otros\u201d, dijo la asistente social.<br \/>\nEn la actividad desarrollada en la Plaza C\u00edvica, fue posible apreciar el inter\u00e9s de las mujeres por aprender junto a monitores y monitoras que se ponen a su disposici\u00f3n y trabajan con ellas cada semana para conocer, dominar y mejorar sus t\u00e9cnicas.<\/p>\n<figure id=\"attachment_68328\" aria-describedby=\"caption-attachment-68328\" style=\"width: 530px\" class=\"wp-caption alignleft\"><a href=\"http:\/\/www.eltrabajo.cl\/portal\/expo-monitoras-presenta-oferta-de-manualidades-para-agrupaciones-femeninas\/expo\/\" rel=\"attachment wp-att-68328\"><img data-recalc-dims=\"1\" loading=\"lazy\" decoding=\"async\" class=\"size-full wp-image-68328\" src=\"https:\/\/i0.wp.com\/www.eltrabajo.cl\/portal\/wp-content\/uploads\/2016\/04\/expo.jpg?resize=530%2C350\" alt=\"El alcalde Patricio Freire hizo un llamado a las organizaciones de mujeres sanfelipe\u00f1as a aprovechar estas monitor\u00edas que incluso les pueden ayudar a formar nuevos emprendimientos.\" width=\"530\" height=\"350\" srcset=\"https:\/\/i0.wp.com\/eltrabajo.cl\/portal\/wp-content\/uploads\/2016\/04\/expo.jpg?w=530&amp;ssl=1 530w, https:\/\/i0.wp.com\/eltrabajo.cl\/portal\/wp-content\/uploads\/2016\/04\/expo.jpg?resize=200%2C132&amp;ssl=1 200w, https:\/\/i0.wp.com\/eltrabajo.cl\/portal\/wp-content\/uploads\/2016\/04\/expo.jpg?resize=300%2C198&amp;ssl=1 300w, https:\/\/i0.wp.com\/eltrabajo.cl\/portal\/wp-content\/uploads\/2016\/04\/expo.jpg?resize=227%2C150&amp;ssl=1 227w, https:\/\/i0.wp.com\/eltrabajo.cl\/portal\/wp-content\/uploads\/2016\/04\/expo.jpg?resize=400%2C264&amp;ssl=1 400w\" sizes=\"auto, (max-width: 530px) 100vw, 530px\" \/><\/a><figcaption id=\"caption-attachment-68328\" class=\"wp-caption-text\">El alcalde Patricio Freire hizo un llamado a las organizaciones de mujeres sanfelipe\u00f1as a aprovechar estas monitor\u00edas que incluso les pueden ayudar a formar nuevos emprendimientos.<\/figcaption><\/figure>\n","protected":false},"excerpt":{"rendered":"<p>Con la realizaci\u00f3n de la \u2018Expo Monitoras\u2019, una muestra de las distintas manualidades y actividades a las que este a\u00f1o podr\u00e1n acceder, en clases semanales, las representantes de las distintas agrupaciones de&#8230;<\/p>\n","protected":false},"author":1,"featured_media":68328,"comment_status":"open","ping_status":"open","sticky":false,"template":"","format":"standard","meta":{"advanced_seo_description":"","jetpack_seo_html_title":"","jetpack_seo_noindex":false,"_jetpack_memberships_contains_paid_content":false,"footnotes":""},"categories":[1],"tags":[],"class_list":["post-68327","post","type-post","status-publish","format-standard","has-post-thumbnail","hentry","category-cronica"],"jetpack_featured_media_url":"https:\/\/i0.wp.com\/eltrabajo.cl\/portal\/wp-content\/uploads\/2016\/04\/expo.jpg?fit=530%2C350&ssl=1","jetpack_sharing_enabled":true,"jetpack_likes_enabled":true,"jetpack-related-posts":[],"_links":{"self":[{"href":"https:\/\/eltrabajo.cl\/portal\/wp-json\/wp\/v2\/posts\/68327","targetHints":{"allow":["GET"]}}],"collection":[{"href":"https:\/\/eltrabajo.cl\/portal\/wp-json\/wp\/v2\/posts"}],"about":[{"href":"https:\/\/eltrabajo.cl\/portal\/wp-json\/wp\/v2\/types\/post"}],"author":[{"embeddable":true,"href":"https:\/\/eltrabajo.cl\/portal\/wp-json\/wp\/v2\/users\/1"}],"replies":[{"embeddable":true,"href":"https:\/\/eltrabajo.cl\/portal\/wp-json\/wp\/v2\/comments?post=68327"}],"version-history":[{"count":0,"href":"https:\/\/eltrabajo.cl\/portal\/wp-json\/wp\/v2\/posts\/68327\/revisions"}],"wp:featuredmedia":[{"embeddable":true,"href":"https:\/\/eltrabajo.cl\/portal\/wp-json\/wp\/v2\/media\/68328"}],"wp:attachment":[{"href":"https:\/\/eltrabajo.cl\/portal\/wp-json\/wp\/v2\/media?parent=68327"}],"wp:term":[{"taxonomy":"category","embeddable":true,"href":"https:\/\/eltrabajo.cl\/portal\/wp-json\/wp\/v2\/categories?post=68327"},{"taxonomy":"post_tag","embeddable":true,"href":"https:\/\/eltrabajo.cl\/portal\/wp-json\/wp\/v2\/tags?post=68327"}],"curies":[{"name":"wp","href":"https:\/\/api.w.org\/{rel}","templated":true}]}}