{"id":68331,"date":"2016-04-04T08:20:09","date_gmt":"2016-04-04T11:20:09","guid":{"rendered":"http:\/\/www.eltrabajo.cl\/portal\/?p=68331"},"modified":"2016-04-04T08:20:09","modified_gmt":"2016-04-04T11:20:09","slug":"autoridades-callelarguinas-se-oponen-a-construccion-de-embalse-pocuro","status":"publish","type":"post","link":"https:\/\/eltrabajo.cl\/portal\/autoridades-callelarguinas-se-oponen-a-construccion-de-embalse-pocuro\/","title":{"rendered":"Autoridades callelarguinas se oponen a construcci\u00f3n de embalse Pocuro"},"content":{"rendered":"<p><strong>CALLE LARGA.-<\/strong> El seremi de Obras P\u00fablicas, Miguel Saavedra, se reuni\u00f3 con el alcalde y el Concejo Municipal, para exponer el proyecto del Embalse Pocuro que se quiere construir en el sector de Los Rosales.<br \/>\nEn la jornada, se mostr\u00f3 la etapa en la que va el proyecto y las posibles v\u00edas de canales de devoluci\u00f3n, sin embargo, el alcalde Venegas se opuso al proyecto y a la manera en que la cartera ha entregado informaci\u00f3n, ya que se ha trabajado desde hace meses en la comuna, sin invitar al municipio a ninguna reuni\u00f3n o muestra del estudio hasta ahora.<br \/>\n\u201cPara nosotros esto es un hecho muy grave, hemos expresado nuestra molestia porque somos autoridades de la comuna, fuimos elegidos por la comuna y no es posible que ya se encuentre trabajando en un proyecto de esta envergadura, de esta naturaleza y de este impacto, sin que nosotros tengamos un conocimiento cabal y real con respecto a lo que se est\u00e1 haciendo. Creemos que nos merecemos m\u00e1s respeto y en ese sentido yo principalmente como alcalde le he manifestado mi rechazo al proyecto de embalse si es que no se solucionan las cosas relevantes.\u201d Sostuvo el alcalde Nelson Venegas.<br \/>\nLa preocupaci\u00f3n de la m\u00e1xima autoridad comunal, es que no se ha aclarado qu\u00e9 es lo que va a pasar con las personas que viven en la zona que se pretende inundar y que ser\u00e1n expropiadas, las que viven detr\u00e1s del muro y los vestigios arqueol\u00f3gicos que se encuentran en la zona entre otros.<br \/>\n\u201cEn general la comuna de Calle Larga como terreno afectado se ha visto sobrepasada en lo que se refiere a la informaci\u00f3n que no se ha entregado, m\u00e1s all\u00e1 de estar a favor o en contra, creemos que la manera se ha constituido pr\u00e1cticamente en una falta de respeto, se lo expresamos y as\u00ed quedo registrado en acta y por lo tanto existe una obligaci\u00f3n de parte de ellos de manejar una comunicaci\u00f3n mucho m\u00e1s fluida de parte de ellos y como concejo hemos decidido comenzar a actuar como contraparte, porque no queremos que el embalse se construya y no nos hayamos opuesto a aquellas cuestiones que afectan a la gente que vive en nuestra comuna.\u201d<br \/>\nEn la reuni\u00f3n, se solicit\u00f3 al seremi actuar con m\u00e1s transparencia al momento de entregar informaci\u00f3n a los vecinos y al municipio.<\/p>\n<figure id=\"attachment_68332\" aria-describedby=\"caption-attachment-68332\" style=\"width: 530px\" class=\"wp-caption alignleft\"><a href=\"http:\/\/www.eltrabajo.cl\/portal\/autoridades-callelarguinas-se-oponen-a-construccion-de-embalse-pocuro\/embalse-pocuro-los-rosales-2\/\" rel=\"attachment wp-att-68332\"><img data-recalc-dims=\"1\" loading=\"lazy\" decoding=\"async\" class=\"size-full wp-image-68332\" src=\"https:\/\/i0.wp.com\/www.eltrabajo.cl\/portal\/wp-content\/uploads\/2016\/04\/Embalse-pocuro-Los-Rosales.jpg?resize=530%2C349\" alt=\"El alcalde de Calle Larga, Nelson Venegas y el Concejo Municipal, se reunieron con el seremi de Obras P\u00fablicas, Miguel Saavedra, manifestando su oposici\u00f3n a la construcci\u00f3n del embalse en el sector de Los Rosales, en la foto.\" width=\"530\" height=\"349\" srcset=\"https:\/\/i0.wp.com\/eltrabajo.cl\/portal\/wp-content\/uploads\/2016\/04\/Embalse-pocuro-Los-Rosales.jpg?w=530&amp;ssl=1 530w, https:\/\/i0.wp.com\/eltrabajo.cl\/portal\/wp-content\/uploads\/2016\/04\/Embalse-pocuro-Los-Rosales.jpg?resize=200%2C132&amp;ssl=1 200w, https:\/\/i0.wp.com\/eltrabajo.cl\/portal\/wp-content\/uploads\/2016\/04\/Embalse-pocuro-Los-Rosales.jpg?resize=300%2C198&amp;ssl=1 300w, https:\/\/i0.wp.com\/eltrabajo.cl\/portal\/wp-content\/uploads\/2016\/04\/Embalse-pocuro-Los-Rosales.jpg?resize=228%2C150&amp;ssl=1 228w, https:\/\/i0.wp.com\/eltrabajo.cl\/portal\/wp-content\/uploads\/2016\/04\/Embalse-pocuro-Los-Rosales.jpg?resize=400%2C263&amp;ssl=1 400w\" sizes=\"auto, (max-width: 530px) 100vw, 530px\" \/><\/a><figcaption id=\"caption-attachment-68332\" class=\"wp-caption-text\">El alcalde de Calle Larga, Nelson Venegas y el Concejo Municipal, se reunieron con el seremi de Obras P\u00fablicas, Miguel Saavedra, manifestando su oposici\u00f3n a la construcci\u00f3n del embalse en el sector de Los Rosales, en la foto.<\/figcaption><\/figure>\n","protected":false},"excerpt":{"rendered":"<p>CALLE LARGA.- El seremi de Obras P\u00fablicas, Miguel Saavedra, se reuni\u00f3 con el alcalde y el Concejo Municipal, para exponer el proyecto del Embalse Pocuro que se quiere construir en el sector&#8230;<\/p>\n","protected":false},"author":1,"featured_media":68332,"comment_status":"open","ping_status":"open","sticky":false,"template":"","format":"standard","meta":{"advanced_seo_description":"","jetpack_seo_html_title":"","jetpack_seo_noindex":false,"_jetpack_memberships_contains_paid_content":false,"footnotes":""},"categories":[1],"tags":[],"class_list":["post-68331","post","type-post","status-publish","format-standard","has-post-thumbnail","hentry","category-cronica"],"jetpack_featured_media_url":"https:\/\/i0.wp.com\/eltrabajo.cl\/portal\/wp-content\/uploads\/2016\/04\/Embalse-pocuro-Los-Rosales.jpg?fit=530%2C349&ssl=1","jetpack_sharing_enabled":true,"jetpack_likes_enabled":true,"jetpack-related-posts":[],"_links":{"self":[{"href":"https:\/\/eltrabajo.cl\/portal\/wp-json\/wp\/v2\/posts\/68331","targetHints":{"allow":["GET"]}}],"collection":[{"href":"https:\/\/eltrabajo.cl\/portal\/wp-json\/wp\/v2\/posts"}],"about":[{"href":"https:\/\/eltrabajo.cl\/portal\/wp-json\/wp\/v2\/types\/post"}],"author":[{"embeddable":true,"href":"https:\/\/eltrabajo.cl\/portal\/wp-json\/wp\/v2\/users\/1"}],"replies":[{"embeddable":true,"href":"https:\/\/eltrabajo.cl\/portal\/wp-json\/wp\/v2\/comments?post=68331"}],"version-history":[{"count":0,"href":"https:\/\/eltrabajo.cl\/portal\/wp-json\/wp\/v2\/posts\/68331\/revisions"}],"wp:featuredmedia":[{"embeddable":true,"href":"https:\/\/eltrabajo.cl\/portal\/wp-json\/wp\/v2\/media\/68332"}],"wp:attachment":[{"href":"https:\/\/eltrabajo.cl\/portal\/wp-json\/wp\/v2\/media?parent=68331"}],"wp:term":[{"taxonomy":"category","embeddable":true,"href":"https:\/\/eltrabajo.cl\/portal\/wp-json\/wp\/v2\/categories?post=68331"},{"taxonomy":"post_tag","embeddable":true,"href":"https:\/\/eltrabajo.cl\/portal\/wp-json\/wp\/v2\/tags?post=68331"}],"curies":[{"name":"wp","href":"https:\/\/api.w.org\/{rel}","templated":true}]}}