{"id":68339,"date":"2016-04-04T08:22:30","date_gmt":"2016-04-04T11:22:30","guid":{"rendered":"http:\/\/www.eltrabajo.cl\/portal\/?p=68339"},"modified":"2016-04-04T08:22:30","modified_gmt":"2016-04-04T11:22:30","slug":"intendente-compromete-fondos-a-servicio-alta-resolutividad-en-salud","status":"publish","type":"post","link":"https:\/\/eltrabajo.cl\/portal\/intendente-compromete-fondos-a-servicio-alta-resolutividad-en-salud\/","title":{"rendered":"Intendente compromete fondos a Servicio Alta Resolutividad en Salud"},"content":{"rendered":"<p><strong>Adem\u00e1s de la apertura de calle San Mart\u00edn.<\/strong><br \/>\nLa construcci\u00f3n de un Servicio de Alta Resolutividad y la apertura de la calle San Mart\u00edn en la comuna de San Felipe, cuentan con el pleno apoyo del intendente regional Gabriel Aldoney, quien comprometi\u00f3 los esfuerzos para que ambos proyectos sean debatidos en el Consejo Regional y cuenten con el respaldo econ\u00f3mico de esta instancia para su ejecuci\u00f3n.<br \/>\nEste compromiso surgi\u00f3 luego de una reuni\u00f3n de trabajo que sostuvo con el alcalde de San Felipe Patricio Freire, los consejeros regionales Iv\u00e1n Reyes y Mario Sottolichio y asesores de la municipalidad y del Servicio de Salud Aconcagua.<br \/>\nLa autoridad comunal explic\u00f3 que la apertura de la calle San Mart\u00edn es una obra que implica expropiar dos terrenos, lo que permitir\u00e1 abrir una v\u00eda que desahogar\u00e1 la circulaci\u00f3n vehicular.<br \/>\nEn tanto, la instalaci\u00f3n del Servicio de Alta Resolutividad, SAR, forma parte de un compromiso presidencial, que para su materializaci\u00f3n es necesario aportar con un terreno, que est\u00e1 ubicado al lado del Cesfam Segismundo Iturra.<br \/>\nPara el alcalde de San Felipe se trata de dos obras importantes para el desarrollo de la comuna, que requieren de un aporte de 200 millones de pesos en el caso de la apertura de la calle San Mart\u00edn y de 85 millones de pesos para adquirir el terreno asignado al SAR.<br \/>\nEl intendente asegur\u00f3 que ambas materias ser\u00e1n abordadas en el Consejo Regional, las que tienen un impacto en la comunidad de San Felipe, como la ampliaci\u00f3n de la calle San Mart\u00edn que resuelve problemas de accesibilidad y agilizaci\u00f3n en el movimiento vehicular.<br \/>\nRespecto del Servicio de Alta Resolutividad dijo que \u201ceste tipo de inversiones aseguran que los ciudadanos de San Felipe puedan tener a acceso a servicios de muy buena calidad en la salud p\u00fablica, porque lo que estamos haciendo aqu\u00ed es fortalecer un concepto de salud que se basa en un principio fundamental, que la salud es un derecho de todos y por lo tanto, tenemos que perfeccionar la infraestructura hospitalaria en este caso, para que este derecho est\u00e9 garantizado\u201d.<\/p>\n<figure id=\"attachment_68340\" aria-describedby=\"caption-attachment-68340\" style=\"width: 530px\" class=\"wp-caption alignleft\"><a href=\"http:\/\/www.eltrabajo.cl\/portal\/intendente-compromete-fondos-a-servicio-alta-resolutividad-en-salud\/san-martin-prolongacion\/\" rel=\"attachment wp-att-68340\"><img data-recalc-dims=\"1\" loading=\"lazy\" decoding=\"async\" class=\"size-full wp-image-68340\" src=\"https:\/\/i0.wp.com\/www.eltrabajo.cl\/portal\/wp-content\/uploads\/2016\/04\/san-martin-prolongacion.jpg?resize=530%2C350\" alt=\"Los compromisos de recursos se efectuaron en una reuni\u00f3n de trabajo entre el intendente Gabriel Aldoney y el alcalde Patricio Freire, donde junto al SAR se anunci\u00f3 recursos para la apertura de la calle San Mart\u00edn.\" width=\"530\" height=\"350\" srcset=\"https:\/\/i0.wp.com\/eltrabajo.cl\/portal\/wp-content\/uploads\/2016\/04\/san-martin-prolongacion.jpg?w=530&amp;ssl=1 530w, https:\/\/i0.wp.com\/eltrabajo.cl\/portal\/wp-content\/uploads\/2016\/04\/san-martin-prolongacion.jpg?resize=200%2C132&amp;ssl=1 200w, https:\/\/i0.wp.com\/eltrabajo.cl\/portal\/wp-content\/uploads\/2016\/04\/san-martin-prolongacion.jpg?resize=300%2C198&amp;ssl=1 300w, https:\/\/i0.wp.com\/eltrabajo.cl\/portal\/wp-content\/uploads\/2016\/04\/san-martin-prolongacion.jpg?resize=227%2C150&amp;ssl=1 227w, https:\/\/i0.wp.com\/eltrabajo.cl\/portal\/wp-content\/uploads\/2016\/04\/san-martin-prolongacion.jpg?resize=400%2C264&amp;ssl=1 400w\" sizes=\"auto, (max-width: 530px) 100vw, 530px\" \/><\/a><figcaption id=\"caption-attachment-68340\" class=\"wp-caption-text\">Los compromisos de recursos se efectuaron en una reuni\u00f3n de trabajo entre el intendente Gabriel Aldoney y el alcalde Patricio Freire, donde junto al SAR se anunci\u00f3 recursos para la apertura de la calle San Mart\u00edn.<\/figcaption><\/figure>\n","protected":false},"excerpt":{"rendered":"<p>Adem\u00e1s de la apertura de calle San Mart\u00edn. La construcci\u00f3n de un Servicio de Alta Resolutividad y la apertura de la calle San Mart\u00edn en la comuna de San Felipe, cuentan con&#8230;<\/p>\n","protected":false},"author":1,"featured_media":68340,"comment_status":"open","ping_status":"open","sticky":false,"template":"","format":"standard","meta":{"advanced_seo_description":"","jetpack_seo_html_title":"","jetpack_seo_noindex":false,"_jetpack_memberships_contains_paid_content":false,"footnotes":""},"categories":[1],"tags":[],"class_list":["post-68339","post","type-post","status-publish","format-standard","has-post-thumbnail","hentry","category-cronica"],"jetpack_featured_media_url":"https:\/\/i0.wp.com\/eltrabajo.cl\/portal\/wp-content\/uploads\/2016\/04\/san-martin-prolongacion.jpg?fit=530%2C350&ssl=1","jetpack_sharing_enabled":true,"jetpack_likes_enabled":true,"jetpack-related-posts":[],"_links":{"self":[{"href":"https:\/\/eltrabajo.cl\/portal\/wp-json\/wp\/v2\/posts\/68339","targetHints":{"allow":["GET"]}}],"collection":[{"href":"https:\/\/eltrabajo.cl\/portal\/wp-json\/wp\/v2\/posts"}],"about":[{"href":"https:\/\/eltrabajo.cl\/portal\/wp-json\/wp\/v2\/types\/post"}],"author":[{"embeddable":true,"href":"https:\/\/eltrabajo.cl\/portal\/wp-json\/wp\/v2\/users\/1"}],"replies":[{"embeddable":true,"href":"https:\/\/eltrabajo.cl\/portal\/wp-json\/wp\/v2\/comments?post=68339"}],"version-history":[{"count":0,"href":"https:\/\/eltrabajo.cl\/portal\/wp-json\/wp\/v2\/posts\/68339\/revisions"}],"wp:featuredmedia":[{"embeddable":true,"href":"https:\/\/eltrabajo.cl\/portal\/wp-json\/wp\/v2\/media\/68340"}],"wp:attachment":[{"href":"https:\/\/eltrabajo.cl\/portal\/wp-json\/wp\/v2\/media?parent=68339"}],"wp:term":[{"taxonomy":"category","embeddable":true,"href":"https:\/\/eltrabajo.cl\/portal\/wp-json\/wp\/v2\/categories?post=68339"},{"taxonomy":"post_tag","embeddable":true,"href":"https:\/\/eltrabajo.cl\/portal\/wp-json\/wp\/v2\/tags?post=68339"}],"curies":[{"name":"wp","href":"https:\/\/api.w.org\/{rel}","templated":true}]}}