{"id":6834,"date":"2011-11-29T08:35:30","date_gmt":"2011-11-29T12:35:30","guid":{"rendered":"http:\/\/www.eltrabajo.cl\/portal\/?p=6834"},"modified":"2011-11-29T08:35:30","modified_gmt":"2011-11-29T12:35:30","slug":"enmascaradas-como-%e2%80%9cla-tirana%e2%80%9d-asustaban-a-ninos-en-jardin-infantil","status":"publish","type":"post","link":"https:\/\/eltrabajo.cl\/portal\/enmascaradas-como-%e2%80%9cla-tirana%e2%80%9d-asustaban-a-ninos-en-jardin-infantil\/","title":{"rendered":"Enmascaradas como \u201cLa Tirana\u201d asustaban a ni\u00f1os en jard\u00edn infantil"},"content":{"rendered":"<figure id=\"attachment_6835\" aria-describedby=\"caption-attachment-6835\" style=\"width: 600px\" class=\"wp-caption alignnone\"><a href=\"http:\/\/www.eltrabajo.cl\/portal\/archives\/6834\/mascara1\" rel=\"attachment wp-att-6835\"><img data-recalc-dims=\"1\" loading=\"lazy\" decoding=\"async\" class=\"size-full wp-image-6835\" title=\"Mascara1\" src=\"https:\/\/i0.wp.com\/www.eltrabajo.cl\/portal\/wp-content\/uploads\/2011\/11\/Mascara1.jpg?resize=600%2C381\" alt=\"\" width=\"600\" height=\"381\" srcset=\"https:\/\/i0.wp.com\/eltrabajo.cl\/portal\/wp-content\/uploads\/2011\/11\/Mascara1.jpg?w=600&amp;ssl=1 600w, https:\/\/i0.wp.com\/eltrabajo.cl\/portal\/wp-content\/uploads\/2011\/11\/Mascara1.jpg?resize=200%2C127&amp;ssl=1 200w, https:\/\/i0.wp.com\/eltrabajo.cl\/portal\/wp-content\/uploads\/2011\/11\/Mascara1.jpg?resize=300%2C190&amp;ssl=1 300w, https:\/\/i0.wp.com\/eltrabajo.cl\/portal\/wp-content\/uploads\/2011\/11\/Mascara1.jpg?resize=150%2C95&amp;ssl=1 150w, https:\/\/i0.wp.com\/eltrabajo.cl\/portal\/wp-content\/uploads\/2011\/11\/Mascara1.jpg?resize=400%2C254&amp;ssl=1 400w\" sizes=\"auto, (max-width: 600px) 100vw, 600px\" \/><\/a><figcaption id=\"caption-attachment-6835\" class=\"wp-caption-text\">En esta fotograf\u00eda se muestra una de las escenas del video en manos de la Fiscal\u00eda, una de las \u201cT\u00edas\u201d se transforma en \u201cLa Tirana\u201d y se asoma por una de las esquinas, los ni\u00f1os est\u00e1n atrapados al otro lado y no pueden escapar de su terror.<\/figcaption><\/figure>\n<ul>\n<li><strong>Jard\u00edn \u201cCastillo de Alegr\u00eda\u201d se convirti\u00f3 en \u201cCastillo del Terror\u201d por las crueles agresiones psicol\u00f3gicas infringidas por tres \u201cT\u00edas\u201d a los infantes que cuidaban, lo que llev\u00f3 a la oficina regional de la JUNJI y la Municipalidad de Santa Mar\u00eda a destituirlas de sus cargos luego que m\u00e1s de 30 apoderados presentaran un impactante video en el que se evidencian eventuales abusos psicol\u00f3gicos en contra de los peque\u00f1os.<\/strong><\/li>\n<\/ul>\n<p>Roberto Gonz\u00e1lez Short &#8211; <a href=\"mailto:rgonzalez@eltrabajo.cl\">rgonzalez@eltrabajo.cl<\/a>\u00a0\u00a0\u00a0\u00a0Enviado Especial<\/p>\n<p><strong>SANTA MAR\u00cdA.-<\/strong>\u00a0\u00a0Cuando en mayo de 2009 se abrieron las puertas del Jard\u00edn Infantil Castillo de Alegr\u00eda con el lema \u201cTe ayudamos a crecer\u201d, se calific\u00f3 la iniciativa municipal como una de las m\u00e1s aplaudidas en la comuna, sin embargo, a poco m\u00e1s de dos a\u00f1os de su inauguraci\u00f3n, m\u00e1s de 30 ni\u00f1os no pueden dormir por las noches en virtud de la evidente metamorfosis educativa que sufri\u00f3 el centro parvulario y, en lugar de encontrar una experiencia feliz, lo que viven es una amarga estad\u00eda en un \u201cCastillo del Terror\u201d.<\/p>\n<p>Si no es as\u00ed, al menos eso es lo que parece si se toman como ciertas las declaraciones y denuncias que unos 33 apoderados hicieron p\u00fablicas el d\u00eda de ayer ante el Alcalde Claudio Zurita, quien apenas pudo dar cr\u00e9dito a sus ojos cuando un pol\u00e9mico video fue reproducido en rueda de prensa.<\/p>\n<p>En dicha grabaci\u00f3n realizada en forma clandestina en el interior del jard\u00edn infantil, se puede apreciar a una de las \u201cT\u00edas\u201d con una m\u00e1scara de \u201cLa Tirana\u201d aterrorizando a beb\u00e9s de uno a cinco a\u00f1os de edad, quienes ante la t\u00e9trica interpretaci\u00f3n del personaje, gritaban y corr\u00edan despavoridos pidiendo ayuda de alg\u00fan adulto.<\/p>\n<p><strong>\u201cTu mamita no est\u00e1 aqu\u00ed\u201d<\/strong><\/p>\n<p>Seg\u00fan lo denunciado por los angustiados padres, los ni\u00f1os eran amenazados con ser \u201catrapados\u201d por La Tirana\u201d si no se portaban bien.<\/p>\n<p>\u00abMi hijo no duerme, no come, se la pasa el d\u00eda llorando, no quiere jugar, ni que le apaguen la luz al acostarse. Mi hijo dice que \u2018la m\u00e1scara se lo va a comer si le apagan la luz\u2019, la \u2018T\u00eda Carito\u2019 se la pasa asust\u00e1ndomelo\u00bb, coment\u00f3 a DIARIO EL TRABAJO Maribel L\u00f3pez, madre de Joaqu\u00edn de apenas dos a\u00f1os de vida.<\/p>\n<p>\u00abLas T\u00edas llevan a mi hijo a una ventana, ah\u00ed otra de ellas me lo asusta con la m\u00e1scara, mi peque\u00f1o pide auxilio diciendo \u2018Ay\u00fademe mamita\u2019, las t\u00edas le dicen a mi hijo \u2018no, si tu mamita no est\u00e1 aqu\u00ed\u2019. No llevar\u00e9 m\u00e1s a mi hijo hasta que saquen del jard\u00edn a la T\u00eda Carito, T\u00eda Tere y Marisol\u00bb, relat\u00f3 L\u00f3pez.<\/p>\n<p>Por su parte Julio Rivillo, Presidente del Centro de Padres y Apoderados de San Fernando en Santa Mar\u00eda, explic\u00f3 a nuestro medio que \u00abestamos investigando el video en nuestro poder, queremos que no se cierre este jard\u00edn infantil, pues muchas madres necesitan que se les cuide a sus hijos, buscamos la transparencia pero tambi\u00e9n que se nos explique por qu\u00e9 aparecen personas adultas asustando a los ni\u00f1os por una ventana y con una m\u00e1scara de La Tirana\u00bb.<\/p>\n<p><strong>RODARON CABEZAS<\/strong><\/p>\n<p>Lejos de complicarse las cosas, el Alcalde Zurita fue claro y contundente al se\u00f1alar la postura del municipio.<\/p>\n<p>\u00abEstamos implementando un Sumario Administrativo a fin de investigar todo lo referente a la situaci\u00f3n denunciada en este caso, las medidas son inmediatas, las tres personas se\u00f1aladas como supuestos autores de las tambi\u00e9n supuestas agresiones infantiles fueron depuestas de sus cargos, ese jard\u00edn infantil de San Fernando, hasta el d\u00eda jueves era el mejor de Santa Mar\u00eda, hay mucha gente vulnerable que depende de este jard\u00edn y creo que no cerraremos las puertas del mismo\u00bb, se\u00f1al\u00f3 Zurita a DIARIO EL TRABAJO.<\/p>\n<p><strong>\u201cME LO OBLIGABAN A COMER SU V\u00d3MITO\u201d<\/strong><\/p>\n<p>Seg\u00fan investigaciones de nuestro medio, los maltratos psicol\u00f3gicos no habr\u00edan sido los \u00fanicos sufridos por los infantes, seg\u00fan lo detall\u00f3 Aurita Bi\u00e9nzobas.<\/p>\n<p>\u00abUna sobrina m\u00eda nos inform\u00f3 que la \u2018T\u00eda Marisol\u2019 le pegaba en su cabeza con un palo, supe tambi\u00e9n que a mi hijo de un a\u00f1o y tres meses lo obligaban a comer su v\u00f3mito, con el peligro de que se asfixiara y morir\u00bb.<\/p>\n<p>Este episodio de p\u00e1nico extremo coloca a la Directora Teresa Leiva y a sus subalternas Marisol Tello y Karol Espinoza, en la mira de las autoridades la la Junta Nacional de Jardines Infantiles (JUNJI), quienes ayer mismo en horas de la tarde se apersonaron en las oficinas del jard\u00edn infantil para deponer de sus cargos a las tres funcionarias. Actualmente todas las partes buscan volver a la normalidad.<\/p>\n","protected":false},"excerpt":{"rendered":"<p>Jard\u00edn \u201cCastillo de Alegr\u00eda\u201d se convirti\u00f3 en \u201cCastillo del Terror\u201d por las crueles agresiones psicol\u00f3gicas infringidas por tres \u201cT\u00edas\u201d a los infantes que cuidaban, lo que llev\u00f3 a la oficina regional de&#8230;<\/p>\n","protected":false},"author":482,"featured_media":6835,"comment_status":"open","ping_status":"open","sticky":false,"template":"","format":"standard","meta":{"advanced_seo_description":"","jetpack_seo_html_title":"","jetpack_seo_noindex":false,"_jetpack_memberships_contains_paid_content":false,"footnotes":""},"categories":[15],"tags":[],"class_list":["post-6834","post","type-post","status-publish","format-standard","has-post-thumbnail","hentry","category-comunidad"],"jetpack_featured_media_url":"https:\/\/i0.wp.com\/eltrabajo.cl\/portal\/wp-content\/uploads\/2011\/11\/Mascara1.jpg?fit=600%2C381&ssl=1","jetpack_sharing_enabled":true,"jetpack_likes_enabled":true,"jetpack-related-posts":[],"_links":{"self":[{"href":"https:\/\/eltrabajo.cl\/portal\/wp-json\/wp\/v2\/posts\/6834","targetHints":{"allow":["GET"]}}],"collection":[{"href":"https:\/\/eltrabajo.cl\/portal\/wp-json\/wp\/v2\/posts"}],"about":[{"href":"https:\/\/eltrabajo.cl\/portal\/wp-json\/wp\/v2\/types\/post"}],"author":[{"embeddable":true,"href":"https:\/\/eltrabajo.cl\/portal\/wp-json\/wp\/v2\/users\/482"}],"replies":[{"embeddable":true,"href":"https:\/\/eltrabajo.cl\/portal\/wp-json\/wp\/v2\/comments?post=6834"}],"version-history":[{"count":0,"href":"https:\/\/eltrabajo.cl\/portal\/wp-json\/wp\/v2\/posts\/6834\/revisions"}],"wp:featuredmedia":[{"embeddable":true,"href":"https:\/\/eltrabajo.cl\/portal\/wp-json\/wp\/v2\/media\/6835"}],"wp:attachment":[{"href":"https:\/\/eltrabajo.cl\/portal\/wp-json\/wp\/v2\/media?parent=6834"}],"wp:term":[{"taxonomy":"category","embeddable":true,"href":"https:\/\/eltrabajo.cl\/portal\/wp-json\/wp\/v2\/categories?post=6834"},{"taxonomy":"post_tag","embeddable":true,"href":"https:\/\/eltrabajo.cl\/portal\/wp-json\/wp\/v2\/tags?post=6834"}],"curies":[{"name":"wp","href":"https:\/\/api.w.org\/{rel}","templated":true}]}}