{"id":68343,"date":"2016-04-04T08:24:10","date_gmt":"2016-04-04T11:24:10","guid":{"rendered":"http:\/\/www.eltrabajo.cl\/portal\/?p=68343"},"modified":"2016-04-04T08:26:14","modified_gmt":"2016-04-04T11:26:14","slug":"caso-de-virus-hanta-en-hijuelas-despierta-alerta-para-aconcagua","status":"publish","type":"post","link":"https:\/\/eltrabajo.cl\/portal\/caso-de-virus-hanta-en-hijuelas-despierta-alerta-para-aconcagua\/","title":{"rendered":"Caso de Virus Hanta en Hijuelas despierta alerta para Aconcagua"},"content":{"rendered":"<p><strong>Joven de 22 a\u00f1os es el primer caso desde 2013 en la regi\u00f3n de Valpara\u00edso:<\/strong><br \/>\nEl llamado de la autoridad de salud es a estar atentos a la presencia del rat\u00f3n de cola larga en sectores rurales, bodegas y caba\u00f1as. As\u00ed como tambi\u00e9n relacionar s\u00edntomas, que podr\u00edan parecer de una enfermedad com\u00fan, a las actividades realizadas y lugares visitados durante los \u00faltimos 15 d\u00edas.<br \/>\nLa Secretaria Regional Ministerial de Salud de Valpara\u00edso, Seremi, Mar\u00eda Graciela Astudillo, hizo un llamado a los aconcag\u00fcinos a no bajar la guardia en torno al Hanta Virus, luego que hace un par de d\u00edas, el Instituto de Salud P\u00fablica, ISP, confirmara un caso de la enfermedad en la comuna de Hijuelas, donde un joven de 22 a\u00f1os presentara inicialmente problemas tracto respiratorios y luego de realizados los ex\u00e1menes de rigor, se determinara su contagio, transform\u00e1ndose en el primer paciente portador de la patolog\u00eda en la regi\u00f3n desde el a\u00f1o 2013.<br \/>\nSi bien, Astudillo asegur\u00f3 que se est\u00e1 llevando a cabo una investigaci\u00f3n epidemiol\u00f3gica para determinar d\u00f3nde sucedi\u00f3 el contagio, la recomendaci\u00f3n es que en la zona de Aconcagua se tomen ciertas precauciones, sobre todo en las zonas rurales, donde puede habitar el rat\u00f3n de cola larga \u2013portador de la enfermedad-<br \/>\n\u201cSabemos que el virus se contagia por las fecas y la orina de este roedor y uno al respirar esos aerosoles se contagia si el rat\u00f3n estaba infectado\u2026hace muchos a\u00f1os que no ten\u00edamos casos, hay bastante concientizaci\u00f3n, sin embargo siempre vamos a estar expuestos mientras exista esta especie\u201d, sostuvo la Seremi.<br \/>\nAs\u00ed mismo, Astudillo agreg\u00f3 que hay que estar muy pendientes de los s\u00edntomas que se manifiestan en las personas, los cuales suelen ser muy comunes y la poblaci\u00f3n podr\u00eda relacionarlos con otra enfermedad menos riesgosa, sin embargo, es muy relevante relacionar esta sintomatolog\u00eda con las actividades realizadas durante un tiempo determinado, puesto que \u201cla enfermedad por virus hanta, es bastante compleja sobre todo por el proceso de incubaci\u00f3n, que puede durar hasta 45 d\u00edas. Entonces cuando uno empieza con s\u00edntomas, que son muy parecidos a cualquier otra enfermedad; como dolores gastrointestinales, fiebre, dolor de cabeza y muscular; lo importante es asociarlo al haber estado hasta 1 mes y medio antes de la aparici\u00f3n de los s\u00edntomas en lugares rurales, campamentos, etc.\u201d, sostuvo.<br \/>\n\u201cEn invierno disminuye el riesgo, sin embargo en bodegas, caba\u00f1as abandonadas, si el rat\u00f3n infestado pas\u00f3 por ah\u00ed siempre est\u00e1 el peligro, por eso las recomendaciones son por todo el a\u00f1o, en el verano agudizamos la campa\u00f1a porque es cuando se activan los camping, donde uno sale a pasear m\u00e1s a zonas rurales y tambi\u00e9n por todo el trabajo agr\u00edcola que se desarrolla en ese per\u00edodo, pero en el invierno tambi\u00e9n debemos tener cuidado\u201d, a\u00f1adi\u00f3 la facultativa.<br \/>\nLa Seremi recomend\u00f3 a las personas que lleguen a encontrarse con un rat\u00f3n de cola larga, redoblar los sistemas de limpieza en el lugar, sobre todo si es que es una zona rural, donde es aconsejable realizar un control de plagas, en caso de visualizar a ratones portadores de la infecci\u00f3n.<br \/>\nEn caso de presentar los s\u00edntomas anteriormente descritos, Astudillo insisti\u00f3 en relacionarlos de inmediato con las actividades realizadas durante los \u00faltimos 45 d\u00edas y si en ese lapso se estuvo en un camping o en una zona rural, dar como antecedente a los m\u00e9dicos para que ellos puedan diagnosticar de mejor manera porque \u201cesta patolog\u00eda produce problemas pulmonares severos y tiene una alta tasa de mortalidad, por lo tanto ac\u00e1 el llamado es a tener cuidado y en caso de presentar estos s\u00edntomas recordar lo que se hizo durante el \u00faltimo mes y medio\u201d, sentenci\u00f3.<br \/>\nSeg\u00fan el Instituto de Salud P\u00fablica, unos 16 casos se han registrado en la regi\u00f3n de Valpara\u00edso desde mediados de los a\u00f1os \u201890, habiendo por los menos dos de ellos que se originaron en Hijuelas. \u00c9ste ser\u00eda el primero de la regi\u00f3n en tres a\u00f1os. Felizmente, seg\u00fan se inform\u00f3, el joven hijuelense se encuentra estable en su condici\u00f3n, ya en conocimiento de su enfermedad y sometido al tratamiento m\u00e9dico respectivo.<\/p>\n<figure id=\"attachment_68344\" aria-describedby=\"caption-attachment-68344\" style=\"width: 269px\" class=\"wp-caption alignleft\"><a href=\"http:\/\/www.eltrabajo.cl\/portal\/caso-de-virus-hanta-en-hijuelas-despierta-alerta-para-aconcagua\/foto-1-seremi-de-salud-valparaiso-maria-graciela-astudillo\/\" rel=\"attachment wp-att-68344\"><img data-recalc-dims=\"1\" loading=\"lazy\" decoding=\"async\" class=\"size-medium wp-image-68344\" src=\"https:\/\/i0.wp.com\/www.eltrabajo.cl\/portal\/wp-content\/uploads\/2016\/04\/FOTO-1-SEREMI-DE-SALUD-VALPARAISO-MARIA-GRACIELA-ASTUDILLO-269x300.jpg?resize=269%2C300\" alt=\"Mar\u00eda Graciela Astudillo, Secretaria Regional Ministerial de Salud de Valpara\u00edso.\" width=\"269\" height=\"300\" \/><\/a><figcaption id=\"caption-attachment-68344\" class=\"wp-caption-text\">Mar\u00eda Graciela Astudillo, Secretaria Regional Ministerial de Salud de Valpara\u00edso.<\/figcaption><\/figure>\n","protected":false},"excerpt":{"rendered":"<p>Joven de 22 a\u00f1os es el primer caso desde 2013 en la regi\u00f3n de Valpara\u00edso: El llamado de la autoridad de salud es a estar atentos a la presencia del rat\u00f3n de&#8230;<\/p>\n","protected":false},"author":1,"featured_media":68344,"comment_status":"open","ping_status":"open","sticky":false,"template":"","format":"standard","meta":{"advanced_seo_description":"","jetpack_seo_html_title":"","jetpack_seo_noindex":false,"_jetpack_memberships_contains_paid_content":false,"footnotes":""},"categories":[18],"tags":[],"class_list":["post-68343","post","type-post","status-publish","format-standard","has-post-thumbnail","hentry","category-salud"],"jetpack_featured_media_url":"https:\/\/i0.wp.com\/eltrabajo.cl\/portal\/wp-content\/uploads\/2016\/04\/FOTO-1-SEREMI-DE-SALUD-VALPARAISO-MARIA-GRACIELA-ASTUDILLO-e1459769157228.jpg?fit=529%2C350&ssl=1","jetpack_sharing_enabled":true,"jetpack_likes_enabled":true,"jetpack-related-posts":[],"_links":{"self":[{"href":"https:\/\/eltrabajo.cl\/portal\/wp-json\/wp\/v2\/posts\/68343","targetHints":{"allow":["GET"]}}],"collection":[{"href":"https:\/\/eltrabajo.cl\/portal\/wp-json\/wp\/v2\/posts"}],"about":[{"href":"https:\/\/eltrabajo.cl\/portal\/wp-json\/wp\/v2\/types\/post"}],"author":[{"embeddable":true,"href":"https:\/\/eltrabajo.cl\/portal\/wp-json\/wp\/v2\/users\/1"}],"replies":[{"embeddable":true,"href":"https:\/\/eltrabajo.cl\/portal\/wp-json\/wp\/v2\/comments?post=68343"}],"version-history":[{"count":0,"href":"https:\/\/eltrabajo.cl\/portal\/wp-json\/wp\/v2\/posts\/68343\/revisions"}],"wp:featuredmedia":[{"embeddable":true,"href":"https:\/\/eltrabajo.cl\/portal\/wp-json\/wp\/v2\/media\/68344"}],"wp:attachment":[{"href":"https:\/\/eltrabajo.cl\/portal\/wp-json\/wp\/v2\/media?parent=68343"}],"wp:term":[{"taxonomy":"category","embeddable":true,"href":"https:\/\/eltrabajo.cl\/portal\/wp-json\/wp\/v2\/categories?post=68343"},{"taxonomy":"post_tag","embeddable":true,"href":"https:\/\/eltrabajo.cl\/portal\/wp-json\/wp\/v2\/tags?post=68343"}],"curies":[{"name":"wp","href":"https:\/\/api.w.org\/{rel}","templated":true}]}}