{"id":68347,"date":"2016-04-04T08:49:36","date_gmt":"2016-04-04T11:49:36","guid":{"rendered":"http:\/\/www.eltrabajo.cl\/portal\/?p=68347"},"modified":"2016-04-04T08:49:36","modified_gmt":"2016-04-04T11:49:36","slug":"tras-larga-agonia-fallece-lactante-que-sufrio-confusa-caida-de-tercer-piso","status":"publish","type":"post","link":"https:\/\/eltrabajo.cl\/portal\/tras-larga-agonia-fallece-lactante-que-sufrio-confusa-caida-de-tercer-piso\/","title":{"rendered":"Tras larga agon\u00eda fallece lactante que sufri\u00f3 confusa ca\u00edda de tercer piso"},"content":{"rendered":"<p><strong>Conmoci\u00f3n entre familiares y vecinos de villa San Alberto:<\/strong><br \/>\nReci\u00e9n nacido se encontraba internado grave desde el lunes en la UCI Pedi\u00e1trica del Hospital Carlos Van B\u00fcren de Valpara\u00edso, falleciendo este viernes.<br \/>\nCerca de la medianoche de este viernes falleci\u00f3 el peque\u00f1o beb\u00e9 de cuatro meses luego de debatirse entre la vida y la muerte tras sufrir una confusa ca\u00edda desde el balc\u00f3n de un tercer piso la tarde del pasado lunes en la villa San Alberto de la comuna de Los Andes.<br \/>\nEl lactante se encontraba en estado cr\u00edtico en la Unidad Pedi\u00e1trica de Cuidados Intensivos del Hospital Carlos Van B\u00fcren de Valpara\u00edso, tras ser diagnosticado por los m\u00e9dicos de m\u00faltiples fracturas y un traumatismo enc\u00e9falo craneal. El menor agoniz\u00f3 cerca de cuatro d\u00edas, aun cuando los profesionales de la salud intentaron revertir su cr\u00edtico estado.<br \/>\nSin embargo, las maniobras m\u00e9dicas fueron infructuosas ante la gravedad del estado en que se encontraba el peque\u00f1o de iniciales J.S.S., quien dej\u00f3 de existir producto de sus lesiones.<br \/>\nEl caso se encuentra en plena etapa de investigaci\u00f3n por parte de los peritos de la Brigada de Homicidios de la PDI de Los Andes. Los primeros antecedentes que se dieron a conocer del caso se\u00f1alan que el lactante se encontraba a cargo de su madre de s\u00f3lo 14 a\u00f1os de edad, quien habr\u00eda dejado a su hijo sentado en una silla para autos sin abrochar el cintur\u00f3n, a un costado de un balc\u00f3n del tercer piso del block ubicado en calle \u00d3scar Granadino de la villa San Alberto.<br \/>\nDe acuerdo a lo indicado por sus familiares directos, la joven madre habr\u00eda ingresado al departamento en b\u00fasqueda de una mamadera, descubriendo momentos m\u00e1s tarde que el lactante se hab\u00eda ca\u00eddo desde una altura aproximada de seis metros, siendo trasladado hasta el Hospital San Juan de Dios de Los Andes, luego al Hospital San Camilo de San Felipe y finalmente al Van B\u00fcren de Valpara\u00edso.<br \/>\nEl cuerpo del infante fue remitido al Servicio M\u00e9dico Legal, para luego ser entregado este s\u00e1bado a sus familiares.<br \/>\n<strong>Pablo Salinas Sald\u00edas<\/strong><\/p>\n<figure id=\"attachment_68348\" aria-describedby=\"caption-attachment-68348\" style=\"width: 300px\" class=\"wp-caption alignleft\"><a href=\"http:\/\/www.eltrabajo.cl\/portal\/tras-larga-agonia-fallece-lactante-que-sufrio-confusa-caida-de-tercer-piso\/valparaiso-ministros-nicolas-eyzaguirre-javiera-blanco-y-carmen-castillo-visitan-al-estudiante-rodrigo-aviles-en-el-hospital-carlos-van-buren-de-valparaiso\/\" rel=\"attachment wp-att-68348\"><img data-recalc-dims=\"1\" loading=\"lazy\" decoding=\"async\" class=\"size-medium wp-image-68348\" src=\"https:\/\/i0.wp.com\/www.eltrabajo.cl\/portal\/wp-content\/uploads\/2016\/04\/HOSPITAL-VAN-BUREN-300x198.jpg?resize=300%2C198\" alt=\"El lactante de cuatro meses se encontraba internado en la UCI Pedi\u00e1trica del Hospital Carlos Van B\u00fcren de Valpara\u00edso, falleciendo este viernes. (Archivo).\" width=\"300\" height=\"198\" srcset=\"https:\/\/i0.wp.com\/eltrabajo.cl\/portal\/wp-content\/uploads\/2016\/04\/HOSPITAL-VAN-BUREN.jpg?resize=300%2C198&amp;ssl=1 300w, https:\/\/i0.wp.com\/eltrabajo.cl\/portal\/wp-content\/uploads\/2016\/04\/HOSPITAL-VAN-BUREN.jpg?resize=200%2C132&amp;ssl=1 200w, https:\/\/i0.wp.com\/eltrabajo.cl\/portal\/wp-content\/uploads\/2016\/04\/HOSPITAL-VAN-BUREN.jpg?resize=228%2C150&amp;ssl=1 228w, https:\/\/i0.wp.com\/eltrabajo.cl\/portal\/wp-content\/uploads\/2016\/04\/HOSPITAL-VAN-BUREN.jpg?resize=400%2C263&amp;ssl=1 400w, https:\/\/i0.wp.com\/eltrabajo.cl\/portal\/wp-content\/uploads\/2016\/04\/HOSPITAL-VAN-BUREN.jpg?w=530&amp;ssl=1 530w\" sizes=\"auto, (max-width: 300px) 100vw, 300px\" \/><\/a><figcaption id=\"caption-attachment-68348\" class=\"wp-caption-text\">El lactante de cuatro meses se encontraba internado en la UCI Pedi\u00e1trica del Hospital Carlos Van B\u00fcren de Valpara\u00edso, falleciendo este viernes. (Archivo).<\/figcaption><\/figure>\n","protected":false},"excerpt":{"rendered":"<p>Conmoci\u00f3n entre familiares y vecinos de villa San Alberto: Reci\u00e9n nacido se encontraba internado grave desde el lunes en la UCI Pedi\u00e1trica del Hospital Carlos Van B\u00fcren de Valpara\u00edso, falleciendo este viernes&#8230;.<\/p>\n","protected":false},"author":1,"featured_media":68348,"comment_status":"open","ping_status":"open","sticky":false,"template":"","format":"standard","meta":{"advanced_seo_description":"","jetpack_seo_html_title":"","jetpack_seo_noindex":false,"_jetpack_memberships_contains_paid_content":false,"footnotes":""},"categories":[21],"tags":[],"class_list":["post-68347","post","type-post","status-publish","format-standard","has-post-thumbnail","hentry","category-policial"],"jetpack_featured_media_url":"https:\/\/i0.wp.com\/eltrabajo.cl\/portal\/wp-content\/uploads\/2016\/04\/HOSPITAL-VAN-BUREN.jpg?fit=530%2C349&ssl=1","jetpack_sharing_enabled":true,"jetpack_likes_enabled":true,"jetpack-related-posts":[],"_links":{"self":[{"href":"https:\/\/eltrabajo.cl\/portal\/wp-json\/wp\/v2\/posts\/68347","targetHints":{"allow":["GET"]}}],"collection":[{"href":"https:\/\/eltrabajo.cl\/portal\/wp-json\/wp\/v2\/posts"}],"about":[{"href":"https:\/\/eltrabajo.cl\/portal\/wp-json\/wp\/v2\/types\/post"}],"author":[{"embeddable":true,"href":"https:\/\/eltrabajo.cl\/portal\/wp-json\/wp\/v2\/users\/1"}],"replies":[{"embeddable":true,"href":"https:\/\/eltrabajo.cl\/portal\/wp-json\/wp\/v2\/comments?post=68347"}],"version-history":[{"count":0,"href":"https:\/\/eltrabajo.cl\/portal\/wp-json\/wp\/v2\/posts\/68347\/revisions"}],"wp:featuredmedia":[{"embeddable":true,"href":"https:\/\/eltrabajo.cl\/portal\/wp-json\/wp\/v2\/media\/68348"}],"wp:attachment":[{"href":"https:\/\/eltrabajo.cl\/portal\/wp-json\/wp\/v2\/media?parent=68347"}],"wp:term":[{"taxonomy":"category","embeddable":true,"href":"https:\/\/eltrabajo.cl\/portal\/wp-json\/wp\/v2\/categories?post=68347"},{"taxonomy":"post_tag","embeddable":true,"href":"https:\/\/eltrabajo.cl\/portal\/wp-json\/wp\/v2\/tags?post=68347"}],"curies":[{"name":"wp","href":"https:\/\/api.w.org\/{rel}","templated":true}]}}