{"id":68351,"date":"2016-04-04T08:50:55","date_gmt":"2016-04-04T11:50:55","guid":{"rendered":"http:\/\/www.eltrabajo.cl\/portal\/?p=68351"},"modified":"2016-04-04T08:50:55","modified_gmt":"2016-04-04T11:50:55","slug":"alcaldes-de-la-provincia-firman-convenio-de-pase-del-adulto-mayor","status":"publish","type":"post","link":"https:\/\/eltrabajo.cl\/portal\/alcaldes-de-la-provincia-firman-convenio-de-pase-del-adulto-mayor\/","title":{"rendered":"Alcaldes de la provincia firman convenio de pase del Adulto Mayor"},"content":{"rendered":"<p><strong>Este beneficio permitir\u00e1 a las personas mayores del Valle del Aconcagua movilizarse a precio rebajado en el sector.<\/strong><br \/>\nCon el objetivo de ofrecer espacios de participaci\u00f3n y formaci\u00f3n a personas mayores integrantes de organizaciones sociales, para que puedan conocer m\u00e1s acerca de las pol\u00edticas p\u00fablicas orientada hacia ellas, se realiz\u00f3, en la provincia de San Felipe, la primera Jornada Participativa Territorial organizada por el Servicio Nacional del Adulto Mayor (Senama), instancia que mes a mes se replicar\u00e1 en las diferentes zonas de la regi\u00f3n de Valpara\u00edso.<br \/>\nEn el marco de la actividad, en la cual participaron la coordinadora regional de Senama, Viviana Valle; el gobernador provincial de San Felipe, Eduardo Le\u00f3n; el presidente de la Federaci\u00f3n de Buses Aconcagua, Alex Vera; los alcaldes de San Felipe, Llay Llay, Panquehue y Santa Mar\u00eda, Patricio Freire, Mario Marillanca, Luis Pradenas y Claudio Zurita, respectivamente; y cerca de un centenar de adultos mayores del Valle de Aconcagua, se firm\u00f3 el convenio para el pase del Adulto Mayor, que permitir\u00e1 que las personas de m\u00e1s de 60 a\u00f1os puedan movilizarse a precio rebajado por el sector.<br \/>\nEn tanto, el Gobernador de San Felipe, Eduardo Le\u00f3n, explic\u00f3 el funcionamiento para que los adultos mayores accedan al pase del Adulto Mayor. \u201cEl tr\u00e1mite es muy simple, se dirigen a la municipalidad o a la Gobernaci\u00f3n de San Felipe, hay que pagar una foto que tiene un valor de 6 mil pesos, que en algunos casos es subvencionado por el municipio, y sobre todo recalcar que es un tr\u00e1mite que se puede realizar en cualquier momento, ya que no tiene fecha de vencimiento\u201d.<br \/>\nPor su parte, Alex Vera, presidente de la Federaci\u00f3n de Buses Aconcagua, se\u00f1al\u00f3 que \u201cdentro de la labor social que nos corresponde como empresa privada est\u00e1 este programa Adulto Mayor, que se inici\u00f3 en el a\u00f1o 2000, y el cual obviamente se ha respetado y se ha llevado a cabo hasta el a\u00f1o actual. En cuanto a la cantidad de adultos mayores que se ven beneficiados con el pase, nuestros registros obedecen a la cantidad de 2000 personas en el Valle del Aconcagua\u201d.<br \/>\nFinalmente, Hermosina C\u00e9spedes, de la comuna de Catemu, se mostr\u00f3 muy agradecida con el beneficio y precis\u00f3 que \u201ces una ayuda muy importante ya que las personas mayores tenemos pocos recursos y con esto nos ayudan para asistir a las diferentes actividades que se realizan para nosotros durante el a\u00f1o, ya que a veces no tenemos los medios para asistir\u201d.<\/p>\n<figure id=\"attachment_68352\" aria-describedby=\"caption-attachment-68352\" style=\"width: 530px\" class=\"wp-caption alignleft\"><a href=\"http:\/\/www.eltrabajo.cl\/portal\/alcaldes-de-la-provincia-firman-convenio-de-pase-del-adulto-mayor\/firma-convenio-adulto-mayor-2\/\" rel=\"attachment wp-att-68352\"><img data-recalc-dims=\"1\" loading=\"lazy\" decoding=\"async\" class=\"size-full wp-image-68352\" src=\"https:\/\/i0.wp.com\/www.eltrabajo.cl\/portal\/wp-content\/uploads\/2016\/04\/Firma-convenio-adulto-mayor-2.jpg?resize=530%2C349\" alt=\"Diversos alcaldes de la provincia de San Felipe participaron de la firma del convenio que permite a los adultos mayores beneficiarse con una tarifa reducida. \" width=\"530\" height=\"349\" srcset=\"https:\/\/i0.wp.com\/eltrabajo.cl\/portal\/wp-content\/uploads\/2016\/04\/Firma-convenio-adulto-mayor-2.jpg?w=530&amp;ssl=1 530w, https:\/\/i0.wp.com\/eltrabajo.cl\/portal\/wp-content\/uploads\/2016\/04\/Firma-convenio-adulto-mayor-2.jpg?resize=200%2C132&amp;ssl=1 200w, https:\/\/i0.wp.com\/eltrabajo.cl\/portal\/wp-content\/uploads\/2016\/04\/Firma-convenio-adulto-mayor-2.jpg?resize=300%2C198&amp;ssl=1 300w, https:\/\/i0.wp.com\/eltrabajo.cl\/portal\/wp-content\/uploads\/2016\/04\/Firma-convenio-adulto-mayor-2.jpg?resize=228%2C150&amp;ssl=1 228w, https:\/\/i0.wp.com\/eltrabajo.cl\/portal\/wp-content\/uploads\/2016\/04\/Firma-convenio-adulto-mayor-2.jpg?resize=400%2C263&amp;ssl=1 400w\" sizes=\"auto, (max-width: 530px) 100vw, 530px\" \/><\/a><figcaption id=\"caption-attachment-68352\" class=\"wp-caption-text\">Diversos alcaldes de la provincia de San Felipe participaron de la firma del convenio que permite a los adultos mayores beneficiarse con una tarifa reducida.<\/figcaption><\/figure>\n","protected":false},"excerpt":{"rendered":"<p>Este beneficio permitir\u00e1 a las personas mayores del Valle del Aconcagua movilizarse a precio rebajado en el sector. Con el objetivo de ofrecer espacios de participaci\u00f3n y formaci\u00f3n a personas mayores integrantes&#8230;<\/p>\n","protected":false},"author":1,"featured_media":68352,"comment_status":"open","ping_status":"open","sticky":false,"template":"","format":"standard","meta":{"advanced_seo_description":"","jetpack_seo_html_title":"","jetpack_seo_noindex":false,"_jetpack_memberships_contains_paid_content":false,"footnotes":""},"categories":[1],"tags":[],"class_list":["post-68351","post","type-post","status-publish","format-standard","has-post-thumbnail","hentry","category-cronica"],"jetpack_featured_media_url":"https:\/\/i0.wp.com\/eltrabajo.cl\/portal\/wp-content\/uploads\/2016\/04\/Firma-convenio-adulto-mayor-2.jpg?fit=530%2C349&ssl=1","jetpack_sharing_enabled":true,"jetpack_likes_enabled":true,"jetpack-related-posts":[],"_links":{"self":[{"href":"https:\/\/eltrabajo.cl\/portal\/wp-json\/wp\/v2\/posts\/68351","targetHints":{"allow":["GET"]}}],"collection":[{"href":"https:\/\/eltrabajo.cl\/portal\/wp-json\/wp\/v2\/posts"}],"about":[{"href":"https:\/\/eltrabajo.cl\/portal\/wp-json\/wp\/v2\/types\/post"}],"author":[{"embeddable":true,"href":"https:\/\/eltrabajo.cl\/portal\/wp-json\/wp\/v2\/users\/1"}],"replies":[{"embeddable":true,"href":"https:\/\/eltrabajo.cl\/portal\/wp-json\/wp\/v2\/comments?post=68351"}],"version-history":[{"count":0,"href":"https:\/\/eltrabajo.cl\/portal\/wp-json\/wp\/v2\/posts\/68351\/revisions"}],"wp:featuredmedia":[{"embeddable":true,"href":"https:\/\/eltrabajo.cl\/portal\/wp-json\/wp\/v2\/media\/68352"}],"wp:attachment":[{"href":"https:\/\/eltrabajo.cl\/portal\/wp-json\/wp\/v2\/media?parent=68351"}],"wp:term":[{"taxonomy":"category","embeddable":true,"href":"https:\/\/eltrabajo.cl\/portal\/wp-json\/wp\/v2\/categories?post=68351"},{"taxonomy":"post_tag","embeddable":true,"href":"https:\/\/eltrabajo.cl\/portal\/wp-json\/wp\/v2\/tags?post=68351"}],"curies":[{"name":"wp","href":"https:\/\/api.w.org\/{rel}","templated":true}]}}