{"id":68355,"date":"2016-04-04T08:53:40","date_gmt":"2016-04-04T11:53:40","guid":{"rendered":"http:\/\/www.eltrabajo.cl\/portal\/?p=68355"},"modified":"2016-04-04T08:53:40","modified_gmt":"2016-04-04T11:53:40","slug":"masiva-asistencia-concito-xxiii-encuentro-nacional-de-payadores","status":"publish","type":"post","link":"https:\/\/eltrabajo.cl\/portal\/masiva-asistencia-concito-xxiii-encuentro-nacional-de-payadores\/","title":{"rendered":"Masiva asistencia concit\u00f3 XXIII Encuentro Nacional de Payadores"},"content":{"rendered":"<p><strong>PUTAENDO.-<\/strong> Superando todas las expectativas y con un recinto totalmente lleno, el Encuentro Nacional de Payadores tuvo un rotundo \u00e9xito en su versi\u00f3n n\u00famero XXIII.<br \/>\nLa noche del s\u00e1bado y pese al fr\u00edo reinante, cientos de familias se dieron cita en las dependencias del Liceo Manuel Mar\u00edn Fritis, donde la Agrupaci\u00f3n de Poetas y Cantores a lo Humano y lo Divino junto a la Municipalidad de Putaendo desarrollaron esta importante actividad, que ya es toda una tradici\u00f3n en nuestra comuna.<br \/>\nEl p\u00fablico pudo disfrutar de un rico vino navegado y de una sopaipilla, que tras pagar $800 era llevado hasta las mesas hermosamente adornadas para la ocasi\u00f3n, donde los integrantes de la agrupaci\u00f3n, sus familiares y amigos atend\u00edan a los asistentes y tambi\u00e9n vend\u00edan otras exquisiteces.<br \/>\nLos Cuequeros de Putaendo se encargaron de abrir la jornada y luego Pedro \u2018Choro\u2019 Estay dio la bienvenida a los 21 payadores provenientes de distintas zonas del pa\u00eds. En la ocasi\u00f3n, Estay agradeci\u00f3 el enorme apoyo del alcalde Guillermo Reyes y el Concejo Municipal y por supuesto a quienes repletaron las dependencias del Liceo Manuel Mar\u00edn Fritis.<br \/>\nLuego de interpretar nuestro himno nacional subi\u00f3 al escenario el peque\u00f1o payador Juan Crist\u00f3bal Henr\u00edquez, que se presento como \u2018Nieto de Juan de la uva y de caballo loco\u2019 quien a su corta edad demostr\u00f3 todo su talento y picard\u00eda, que fue aplaudida merecidamente por el p\u00fablico.<br \/>\nLa presentaci\u00f3n de los payadores comenz\u00f3 con una redondilla, luego un contra punto en d\u00e9cimas, d\u00e9cimas de contrarresto, personificaci\u00f3n y contrapunto en cuartetas, donde los 21 payadores se turnaban para subir al escenario, siendo muy aplaudidos los verdaderos duelos entre los mismos payadores.<br \/>\nEl brindis, el banquillo tradicional tambi\u00e9n formo parte de la presentaci\u00f3n, en la cual destacaron entre otros Arnoldo Madariaga, Hern\u00e1n Ram\u00edrez, Rodolfo Pizarro y los payadores locales Pedro \u2018Choro\u2019 Estay, Rub\u00e9n \u2018Chamullo\u2019 Tapia y Fernando \u2018Caballito Blanco\u2019 Montenegro.<br \/>\nPedro \u2018Choro\u2019 Estay se mostr\u00f3 feliz con la tremenda respuesta del p\u00fablico, asegurando que este a\u00f1o la asistencia super\u00f3 con creces la de otras versiones del Encuentro Nacional de Payadores, raz\u00f3n por la cual reconoci\u00f3 de manera especial el esfuerzo de los payadores que vinieron desde distintas regiones de Chile.<br \/>\n<strong>Patricio Gallardo M.<\/strong><\/p>\n<figure id=\"attachment_68356\" aria-describedby=\"caption-attachment-68356\" style=\"width: 530px\" class=\"wp-caption alignleft\"><a href=\"http:\/\/www.eltrabajo.cl\/portal\/masiva-asistencia-concito-xxiii-encuentro-nacional-de-payadores\/encuentro-de-payadores\/\" rel=\"attachment wp-att-68356\"><img data-recalc-dims=\"1\" loading=\"lazy\" decoding=\"async\" class=\"size-full wp-image-68356\" src=\"https:\/\/i0.wp.com\/www.eltrabajo.cl\/portal\/wp-content\/uploads\/2016\/04\/Encuentro-de-payadores.jpg?resize=530%2C350\" alt=\"Sin importar el fr\u00edo, el s\u00e1bado se llev\u00f3 a cabo la versi\u00f3n n\u00famero 23 del Encuentro de Payadores que congreg\u00f3 a diversos exponentes de la disciplina, entre ellos estuvo el peque\u00f1o payador Juan Crist\u00f3bal Henr\u00edquez.\" width=\"530\" height=\"350\" srcset=\"https:\/\/i0.wp.com\/eltrabajo.cl\/portal\/wp-content\/uploads\/2016\/04\/Encuentro-de-payadores.jpg?w=530&amp;ssl=1 530w, https:\/\/i0.wp.com\/eltrabajo.cl\/portal\/wp-content\/uploads\/2016\/04\/Encuentro-de-payadores.jpg?resize=200%2C132&amp;ssl=1 200w, https:\/\/i0.wp.com\/eltrabajo.cl\/portal\/wp-content\/uploads\/2016\/04\/Encuentro-de-payadores.jpg?resize=300%2C198&amp;ssl=1 300w, https:\/\/i0.wp.com\/eltrabajo.cl\/portal\/wp-content\/uploads\/2016\/04\/Encuentro-de-payadores.jpg?resize=227%2C150&amp;ssl=1 227w, https:\/\/i0.wp.com\/eltrabajo.cl\/portal\/wp-content\/uploads\/2016\/04\/Encuentro-de-payadores.jpg?resize=400%2C264&amp;ssl=1 400w\" sizes=\"auto, (max-width: 530px) 100vw, 530px\" \/><\/a><figcaption id=\"caption-attachment-68356\" class=\"wp-caption-text\">Sin importar el fr\u00edo, el s\u00e1bado se llev\u00f3 a cabo la versi\u00f3n n\u00famero 23 del Encuentro de Payadores que congreg\u00f3 a diversos exponentes de la disciplina, entre ellos estuvo el peque\u00f1o payador Juan Crist\u00f3bal Henr\u00edquez.<\/figcaption><\/figure>\n","protected":false},"excerpt":{"rendered":"<p>PUTAENDO.- Superando todas las expectativas y con un recinto totalmente lleno, el Encuentro Nacional de Payadores tuvo un rotundo \u00e9xito en su versi\u00f3n n\u00famero XXIII. La noche del s\u00e1bado y pese al&#8230;<\/p>\n","protected":false},"author":1,"featured_media":68356,"comment_status":"open","ping_status":"open","sticky":false,"template":"","format":"standard","meta":{"advanced_seo_description":"","jetpack_seo_html_title":"","jetpack_seo_noindex":false,"_jetpack_memberships_contains_paid_content":false,"footnotes":""},"categories":[1],"tags":[],"class_list":["post-68355","post","type-post","status-publish","format-standard","has-post-thumbnail","hentry","category-cronica"],"jetpack_featured_media_url":"https:\/\/i0.wp.com\/eltrabajo.cl\/portal\/wp-content\/uploads\/2016\/04\/Encuentro-de-payadores.jpg?fit=530%2C350&ssl=1","jetpack_sharing_enabled":true,"jetpack_likes_enabled":true,"jetpack-related-posts":[],"_links":{"self":[{"href":"https:\/\/eltrabajo.cl\/portal\/wp-json\/wp\/v2\/posts\/68355","targetHints":{"allow":["GET"]}}],"collection":[{"href":"https:\/\/eltrabajo.cl\/portal\/wp-json\/wp\/v2\/posts"}],"about":[{"href":"https:\/\/eltrabajo.cl\/portal\/wp-json\/wp\/v2\/types\/post"}],"author":[{"embeddable":true,"href":"https:\/\/eltrabajo.cl\/portal\/wp-json\/wp\/v2\/users\/1"}],"replies":[{"embeddable":true,"href":"https:\/\/eltrabajo.cl\/portal\/wp-json\/wp\/v2\/comments?post=68355"}],"version-history":[{"count":0,"href":"https:\/\/eltrabajo.cl\/portal\/wp-json\/wp\/v2\/posts\/68355\/revisions"}],"wp:featuredmedia":[{"embeddable":true,"href":"https:\/\/eltrabajo.cl\/portal\/wp-json\/wp\/v2\/media\/68356"}],"wp:attachment":[{"href":"https:\/\/eltrabajo.cl\/portal\/wp-json\/wp\/v2\/media?parent=68355"}],"wp:term":[{"taxonomy":"category","embeddable":true,"href":"https:\/\/eltrabajo.cl\/portal\/wp-json\/wp\/v2\/categories?post=68355"},{"taxonomy":"post_tag","embeddable":true,"href":"https:\/\/eltrabajo.cl\/portal\/wp-json\/wp\/v2\/tags?post=68355"}],"curies":[{"name":"wp","href":"https:\/\/api.w.org\/{rel}","templated":true}]}}