{"id":68364,"date":"2016-04-04T09:04:50","date_gmt":"2016-04-04T12:04:50","guid":{"rendered":"http:\/\/www.eltrabajo.cl\/portal\/?p=68364"},"modified":"2016-04-04T09:04:50","modified_gmt":"2016-04-04T12:04:50","slug":"repararan-fachada-exterior-de-parroquia-san-antonio-de-padua","status":"publish","type":"post","link":"https:\/\/eltrabajo.cl\/portal\/repararan-fachada-exterior-de-parroquia-san-antonio-de-padua\/","title":{"rendered":"Reparar\u00e1n fachada exterior de Parroquia San Antonio de Padua"},"content":{"rendered":"<p><strong>Gracias a proyecto de $258 millones:<\/strong><br \/>\nLas campanas de la Parroquia San Antonio de Padua en El Almendral, repican de alegr\u00eda nuevamente, pues esta comunidad religiosas gan\u00f3 un proyecto del Fondo del Patrimonio Cultural, Consejo Nacional de la Cultura y las Artes, lo que implica que este monumento hist\u00f3rico (Ley N\u00b017.813, el 17 de noviembre de 1972) ser\u00e1 restaurado totalmente por fuera.<\/p>\n<p><strong>CON $258 MILLONES<\/strong><br \/>\nDiario El Trabajo habl\u00f3 con la administradora de la parroquia, la Consagrada de la Comunidad Mar\u00eda en el camino de Sch\u00f6nstatt, Ver\u00f3nica Morand\u00e9 Court, para que nos confirmara esta positiva noticia.<br \/>\n\u00abEstamos hablando aqu\u00ed de una inversi\u00f3n de $258 millones, lo que compromete la restauraci\u00f3n; reposici\u00f3n de las partes da\u00f1adas; pintura de todo el exterior de la parroquia y creaci\u00f3n de una nueva plazoleta en el frontis de la iglesia. Alguna madera definitivamente ser\u00e1 cambiada, todo quedar\u00e1 como nuevo, tambi\u00e9n se har\u00e1n aceras nuevas sobre Calle El Convento\u00bb, dijo la religiosa.<br \/>\nSeg\u00fan explic\u00f3 Morand\u00e9, la c\u00fapula principal de la iglesia, la de la torre, ser\u00e1 cambiada por una nueva, \u00abser\u00e1 hecha de cobre, la que tendr\u00e1 mucha m\u00e1s durabilidad y elegancia; tambi\u00e9n se cambiar\u00e1 toda la iluminaci\u00f3n exterior por una nueva\u00bb, agreg\u00f3 la administradora del inmueble.<\/p>\n<p><strong>LOS ARQUITECTOS<\/strong><br \/>\nNuestro medio habl\u00f3 con Carlos Carrillo Torres, experimentado arquitecto sanfelipe\u00f1o que ha estado al frente de las dos etapas de este proyecto, la primera relacionada con el re-tejado de la iglesia en 2013, y esta segunda etapa.<br \/>\n<strong>&#8211; \u00bfEs una empresa seria la que desarrollar\u00e1 esta reconstrucci\u00f3n?<\/strong><br \/>\n&#8211; La empresa constructora deber\u00e1 considerar las normas chilenas, las instrucciones del fabricante cuando as\u00ed se estipule, las especificaciones t\u00e9cnicas de cada especialidad.<br \/>\n<strong>&#8211; \u00bfDe qu\u00e9 tan buena calidad son los materiales que usar\u00e1n?<\/strong><br \/>\n&#8211; Todos los materiales que se empleen en esta obra ser\u00e1n de primera calidad, nuevos y de marca reconocida, en todo caso el contratista estar\u00e1 obligado a presentar muestras de todos los elementos o materiales. Todos los colores y texturas deber\u00e1n ser aprobados por el propietario en su oportunidad a proposici\u00f3n de los arquitectos.<br \/>\n<strong>&#8211; \u00bfQu\u00e9 trato dar\u00e1n a las puertas y ventanas de esta iglesia?<\/strong><br \/>\n&#8211; Todos los marcos, puertas y ventanas que se encuentren en mal estado y no sean susceptibles de ser reparados, deber\u00e1n ser retirados de la obra. Para ello, se aplicar\u00e1 exclusivamente el criterio del arquitecto, quien en caso de dudas o discrepancias con la informaci\u00f3n contenida en planos, decidir\u00e1 si el elemento en cuesti\u00f3n es susceptible de ser reparado o deber\u00e1 desecharse.<br \/>\n<strong>&#8211; \u00bfCorre peligro el torre\u00f3n principal de la parroquia?<\/strong><br \/>\n&#8211; No, para nada. El torre\u00f3n existente se mantiene en su totalidad. En el caso de que existan piezas da\u00f1adas se deber\u00e1n reponer por piezas de similar especie, dise\u00f1o y escuadr\u00eda.<br \/>\n<strong>&#8211; \u00bfEs verdad que la c\u00fapula de la torre ser\u00e1 revestida de cobre?<\/strong><br \/>\n&#8211; S\u00ed, as\u00ed se har\u00e1. Para sustituir la cubierta de la c\u00fapula y cupulilla del campanario, se consulta revestimiento de cobre. Este revestimiento de cobre a utilizar no deber\u00e1 ser menor a 1mm. de espesor. \u00c9ste se instalar\u00e1 sobre la estructura existente. Previo a la instalaci\u00f3n de la c\u00fapula se instalar\u00e1 papel fieltro de 10 lbs., entre la estructura y el revestimiento de cobre, fijado con corchetes cada 900 cm2. La fijaci\u00f3n de la cubierta ser\u00e1 con tornillos con sello neopreno de 8&#215;3 cada 40 cm. \u00c9stos deben quedar perfectamente alineados. No se aceptar\u00e1n perforaciones sin tornillo.<br \/>\nSeg\u00fan report\u00f3 Carlos Carrillo, durante este mes de abril ya se espera a que autoricen el inicio del proyecto, el cual durar\u00e1 entre 18 a 20 meses. La durabilidad de esta nueva reparaci\u00f3n a la iglesia es de aproximadamente 15 a\u00f1os.<br \/>\n<strong>Roberto Gonz\u00e1lez Short<\/strong><br \/>\n<strong>rgonzalez@eltrabajo.cl<\/strong><\/p>\n<div class=\"tiled-gallery type-rectangular tiled-gallery-unresized\" data-original-width=\"640\" data-carousel-extra='null' itemscope itemtype=\"http:\/\/schema.org\/ImageGallery\" > <div class=\"gallery-row\" style=\"width: 640px; height: 283px;\" data-original-width=\"640\" data-original-height=\"283\" > <div class=\"gallery-group images-1\" style=\"width: 427px; height: 283px;\" data-original-width=\"427\" data-original-height=\"283\" > <div class=\"tiled-gallery-item tiled-gallery-item-large\" itemprop=\"associatedMedia\" itemscope itemtype=\"http:\/\/schema.org\/ImageObject\"> <a href=\"https:\/\/eltrabajo.cl\/portal\/repararan-fachada-exterior-de-parroquia-san-antonio-de-padua\/equipo33\/\" border=\"0\" itemprop=\"url\"> <meta itemprop=\"width\" content=\"423\"> <meta itemprop=\"height\" content=\"279\"> <img decoding=\"async\" class=\"\" data-attachment-id=\"68366\" data-orig-file=\"https:\/\/eltrabajo.cl\/portal\/wp-content\/uploads\/2016\/04\/Equipo33.jpg\" data-orig-size=\"530,350\" data-comments-opened=\"1\" data-image-meta=\"{&quot;aperture&quot;:&quot;0&quot;,&quot;credit&quot;:&quot;&quot;,&quot;camera&quot;:&quot;&quot;,&quot;caption&quot;:&quot;&quot;,&quot;created_timestamp&quot;:&quot;0&quot;,&quot;copyright&quot;:&quot;&quot;,&quot;focal_length&quot;:&quot;0&quot;,&quot;iso&quot;:&quot;0&quot;,&quot;shutter_speed&quot;:&quot;0&quot;,&quot;title&quot;:&quot;&quot;,&quot;orientation&quot;:&quot;0&quot;}\" data-image-title=\"LOS ARQUITECTOS.- Ellos son el equipo de arquitectos encargados de todos los planos y supervis\u00f3n de la obra.\" data-image-description=\"&lt;p&gt;LOS ARQUITECTOS.- Ellos son el equipo de arquitectos encargados de todos los planos y supervis\u00f3n de la obra.&lt;\/p&gt; \" data-medium-file=\"https:\/\/i0.wp.com\/eltrabajo.cl\/portal\/wp-content\/uploads\/2016\/04\/Equipo33.jpg?fit=300%2C198&#038;ssl=1\" data-large-file=\"https:\/\/i0.wp.com\/eltrabajo.cl\/portal\/wp-content\/uploads\/2016\/04\/Equipo33.jpg?fit=530%2C350&#038;ssl=1\" src=\"https:\/\/i0.wp.com\/eltrabajo.cl\/portal\/wp-content\/uploads\/2016\/04\/Equipo33.jpg?w=423&#038;h=279&#038;ssl=1\" srcset=\"https:\/\/i0.wp.com\/eltrabajo.cl\/portal\/wp-content\/uploads\/2016\/04\/Equipo33.jpg?w=530&amp;ssl=1 530w, https:\/\/i0.wp.com\/eltrabajo.cl\/portal\/wp-content\/uploads\/2016\/04\/Equipo33.jpg?resize=200%2C132&amp;ssl=1 200w, https:\/\/i0.wp.com\/eltrabajo.cl\/portal\/wp-content\/uploads\/2016\/04\/Equipo33.jpg?resize=300%2C198&amp;ssl=1 300w, https:\/\/i0.wp.com\/eltrabajo.cl\/portal\/wp-content\/uploads\/2016\/04\/Equipo33.jpg?resize=227%2C150&amp;ssl=1 227w, https:\/\/i0.wp.com\/eltrabajo.cl\/portal\/wp-content\/uploads\/2016\/04\/Equipo33.jpg?resize=400%2C264&amp;ssl=1 400w\" width=\"423\" height=\"279\" loading=\"lazy\" data-original-width=\"423\" data-original-height=\"279\" itemprop=\"http:\/\/schema.org\/image\" title=\"LOS ARQUITECTOS.- Ellos son el equipo de arquitectos encargados de todos los planos y supervis\u00f3n de la obra.\" alt=\"LOS ARQUITECTOS.- Ellos son el equipo de arquitectos encargados de todos los planos y supervis\u00f3n de la obra.\" style=\"width: 423px; height: 279px;\" \/> <\/a> <div class=\"tiled-gallery-caption\" itemprop=\"caption description\"> LOS ARQUITECTOS.- Ellos son el equipo de arquitectos encargados de todos los planos y supervis\u00f3n de la obra. <\/div> <\/div> <\/div> <!-- close group --> <div class=\"gallery-group images-2\" style=\"width: 213px; height: 283px;\" data-original-width=\"213\" data-original-height=\"283\" > <div class=\"tiled-gallery-item tiled-gallery-item-small\" itemprop=\"associatedMedia\" itemscope itemtype=\"http:\/\/schema.org\/ImageObject\"> <a href=\"https:\/\/eltrabajo.cl\/portal\/repararan-fachada-exterior-de-parroquia-san-antonio-de-padua\/madera1\/\" border=\"0\" itemprop=\"url\"> <meta itemprop=\"width\" content=\"209\"> <meta itemprop=\"height\" content=\"138\"> <img decoding=\"async\" class=\"\" data-attachment-id=\"68367\" data-orig-file=\"https:\/\/eltrabajo.cl\/portal\/wp-content\/uploads\/2016\/04\/Madera1.jpg\" data-orig-size=\"530,349\" data-comments-opened=\"1\" data-image-meta=\"{&quot;aperture&quot;:&quot;0&quot;,&quot;credit&quot;:&quot;&quot;,&quot;camera&quot;:&quot;&quot;,&quot;caption&quot;:&quot;&quot;,&quot;created_timestamp&quot;:&quot;0&quot;,&quot;copyright&quot;:&quot;&quot;,&quot;focal_length&quot;:&quot;0&quot;,&quot;iso&quot;:&quot;0&quot;,&quot;shutter_speed&quot;:&quot;0&quot;,&quot;title&quot;:&quot;&quot;,&quot;orientation&quot;:&quot;0&quot;}\" data-image-title=\"MATERIAL DA\u00d1ADO.- Estas malogradas partes de la fachada de la iglesia, pronto ser\u00e1n sustituidas o reparadas.\" data-image-description=\"&lt;p&gt;MATERIAL DA\u00d1ADO.- Estas malogradas partes de la fachada de la iglesia, pronto ser\u00e1n sustituidas o reparadas.&lt;\/p&gt; \" data-medium-file=\"https:\/\/i0.wp.com\/eltrabajo.cl\/portal\/wp-content\/uploads\/2016\/04\/Madera1.jpg?fit=300%2C198&#038;ssl=1\" data-large-file=\"https:\/\/i0.wp.com\/eltrabajo.cl\/portal\/wp-content\/uploads\/2016\/04\/Madera1.jpg?fit=530%2C349&#038;ssl=1\" src=\"https:\/\/i0.wp.com\/eltrabajo.cl\/portal\/wp-content\/uploads\/2016\/04\/Madera1.jpg?w=209&#038;h=138&#038;ssl=1\" srcset=\"https:\/\/i0.wp.com\/eltrabajo.cl\/portal\/wp-content\/uploads\/2016\/04\/Madera1.jpg?w=530&amp;ssl=1 530w, https:\/\/i0.wp.com\/eltrabajo.cl\/portal\/wp-content\/uploads\/2016\/04\/Madera1.jpg?resize=200%2C132&amp;ssl=1 200w, https:\/\/i0.wp.com\/eltrabajo.cl\/portal\/wp-content\/uploads\/2016\/04\/Madera1.jpg?resize=300%2C198&amp;ssl=1 300w, https:\/\/i0.wp.com\/eltrabajo.cl\/portal\/wp-content\/uploads\/2016\/04\/Madera1.jpg?resize=228%2C150&amp;ssl=1 228w, https:\/\/i0.wp.com\/eltrabajo.cl\/portal\/wp-content\/uploads\/2016\/04\/Madera1.jpg?resize=400%2C263&amp;ssl=1 400w\" width=\"209\" height=\"138\" loading=\"lazy\" data-original-width=\"209\" data-original-height=\"138\" itemprop=\"http:\/\/schema.org\/image\" title=\"MATERIAL DA\u00d1ADO.- Estas malogradas partes de la fachada de la iglesia, pronto ser\u00e1n sustituidas o reparadas.\" alt=\"MATERIAL DA\u00d1ADO.- Estas malogradas partes de la fachada de la iglesia, pronto ser\u00e1n sustituidas o reparadas.\" style=\"width: 209px; height: 138px;\" \/> <\/a> <div class=\"tiled-gallery-caption\" itemprop=\"caption description\"> MATERIAL DA\u00d1ADO.- Estas malogradas partes de la fachada de la iglesia, pronto ser\u00e1n sustituidas o reparadas. <\/div> <\/div> <div class=\"tiled-gallery-item tiled-gallery-item-small\" itemprop=\"associatedMedia\" itemscope itemtype=\"http:\/\/schema.org\/ImageObject\"> <a href=\"https:\/\/eltrabajo.cl\/portal\/repararan-fachada-exterior-de-parroquia-san-antonio-de-padua\/muros1\/\" border=\"0\" itemprop=\"url\"> <meta itemprop=\"width\" content=\"209\"> <meta itemprop=\"height\" content=\"137\"> <img decoding=\"async\" class=\"\" data-attachment-id=\"68368\" data-orig-file=\"https:\/\/eltrabajo.cl\/portal\/wp-content\/uploads\/2016\/04\/Muros1.jpg\" data-orig-size=\"530,349\" data-comments-opened=\"1\" data-image-meta=\"{&quot;aperture&quot;:&quot;0&quot;,&quot;credit&quot;:&quot;&quot;,&quot;camera&quot;:&quot;&quot;,&quot;caption&quot;:&quot;&quot;,&quot;created_timestamp&quot;:&quot;0&quot;,&quot;copyright&quot;:&quot;&quot;,&quot;focal_length&quot;:&quot;0&quot;,&quot;iso&quot;:&quot;0&quot;,&quot;shutter_speed&quot;:&quot;0&quot;,&quot;title&quot;:&quot;&quot;,&quot;orientation&quot;:&quot;0&quot;}\" data-image-title=\"MUROS AGRIETADOS.- Y los muros de esta edificaci\u00f3n tambi\u00e9n est\u00e1n en muy mal estado, pronto las cosas ser\u00e1n diferentes.\" data-image-description=\"&lt;p&gt;MUROS AGRIETADOS.- Y los muros de esta edificaci\u00f3n tambi\u00e9n est\u00e1n en muy mal estado, pronto las cosas ser\u00e1n diferentes.&lt;\/p&gt; \" data-medium-file=\"https:\/\/i0.wp.com\/eltrabajo.cl\/portal\/wp-content\/uploads\/2016\/04\/Muros1.jpg?fit=300%2C198&#038;ssl=1\" data-large-file=\"https:\/\/i0.wp.com\/eltrabajo.cl\/portal\/wp-content\/uploads\/2016\/04\/Muros1.jpg?fit=530%2C349&#038;ssl=1\" src=\"https:\/\/i0.wp.com\/eltrabajo.cl\/portal\/wp-content\/uploads\/2016\/04\/Muros1.jpg?w=209&#038;h=137&#038;ssl=1\" srcset=\"https:\/\/i0.wp.com\/eltrabajo.cl\/portal\/wp-content\/uploads\/2016\/04\/Muros1.jpg?w=530&amp;ssl=1 530w, https:\/\/i0.wp.com\/eltrabajo.cl\/portal\/wp-content\/uploads\/2016\/04\/Muros1.jpg?resize=200%2C132&amp;ssl=1 200w, https:\/\/i0.wp.com\/eltrabajo.cl\/portal\/wp-content\/uploads\/2016\/04\/Muros1.jpg?resize=300%2C198&amp;ssl=1 300w, https:\/\/i0.wp.com\/eltrabajo.cl\/portal\/wp-content\/uploads\/2016\/04\/Muros1.jpg?resize=228%2C150&amp;ssl=1 228w, https:\/\/i0.wp.com\/eltrabajo.cl\/portal\/wp-content\/uploads\/2016\/04\/Muros1.jpg?resize=400%2C263&amp;ssl=1 400w\" width=\"209\" height=\"137\" loading=\"lazy\" data-original-width=\"209\" data-original-height=\"137\" itemprop=\"http:\/\/schema.org\/image\" title=\"MUROS AGRIETADOS.- Y los muros de esta edificaci\u00f3n tambi\u00e9n est\u00e1n en muy mal estado, pronto las cosas ser\u00e1n diferentes.\" alt=\"MUROS AGRIETADOS.- Y los muros de esta edificaci\u00f3n tambi\u00e9n est\u00e1n en muy mal estado, pronto las cosas ser\u00e1n diferentes.\" style=\"width: 209px; height: 137px;\" \/> <\/a> <div class=\"tiled-gallery-caption\" itemprop=\"caption description\"> MUROS AGRIETADOS.- Y los muros de esta edificaci\u00f3n tambi\u00e9n est\u00e1n en muy mal estado, pronto las cosas ser\u00e1n diferentes. <\/div> <\/div> <\/div> <!-- close group --> <\/div> <!-- close row --> <div class=\"gallery-row\" style=\"width: 640px; height: 286px;\" data-original-width=\"640\" data-original-height=\"286\" > <div class=\"gallery-group images-1\" style=\"width: 432px; height: 286px;\" data-original-width=\"432\" data-original-height=\"286\" > <div class=\"tiled-gallery-item tiled-gallery-item-large\" itemprop=\"associatedMedia\" itemscope itemtype=\"http:\/\/schema.org\/ImageObject\"> <a href=\"https:\/\/eltrabajo.cl\/portal\/repararan-fachada-exterior-de-parroquia-san-antonio-de-padua\/veronica-morande\/\" border=\"0\" itemprop=\"url\"> <meta itemprop=\"width\" content=\"428\"> <meta itemprop=\"height\" content=\"282\"> <img decoding=\"async\" class=\"\" data-attachment-id=\"68369\" data-orig-file=\"https:\/\/eltrabajo.cl\/portal\/wp-content\/uploads\/2016\/04\/Veronica-Morande.jpg\" data-orig-size=\"530,349\" data-comments-opened=\"1\" data-image-meta=\"{&quot;aperture&quot;:&quot;0&quot;,&quot;credit&quot;:&quot;&quot;,&quot;camera&quot;:&quot;&quot;,&quot;caption&quot;:&quot;&quot;,&quot;created_timestamp&quot;:&quot;0&quot;,&quot;copyright&quot;:&quot;&quot;,&quot;focal_length&quot;:&quot;0&quot;,&quot;iso&quot;:&quot;0&quot;,&quot;shutter_speed&quot;:&quot;0&quot;,&quot;title&quot;:&quot;&quot;,&quot;orientation&quot;:&quot;0&quot;}\" data-image-title=\"RELIGIOSA FELIZ.- Ver\u00f3nica Morand\u00e9, administradora de la parroquia San Antonio de Padua, muestra feliz a Diario El Trabajo los planos del proyecto.\" data-image-description=\"&lt;p&gt;RELIGIOSA FELIZ.- Ver\u00f3nica Morand\u00e9, administradora de la parroquia San Antonio de Padua, muestra feliz a Diario El Trabajo los planos del proyecto.&lt;\/p&gt; \" data-medium-file=\"https:\/\/i0.wp.com\/eltrabajo.cl\/portal\/wp-content\/uploads\/2016\/04\/Veronica-Morande.jpg?fit=300%2C198&#038;ssl=1\" data-large-file=\"https:\/\/i0.wp.com\/eltrabajo.cl\/portal\/wp-content\/uploads\/2016\/04\/Veronica-Morande.jpg?fit=530%2C349&#038;ssl=1\" src=\"https:\/\/i0.wp.com\/eltrabajo.cl\/portal\/wp-content\/uploads\/2016\/04\/Veronica-Morande.jpg?w=428&#038;h=282&#038;ssl=1\" srcset=\"https:\/\/i0.wp.com\/eltrabajo.cl\/portal\/wp-content\/uploads\/2016\/04\/Veronica-Morande.jpg?w=530&amp;ssl=1 530w, https:\/\/i0.wp.com\/eltrabajo.cl\/portal\/wp-content\/uploads\/2016\/04\/Veronica-Morande.jpg?resize=200%2C132&amp;ssl=1 200w, https:\/\/i0.wp.com\/eltrabajo.cl\/portal\/wp-content\/uploads\/2016\/04\/Veronica-Morande.jpg?resize=300%2C198&amp;ssl=1 300w, https:\/\/i0.wp.com\/eltrabajo.cl\/portal\/wp-content\/uploads\/2016\/04\/Veronica-Morande.jpg?resize=228%2C150&amp;ssl=1 228w, https:\/\/i0.wp.com\/eltrabajo.cl\/portal\/wp-content\/uploads\/2016\/04\/Veronica-Morande.jpg?resize=400%2C263&amp;ssl=1 400w\" width=\"428\" height=\"282\" loading=\"lazy\" data-original-width=\"428\" data-original-height=\"282\" itemprop=\"http:\/\/schema.org\/image\" title=\"RELIGIOSA FELIZ.- Ver\u00f3nica Morand\u00e9, administradora de la parroquia San Antonio de Padua, muestra feliz a Diario El Trabajo los planos del proyecto.\" alt=\"RELIGIOSA FELIZ.- Ver\u00f3nica Morand\u00e9, administradora de la parroquia San Antonio de Padua, muestra feliz a Diario El Trabajo los planos del proyecto.\" style=\"width: 428px; height: 282px;\" \/> <\/a> <div class=\"tiled-gallery-caption\" itemprop=\"caption description\"> RELIGIOSA FELIZ.- Ver\u00f3nica Morand\u00e9, administradora de la parroquia San Antonio de Padua, muestra feliz a Diario El Trabajo los planos del proyecto. <\/div> <\/div> <\/div> <!-- close group --> <div class=\"gallery-group images-1\" style=\"width: 208px; height: 286px;\" data-original-width=\"208\" data-original-height=\"286\" > <div class=\"tiled-gallery-item tiled-gallery-item-small\" itemprop=\"associatedMedia\" itemscope itemtype=\"http:\/\/schema.org\/ImageObject\"> <a href=\"https:\/\/eltrabajo.cl\/portal\/repararan-fachada-exterior-de-parroquia-san-antonio-de-padua\/cupula33-2\/\" border=\"0\" itemprop=\"url\"> <meta itemprop=\"width\" content=\"204\"> <meta itemprop=\"height\" content=\"282\"> <img decoding=\"async\" class=\"\" data-attachment-id=\"68370\" data-orig-file=\"https:\/\/eltrabajo.cl\/portal\/wp-content\/uploads\/2016\/04\/Cupula33-1.jpg\" data-orig-size=\"529,731\" data-comments-opened=\"1\" data-image-meta=\"{&quot;aperture&quot;:&quot;0&quot;,&quot;credit&quot;:&quot;&quot;,&quot;camera&quot;:&quot;&quot;,&quot;caption&quot;:&quot;&quot;,&quot;created_timestamp&quot;:&quot;0&quot;,&quot;copyright&quot;:&quot;&quot;,&quot;focal_length&quot;:&quot;0&quot;,&quot;iso&quot;:&quot;0&quot;,&quot;shutter_speed&quot;:&quot;0&quot;,&quot;title&quot;:&quot;&quot;,&quot;orientation&quot;:&quot;0&quot;}\" data-image-title=\"SER\u00c1 DE COBRE.- Para sustituir la cubierta de la c\u00fapula y cupulilla del campanario, se instalar\u00e1 revestimiento de cobre.\" data-image-description=\"&lt;p&gt;SER\u00c1 DE COBRE.- Para sustituir la cubierta de la c\u00fapula y cupulilla del campanario, se instalar\u00e1 revestimiento de cobre.&lt;\/p&gt; \" data-medium-file=\"https:\/\/i0.wp.com\/eltrabajo.cl\/portal\/wp-content\/uploads\/2016\/04\/Cupula33-1.jpg?fit=217%2C300&#038;ssl=1\" data-large-file=\"https:\/\/i0.wp.com\/eltrabajo.cl\/portal\/wp-content\/uploads\/2016\/04\/Cupula33-1.jpg?fit=529%2C731&#038;ssl=1\" src=\"https:\/\/i0.wp.com\/eltrabajo.cl\/portal\/wp-content\/uploads\/2016\/04\/Cupula33-1.jpg?w=204&#038;h=282&#038;ssl=1\" srcset=\"https:\/\/i0.wp.com\/eltrabajo.cl\/portal\/wp-content\/uploads\/2016\/04\/Cupula33-1.jpg?w=529&amp;ssl=1 529w, https:\/\/i0.wp.com\/eltrabajo.cl\/portal\/wp-content\/uploads\/2016\/04\/Cupula33-1.jpg?resize=109%2C150&amp;ssl=1 109w, https:\/\/i0.wp.com\/eltrabajo.cl\/portal\/wp-content\/uploads\/2016\/04\/Cupula33-1.jpg?resize=217%2C300&amp;ssl=1 217w, https:\/\/i0.wp.com\/eltrabajo.cl\/portal\/wp-content\/uploads\/2016\/04\/Cupula33-1.jpg?resize=400%2C553&amp;ssl=1 400w\" width=\"204\" height=\"282\" loading=\"lazy\" data-original-width=\"204\" data-original-height=\"282\" itemprop=\"http:\/\/schema.org\/image\" title=\"SER\u00c1 DE COBRE.- Para sustituir la cubierta de la c\u00fapula y cupulilla del campanario, se instalar\u00e1 revestimiento de cobre.\" alt=\"SER\u00c1 DE COBRE.- Para sustituir la cubierta de la c\u00fapula y cupulilla del campanario, se instalar\u00e1 revestimiento de cobre.\" style=\"width: 204px; height: 282px;\" \/> <\/a> <div class=\"tiled-gallery-caption\" itemprop=\"caption description\"> SER\u00c1 DE COBRE.- Para sustituir la cubierta de la c\u00fapula y cupulilla del campanario, se instalar\u00e1 revestimiento de cobre. <\/div> <\/div> <\/div> <!-- close group --> <\/div> <!-- close row --> <div class=\"gallery-row\" style=\"width: 640px; height: 879px;\" data-original-width=\"640\" data-original-height=\"879\" > <div class=\"gallery-group images-1\" style=\"width: 640px; height: 879px;\" data-original-width=\"640\" data-original-height=\"879\" > <div class=\"tiled-gallery-item tiled-gallery-item-large\" itemprop=\"associatedMedia\" itemscope itemtype=\"http:\/\/schema.org\/ImageObject\"> <a href=\"https:\/\/eltrabajo.cl\/portal\/repararan-fachada-exterior-de-parroquia-san-antonio-de-padua\/parroquia33\/\" border=\"0\" itemprop=\"url\"> <meta itemprop=\"width\" content=\"636\"> <meta itemprop=\"height\" content=\"875\"> <img decoding=\"async\" class=\"\" data-attachment-id=\"68371\" data-orig-file=\"https:\/\/eltrabajo.cl\/portal\/wp-content\/uploads\/2016\/04\/Parroquia33.jpg\" data-orig-size=\"529,728\" data-comments-opened=\"1\" data-image-meta=\"{&quot;aperture&quot;:&quot;0&quot;,&quot;credit&quot;:&quot;&quot;,&quot;camera&quot;:&quot;&quot;,&quot;caption&quot;:&quot;&quot;,&quot;created_timestamp&quot;:&quot;0&quot;,&quot;copyright&quot;:&quot;&quot;,&quot;focal_length&quot;:&quot;0&quot;,&quot;iso&quot;:&quot;0&quot;,&quot;shutter_speed&quot;:&quot;0&quot;,&quot;title&quot;:&quot;&quot;,&quot;orientation&quot;:&quot;0&quot;}\" data-image-title=\"ACTUALMENTE.- As\u00ed luce en la actualidad la parroquia de El Almendral, pero pronto ser\u00e1 restaurada su exterior.\" data-image-description=\"&lt;p&gt;ACTUALMENTE.- As\u00ed luce en la actualidad la parroquia de El Almendral, pero pronto ser\u00e1 restaurada su exterior.&lt;\/p&gt; \" data-medium-file=\"https:\/\/i0.wp.com\/eltrabajo.cl\/portal\/wp-content\/uploads\/2016\/04\/Parroquia33.jpg?fit=218%2C300&#038;ssl=1\" data-large-file=\"https:\/\/i0.wp.com\/eltrabajo.cl\/portal\/wp-content\/uploads\/2016\/04\/Parroquia33.jpg?fit=529%2C728&#038;ssl=1\" src=\"https:\/\/i0.wp.com\/eltrabajo.cl\/portal\/wp-content\/uploads\/2016\/04\/Parroquia33.jpg?w=636&#038;h=875&#038;ssl=1\" srcset=\"https:\/\/i0.wp.com\/eltrabajo.cl\/portal\/wp-content\/uploads\/2016\/04\/Parroquia33.jpg?w=529&amp;ssl=1 529w, https:\/\/i0.wp.com\/eltrabajo.cl\/portal\/wp-content\/uploads\/2016\/04\/Parroquia33.jpg?resize=109%2C150&amp;ssl=1 109w, https:\/\/i0.wp.com\/eltrabajo.cl\/portal\/wp-content\/uploads\/2016\/04\/Parroquia33.jpg?resize=218%2C300&amp;ssl=1 218w, https:\/\/i0.wp.com\/eltrabajo.cl\/portal\/wp-content\/uploads\/2016\/04\/Parroquia33.jpg?resize=400%2C550&amp;ssl=1 400w\" width=\"636\" height=\"875\" loading=\"lazy\" data-original-width=\"636\" data-original-height=\"875\" itemprop=\"http:\/\/schema.org\/image\" title=\"ACTUALMENTE.- As\u00ed luce en la actualidad la parroquia de El Almendral, pero pronto ser\u00e1 restaurada su exterior.\" alt=\"ACTUALMENTE.- As\u00ed luce en la actualidad la parroquia de El Almendral, pero pronto ser\u00e1 restaurada su exterior.\" style=\"width: 636px; height: 875px;\" \/> <\/a> <div class=\"tiled-gallery-caption\" itemprop=\"caption description\"> ACTUALMENTE.- As\u00ed luce en la actualidad la parroquia de El Almendral, pero pronto ser\u00e1 restaurada su exterior. <\/div> <\/div> <\/div> <!-- close group --> <\/div> <!-- close row --> <\/div>\n","protected":false},"excerpt":{"rendered":"<p>Gracias a proyecto de $258 millones: Las campanas de la Parroquia San Antonio de Padua en El Almendral, repican de alegr\u00eda nuevamente, pues esta comunidad religiosas gan\u00f3 un proyecto del Fondo del&#8230;<\/p>\n","protected":false},"author":1,"featured_media":68365,"comment_status":"open","ping_status":"open","sticky":false,"template":"","format":"standard","meta":{"advanced_seo_description":"","jetpack_seo_html_title":"","jetpack_seo_noindex":false,"_jetpack_memberships_contains_paid_content":false,"footnotes":""},"categories":[15],"tags":[],"class_list":["post-68364","post","type-post","status-publish","format-standard","has-post-thumbnail","hentry","category-comunidad"],"jetpack_featured_media_url":"https:\/\/i0.wp.com\/eltrabajo.cl\/portal\/wp-content\/uploads\/2016\/04\/Cupula33.jpg?fit=530%2C367&ssl=1","jetpack_sharing_enabled":true,"jetpack_likes_enabled":true,"jetpack-related-posts":[],"_links":{"self":[{"href":"https:\/\/eltrabajo.cl\/portal\/wp-json\/wp\/v2\/posts\/68364","targetHints":{"allow":["GET"]}}],"collection":[{"href":"https:\/\/eltrabajo.cl\/portal\/wp-json\/wp\/v2\/posts"}],"about":[{"href":"https:\/\/eltrabajo.cl\/portal\/wp-json\/wp\/v2\/types\/post"}],"author":[{"embeddable":true,"href":"https:\/\/eltrabajo.cl\/portal\/wp-json\/wp\/v2\/users\/1"}],"replies":[{"embeddable":true,"href":"https:\/\/eltrabajo.cl\/portal\/wp-json\/wp\/v2\/comments?post=68364"}],"version-history":[{"count":0,"href":"https:\/\/eltrabajo.cl\/portal\/wp-json\/wp\/v2\/posts\/68364\/revisions"}],"wp:featuredmedia":[{"embeddable":true,"href":"https:\/\/eltrabajo.cl\/portal\/wp-json\/wp\/v2\/media\/68365"}],"wp:attachment":[{"href":"https:\/\/eltrabajo.cl\/portal\/wp-json\/wp\/v2\/media?parent=68364"}],"wp:term":[{"taxonomy":"category","embeddable":true,"href":"https:\/\/eltrabajo.cl\/portal\/wp-json\/wp\/v2\/categories?post=68364"},{"taxonomy":"post_tag","embeddable":true,"href":"https:\/\/eltrabajo.cl\/portal\/wp-json\/wp\/v2\/tags?post=68364"}],"curies":[{"name":"wp","href":"https:\/\/api.w.org\/{rel}","templated":true}]}}