{"id":68377,"date":"2016-04-04T09:08:52","date_gmt":"2016-04-04T12:08:52","guid":{"rendered":"http:\/\/www.eltrabajo.cl\/portal\/?p=68377"},"modified":"2016-04-04T09:08:52","modified_gmt":"2016-04-04T12:08:52","slug":"animita-salvo-vida-a-motociclista-en-nuevo-accidente-en-carretera-e-411","status":"publish","type":"post","link":"https:\/\/eltrabajo.cl\/portal\/animita-salvo-vida-a-motociclista-en-nuevo-accidente-en-carretera-e-411\/","title":{"rendered":"Animita salv\u00f3 vida a motociclista en nuevo accidente en carretera E-411"},"content":{"rendered":"<p><strong>El afectado s\u00f3lo result\u00f3 con lesiones leves luego que la peque\u00f1a animita amortiguara su ca\u00edda.<\/strong><br \/>\n<strong>PUTAENDO.-<\/strong> Nuevamente se registr\u00f3 un accidente en la carretera E-411 que une Putaendo con Cabildo y que involucra un motociclista a la altura del kil\u00f3metro 53 de la ruta, lugar donde otros cuatro motoristas han perdido la vida. En esta ocasi\u00f3n el conductor del veh\u00edculo menor result\u00f3 s\u00f3lo con lesiones leves luego que una animita existente en el lugar amortiguara su ca\u00edda, salvando su vida.<br \/>\nCerca de las 12:15 horas de este s\u00e1bado, \u00d3scar Osvaldo Castillo Caroca, domiciliado en la comuna de Colina en la Regi\u00f3n Metropolitana, conduc\u00eda su moto Yamaha Facer, patente JA-286 desde Cabildo hacia Putaendo a trav\u00e9s de la carretera E-411, cuando al aproximarse al kil\u00f3metro 53 repentinamente advirti\u00f3 la curva existente en el lugar y logr\u00f3 disminuir la velocidad a tiempo, lo que no fue suficiente pues de igual manera el m\u00f3vil resbal\u00f3 por la gravilla y se arrastr\u00f3 hasta llegar al lugar donde se ubican algunas animitas que recuerdan a los motociclistas fallecidos en el lugar. Producto de aquello el conductor golpe\u00f3 su cabeza contra una animita de lata, la que parad\u00f3jicamente salv\u00f3 su vida.<br \/>\nLa fuerza del impacto hizo que la motocicleta quedara a varios metros del lugar y el conductor tendido en el piso, pero afortunadamente fue atendido r\u00e1pidamente por algunos mineros que estaban en el lugar, quienes se encargaron de tranquilizarlo mientras uno de ellos se trasladaba hasta el sector Las Minillas para pedir ayuda.<br \/>\nHasta el lugar de este nuevo accidente arrib\u00f3 una ambulancia del Samu y personal de rescate de Bomberos de Putaendo. El conductor de la motocicleta result\u00f3 s\u00f3lo con lesiones leves, pues incluso subi\u00f3 por sus propios medios al m\u00f3vil de emergencia.<br \/>\nDe acuerdo a testimonio entregado por los mineros que atendieron al motociclista, este les habr\u00eda expresado que repentinamente se le perdi\u00f3 el camino y se encontr\u00f3 bruscamente con la curva.<br \/>\n<strong>Patricio Gallardo M.<\/strong><\/p>\n<figure id=\"attachment_68378\" aria-describedby=\"caption-attachment-68378\" style=\"width: 530px\" class=\"wp-caption alignleft\"><a href=\"http:\/\/www.eltrabajo.cl\/portal\/animita-salvo-vida-a-motociclista-en-nuevo-accidente-en-carretera-e-411\/accidente-moto-2\/\" rel=\"attachment wp-att-68378\"><img data-recalc-dims=\"1\" loading=\"lazy\" decoding=\"async\" class=\"size-full wp-image-68378\" src=\"https:\/\/i0.wp.com\/www.eltrabajo.cl\/portal\/wp-content\/uploads\/2016\/04\/Accidente-moto-2.jpg?resize=530%2C350\" alt=\"El motorista habr\u00eda perdido el control al enfrentarse repentinamente con la curva del camino, sin embargo, fue una animita la que amortigu\u00f3 su ca\u00edda y salv\u00f3 su vida.\" width=\"530\" height=\"350\" srcset=\"https:\/\/i0.wp.com\/eltrabajo.cl\/portal\/wp-content\/uploads\/2016\/04\/Accidente-moto-2.jpg?w=530&amp;ssl=1 530w, https:\/\/i0.wp.com\/eltrabajo.cl\/portal\/wp-content\/uploads\/2016\/04\/Accidente-moto-2.jpg?resize=200%2C132&amp;ssl=1 200w, https:\/\/i0.wp.com\/eltrabajo.cl\/portal\/wp-content\/uploads\/2016\/04\/Accidente-moto-2.jpg?resize=300%2C198&amp;ssl=1 300w, https:\/\/i0.wp.com\/eltrabajo.cl\/portal\/wp-content\/uploads\/2016\/04\/Accidente-moto-2.jpg?resize=227%2C150&amp;ssl=1 227w, https:\/\/i0.wp.com\/eltrabajo.cl\/portal\/wp-content\/uploads\/2016\/04\/Accidente-moto-2.jpg?resize=400%2C264&amp;ssl=1 400w\" sizes=\"auto, (max-width: 530px) 100vw, 530px\" \/><\/a><figcaption id=\"caption-attachment-68378\" class=\"wp-caption-text\">El motorista habr\u00eda perdido el control al enfrentarse repentinamente con la curva del camino, sin embargo, fue una animita la que amortigu\u00f3 su ca\u00edda y salv\u00f3 su vida.<\/figcaption><\/figure>\n<figure id=\"attachment_68379\" aria-describedby=\"caption-attachment-68379\" style=\"width: 530px\" class=\"wp-caption alignleft\"><a href=\"http:\/\/www.eltrabajo.cl\/portal\/animita-salvo-vida-a-motociclista-en-nuevo-accidente-en-carretera-e-411\/accidente-moto-3\/\" rel=\"attachment wp-att-68379\"><img data-recalc-dims=\"1\" loading=\"lazy\" decoding=\"async\" class=\"size-full wp-image-68379\" src=\"https:\/\/i0.wp.com\/www.eltrabajo.cl\/portal\/wp-content\/uploads\/2016\/04\/Accidente-moto-3.jpg?resize=530%2C350\" alt=\"El motorista habr\u00eda perdido el control al enfrentarse repentinamente con la curva del camino, sin embargo, fue una animita la que amortigu\u00f3 su ca\u00edda y salv\u00f3 su vida.\" width=\"530\" height=\"350\" srcset=\"https:\/\/i0.wp.com\/eltrabajo.cl\/portal\/wp-content\/uploads\/2016\/04\/Accidente-moto-3.jpg?w=530&amp;ssl=1 530w, https:\/\/i0.wp.com\/eltrabajo.cl\/portal\/wp-content\/uploads\/2016\/04\/Accidente-moto-3.jpg?resize=200%2C132&amp;ssl=1 200w, https:\/\/i0.wp.com\/eltrabajo.cl\/portal\/wp-content\/uploads\/2016\/04\/Accidente-moto-3.jpg?resize=300%2C198&amp;ssl=1 300w, https:\/\/i0.wp.com\/eltrabajo.cl\/portal\/wp-content\/uploads\/2016\/04\/Accidente-moto-3.jpg?resize=227%2C150&amp;ssl=1 227w, https:\/\/i0.wp.com\/eltrabajo.cl\/portal\/wp-content\/uploads\/2016\/04\/Accidente-moto-3.jpg?resize=400%2C264&amp;ssl=1 400w\" sizes=\"auto, (max-width: 530px) 100vw, 530px\" \/><\/a><figcaption id=\"caption-attachment-68379\" class=\"wp-caption-text\">El motorista habr\u00eda perdido el control al enfrentarse repentinamente con la curva del camino, sin embargo, fue una animita la que amortigu\u00f3 su ca\u00edda y salv\u00f3 su vida.<\/figcaption><\/figure>\n","protected":false},"excerpt":{"rendered":"<p>El afectado s\u00f3lo result\u00f3 con lesiones leves luego que la peque\u00f1a animita amortiguara su ca\u00edda. PUTAENDO.- Nuevamente se registr\u00f3 un accidente en la carretera E-411 que une Putaendo con Cabildo y que&#8230;<\/p>\n","protected":false},"author":1,"featured_media":68379,"comment_status":"open","ping_status":"open","sticky":false,"template":"","format":"standard","meta":{"advanced_seo_description":"","jetpack_seo_html_title":"","jetpack_seo_noindex":false,"_jetpack_memberships_contains_paid_content":false,"footnotes":""},"categories":[21],"tags":[],"class_list":["post-68377","post","type-post","status-publish","format-standard","has-post-thumbnail","hentry","category-policial"],"jetpack_featured_media_url":"https:\/\/i0.wp.com\/eltrabajo.cl\/portal\/wp-content\/uploads\/2016\/04\/Accidente-moto-3.jpg?fit=530%2C350&ssl=1","jetpack_sharing_enabled":true,"jetpack_likes_enabled":true,"jetpack-related-posts":[],"_links":{"self":[{"href":"https:\/\/eltrabajo.cl\/portal\/wp-json\/wp\/v2\/posts\/68377","targetHints":{"allow":["GET"]}}],"collection":[{"href":"https:\/\/eltrabajo.cl\/portal\/wp-json\/wp\/v2\/posts"}],"about":[{"href":"https:\/\/eltrabajo.cl\/portal\/wp-json\/wp\/v2\/types\/post"}],"author":[{"embeddable":true,"href":"https:\/\/eltrabajo.cl\/portal\/wp-json\/wp\/v2\/users\/1"}],"replies":[{"embeddable":true,"href":"https:\/\/eltrabajo.cl\/portal\/wp-json\/wp\/v2\/comments?post=68377"}],"version-history":[{"count":0,"href":"https:\/\/eltrabajo.cl\/portal\/wp-json\/wp\/v2\/posts\/68377\/revisions"}],"wp:featuredmedia":[{"embeddable":true,"href":"https:\/\/eltrabajo.cl\/portal\/wp-json\/wp\/v2\/media\/68379"}],"wp:attachment":[{"href":"https:\/\/eltrabajo.cl\/portal\/wp-json\/wp\/v2\/media?parent=68377"}],"wp:term":[{"taxonomy":"category","embeddable":true,"href":"https:\/\/eltrabajo.cl\/portal\/wp-json\/wp\/v2\/categories?post=68377"},{"taxonomy":"post_tag","embeddable":true,"href":"https:\/\/eltrabajo.cl\/portal\/wp-json\/wp\/v2\/tags?post=68377"}],"curies":[{"name":"wp","href":"https:\/\/api.w.org\/{rel}","templated":true}]}}