{"id":68383,"date":"2016-04-05T08:33:20","date_gmt":"2016-04-05T11:33:20","guid":{"rendered":"http:\/\/www.eltrabajo.cl\/portal\/?p=68383"},"modified":"2016-04-05T08:33:20","modified_gmt":"2016-04-05T11:33:20","slug":"realizan-nueva-jornada-de-programa-calles-abiertas-en-villa-el-carmen","status":"publish","type":"post","link":"https:\/\/eltrabajo.cl\/portal\/realizan-nueva-jornada-de-programa-calles-abiertas-en-villa-el-carmen\/","title":{"rendered":"Realizan nueva jornada de programa \u2018Calles Abiertas\u2019 en villa El Carmen"},"content":{"rendered":"<p><strong>El programa continuar\u00e1 el s\u00e1bado 16 de abril en calle Salinas.<\/strong><br \/>\nVilla El Carmen fue la elegida para realizar, el s\u00e1bado reci\u00e9n pasado, una nueva jornada del programa IND \u2018Calles Abiertas\u2019, el cual es ejecutado en conjunto con el departamento de Deportes y Actividad F\u00edsica de la Municipalidad de San Felipe.<br \/>\nEl programa se desarroll\u00f3 en Av. Aconcagua, frente a multicancha y, como en las jornadas anteriores, se caracteriz\u00f3 por ofrecer diversos espacios para realizar deportes y actividad f\u00edsica en familia.<br \/>\nF\u00fatbol, ping pong, zumba, mini b\u00e1squetbol, ajedrez y escalada fueron algunas de las actividades que los sanfelipe\u00f1os pudieron disfrutar en las 4 horas que dur\u00f3 la actividad y que tuvo una permanente participaci\u00f3n de los vecinos, que llegaron de distintos sectores de la comuna a practicar deporte.<br \/>\nUn momento emocionante para destacar, fue la mini corrida para conmemorar el D\u00eda Mundial del Autismo junto a la Fundaci\u00f3n So\u00f1arte, quienes estuvieron con un stand informativo y participaron activamente de todas las actividades de la jornada.<br \/>\nDanilo Pe\u00f1a, encargado del departamento de Deportes y Actividad F\u00edsica, destac\u00f3 el trabajo que se ha venido realizando en el \u00e1mbito deportivo, de acuerdo a lo instruido por el alcalde Patricio Freire.<br \/>\n\u201cEste a\u00f1o continuamos trabajando de acuerdo a lo que nos encarg\u00f3 el alcalde Patricio Freire, lo que nos ha permitido que el IND nos adjudicase nuevamente el programa \u2018Calles Abiertas\u2019, y el llamado es a todos los vecinos a continuar participando en esta actividad con el mismo entusiasmo\u201d.<br \/>\nEn ese sentido, Pe\u00f1a se\u00f1al\u00f3 que la quinta jornada se realizar\u00e1 el pr\u00f3ximo s\u00e1bado 16 de abril, entre las 16 y las 20 horas en calle Salinas.<\/p>\n<figure id=\"attachment_68385\" aria-describedby=\"caption-attachment-68385\" style=\"width: 530px\" class=\"wp-caption alignleft\"><a href=\"http:\/\/www.eltrabajo.cl\/portal\/realizan-nueva-jornada-de-programa-calles-abiertas-en-villa-el-carmen\/calles-abiertas-2-3\/\" rel=\"attachment wp-att-68385\"><img data-recalc-dims=\"1\" loading=\"lazy\" decoding=\"async\" class=\"size-full wp-image-68385\" src=\"https:\/\/i0.wp.com\/www.eltrabajo.cl\/portal\/wp-content\/uploads\/2016\/04\/calles-abiertas-2.jpg?resize=530%2C349\" alt=\"El evento ofreci\u00f3 diversas actividades deportivas a los ni\u00f1os y adultos del sector.\" width=\"530\" height=\"349\" srcset=\"https:\/\/i0.wp.com\/eltrabajo.cl\/portal\/wp-content\/uploads\/2016\/04\/calles-abiertas-2.jpg?w=530&amp;ssl=1 530w, https:\/\/i0.wp.com\/eltrabajo.cl\/portal\/wp-content\/uploads\/2016\/04\/calles-abiertas-2.jpg?resize=200%2C132&amp;ssl=1 200w, https:\/\/i0.wp.com\/eltrabajo.cl\/portal\/wp-content\/uploads\/2016\/04\/calles-abiertas-2.jpg?resize=300%2C198&amp;ssl=1 300w, https:\/\/i0.wp.com\/eltrabajo.cl\/portal\/wp-content\/uploads\/2016\/04\/calles-abiertas-2.jpg?resize=228%2C150&amp;ssl=1 228w, https:\/\/i0.wp.com\/eltrabajo.cl\/portal\/wp-content\/uploads\/2016\/04\/calles-abiertas-2.jpg?resize=400%2C263&amp;ssl=1 400w\" sizes=\"auto, (max-width: 530px) 100vw, 530px\" \/><\/a><figcaption id=\"caption-attachment-68385\" class=\"wp-caption-text\">El evento ofreci\u00f3 diversas actividades deportivas a los ni\u00f1os y adultos del sector.<\/figcaption><\/figure>\n<figure id=\"attachment_68384\" aria-describedby=\"caption-attachment-68384\" style=\"width: 530px\" class=\"wp-caption alignleft\"><a href=\"http:\/\/www.eltrabajo.cl\/portal\/realizan-nueva-jornada-de-programa-calles-abiertas-en-villa-el-carmen\/calles-abiertas-1-2\/\" rel=\"attachment wp-att-68384\"><img data-recalc-dims=\"1\" loading=\"lazy\" decoding=\"async\" class=\"size-full wp-image-68384\" src=\"https:\/\/i0.wp.com\/www.eltrabajo.cl\/portal\/wp-content\/uploads\/2016\/04\/calles-abiertas-1.jpg?resize=530%2C350\" alt=\"En esta nueva versi\u00f3n de \u2018Calles Abiertas\u2019, los ni\u00f1os de la villa El Carmen pudieron practicar escalada. \" width=\"530\" height=\"350\" srcset=\"https:\/\/i0.wp.com\/eltrabajo.cl\/portal\/wp-content\/uploads\/2016\/04\/calles-abiertas-1.jpg?w=530&amp;ssl=1 530w, https:\/\/i0.wp.com\/eltrabajo.cl\/portal\/wp-content\/uploads\/2016\/04\/calles-abiertas-1.jpg?resize=200%2C132&amp;ssl=1 200w, https:\/\/i0.wp.com\/eltrabajo.cl\/portal\/wp-content\/uploads\/2016\/04\/calles-abiertas-1.jpg?resize=300%2C198&amp;ssl=1 300w, https:\/\/i0.wp.com\/eltrabajo.cl\/portal\/wp-content\/uploads\/2016\/04\/calles-abiertas-1.jpg?resize=227%2C150&amp;ssl=1 227w, https:\/\/i0.wp.com\/eltrabajo.cl\/portal\/wp-content\/uploads\/2016\/04\/calles-abiertas-1.jpg?resize=400%2C264&amp;ssl=1 400w\" sizes=\"auto, (max-width: 530px) 100vw, 530px\" \/><\/a><figcaption id=\"caption-attachment-68384\" class=\"wp-caption-text\">En esta nueva versi\u00f3n de \u2018Calles Abiertas\u2019, los ni\u00f1os de la villa El Carmen pudieron practicar escalada.<\/figcaption><\/figure>\n","protected":false},"excerpt":{"rendered":"<p>El programa continuar\u00e1 el s\u00e1bado 16 de abril en calle Salinas. Villa El Carmen fue la elegida para realizar, el s\u00e1bado reci\u00e9n pasado, una nueva jornada del programa IND \u2018Calles Abiertas\u2019, el&#8230;<\/p>\n","protected":false},"author":1,"featured_media":68385,"comment_status":"open","ping_status":"open","sticky":false,"template":"","format":"standard","meta":{"advanced_seo_description":"","jetpack_seo_html_title":"","jetpack_seo_noindex":false,"_jetpack_memberships_contains_paid_content":false,"footnotes":""},"categories":[1],"tags":[],"class_list":["post-68383","post","type-post","status-publish","format-standard","has-post-thumbnail","hentry","category-cronica"],"jetpack_featured_media_url":"https:\/\/i0.wp.com\/eltrabajo.cl\/portal\/wp-content\/uploads\/2016\/04\/calles-abiertas-2.jpg?fit=530%2C349&ssl=1","jetpack_sharing_enabled":true,"jetpack_likes_enabled":true,"jetpack-related-posts":[],"_links":{"self":[{"href":"https:\/\/eltrabajo.cl\/portal\/wp-json\/wp\/v2\/posts\/68383","targetHints":{"allow":["GET"]}}],"collection":[{"href":"https:\/\/eltrabajo.cl\/portal\/wp-json\/wp\/v2\/posts"}],"about":[{"href":"https:\/\/eltrabajo.cl\/portal\/wp-json\/wp\/v2\/types\/post"}],"author":[{"embeddable":true,"href":"https:\/\/eltrabajo.cl\/portal\/wp-json\/wp\/v2\/users\/1"}],"replies":[{"embeddable":true,"href":"https:\/\/eltrabajo.cl\/portal\/wp-json\/wp\/v2\/comments?post=68383"}],"version-history":[{"count":0,"href":"https:\/\/eltrabajo.cl\/portal\/wp-json\/wp\/v2\/posts\/68383\/revisions"}],"wp:featuredmedia":[{"embeddable":true,"href":"https:\/\/eltrabajo.cl\/portal\/wp-json\/wp\/v2\/media\/68385"}],"wp:attachment":[{"href":"https:\/\/eltrabajo.cl\/portal\/wp-json\/wp\/v2\/media?parent=68383"}],"wp:term":[{"taxonomy":"category","embeddable":true,"href":"https:\/\/eltrabajo.cl\/portal\/wp-json\/wp\/v2\/categories?post=68383"},{"taxonomy":"post_tag","embeddable":true,"href":"https:\/\/eltrabajo.cl\/portal\/wp-json\/wp\/v2\/tags?post=68383"}],"curies":[{"name":"wp","href":"https:\/\/api.w.org\/{rel}","templated":true}]}}