{"id":68392,"date":"2016-04-05T08:36:58","date_gmt":"2016-04-05T11:36:58","guid":{"rendered":"http:\/\/www.eltrabajo.cl\/portal\/?p=68392"},"modified":"2016-04-05T09:07:52","modified_gmt":"2016-04-05T12:07:52","slug":"hallan-sin-vida-a-hombre-que-se-suicido-hace-una-semana","status":"publish","type":"post","link":"https:\/\/eltrabajo.cl\/portal\/hallan-sin-vida-a-hombre-que-se-suicido-hace-una-semana\/","title":{"rendered":"Hallan cuerpo sin vida de hombre desaparecido hace una semana"},"content":{"rendered":"<figure id=\"attachment_68393\" aria-describedby=\"caption-attachment-68393\" style=\"width: 300px\" class=\"wp-caption alignleft\"><a href=\"http:\/\/www.eltrabajo.cl\/portal\/hallan-sin-vida-a-hombre-que-se-suicido-hace-una-semana\/gonzalo-curical-salazar\/\" rel=\"attachment wp-att-68393\"><img data-recalc-dims=\"1\" loading=\"lazy\" decoding=\"async\" class=\"size-medium wp-image-68393\" src=\"https:\/\/i0.wp.com\/www.eltrabajo.cl\/portal\/wp-content\/uploads\/2016\/04\/GONZALO-CURICAL-SALAZAR-300x198.jpg?resize=300%2C198\" alt=\"Gonzalo Curical Salazar fue hallado sin vida en un sitio eriazo del sector Hacienda de Quilpu\u00e9. Seg\u00fan la PDI se habr\u00eda suicidado aparentemente tras sufrir un cuadro depresivo.\" width=\"300\" height=\"198\" srcset=\"https:\/\/i0.wp.com\/eltrabajo.cl\/portal\/wp-content\/uploads\/2016\/04\/GONZALO-CURICAL-SALAZAR.jpg?resize=300%2C198&amp;ssl=1 300w, https:\/\/i0.wp.com\/eltrabajo.cl\/portal\/wp-content\/uploads\/2016\/04\/GONZALO-CURICAL-SALAZAR.jpg?resize=200%2C132&amp;ssl=1 200w, https:\/\/i0.wp.com\/eltrabajo.cl\/portal\/wp-content\/uploads\/2016\/04\/GONZALO-CURICAL-SALAZAR.jpg?resize=228%2C150&amp;ssl=1 228w, https:\/\/i0.wp.com\/eltrabajo.cl\/portal\/wp-content\/uploads\/2016\/04\/GONZALO-CURICAL-SALAZAR.jpg?resize=400%2C263&amp;ssl=1 400w, https:\/\/i0.wp.com\/eltrabajo.cl\/portal\/wp-content\/uploads\/2016\/04\/GONZALO-CURICAL-SALAZAR.jpg?w=530&amp;ssl=1 530w\" sizes=\"auto, (max-width: 300px) 100vw, 300px\" \/><\/a><figcaption id=\"caption-attachment-68393\" class=\"wp-caption-text\">Gonzalo Curical Salazar fue hallado sin vida en un sitio eriazo del sector Hacienda de Quilpu\u00e9. Seg\u00fan la PDI se habr\u00eda suicidado aparentemente tras sufrir un cuadro depresivo.<\/figcaption><\/figure>\n<p><strong>PDI encontr\u00f3 cuerpo en sector Hacienda de Quilpu\u00e9:<\/strong><br \/>\nAparente cuadro depresivo habr\u00eda motivado a Gonzalo Curical Salazar de 34 a\u00f1os a terminar con su existencia. Sus familiares elevaron denuncia por presunta desgracia el pasado 27 de Marzo.<br \/>\nEn avanzado estado de descomposici\u00f3n, fue hallado el cuerpo de un hombre de 34 a\u00f1os identificado como Gonzalo Mariano Curical Salazar, quien se encontraba desaparecido desde el 27 de marzo pasado. Sus familiares hab\u00edan elevado ante Carabineros una denuncia por presunta desgracia.<br \/>\nEl macabro hallazgo se efectu\u00f3 en horas de la tarde del pasado s\u00e1bado por la Brigada de Homicidios de la Polic\u00eda de Investigaciones de Los Andes, quienes confirmaron la acci\u00f3n de tipo suicida que cometi\u00f3 el joven al interior de un sitio eriazo en el sector Hacienda de Quilpu\u00e9 en San Felipe.<br \/>\nEl Comisario de Investigaciones, Gino Guti\u00e9rrez, inform\u00f3 a Diario El Trabajo que el occiso habr\u00eda utilizado un cable el\u00e9ctrico para quitarse la vida, descartando en primera instancia la intervenci\u00f3n de terceras personas.<br \/>\n\u201cSeg\u00fan los ex\u00e1menes externos que se efectuaron al cuerpo, conforme al entorno se estableci\u00f3 que no hubo participaci\u00f3n de terceras personas de acuerdo al v\u00ednculo y la posici\u00f3n. No obstante que la parte t\u00e9cnica deber\u00e1 ser ratificada a trav\u00e9s de la necropsia del Servicio M\u00e9dico Legal\u201d, precis\u00f3 el oficial.<br \/>\nDe acuerdo a las primeras indagaciones policiales sobre este hecho, aparentemente Gonzalo Curical Salazar habr\u00eda estado cruzando un cuadro depresivo que lo habr\u00eda motivado a terminar con su vida, hecho que qued\u00f3 al descubierto a una semana despu\u00e9s de su desaparici\u00f3n.<br \/>\n<strong>Pablo Salinas Sald\u00edas<\/strong><\/p>\n","protected":false},"excerpt":{"rendered":"<p>PDI encontr\u00f3 cuerpo en sector Hacienda de Quilpu\u00e9: Aparente cuadro depresivo habr\u00eda motivado a Gonzalo Curical Salazar de 34 a\u00f1os a terminar con su existencia. Sus familiares elevaron denuncia por presunta desgracia&#8230;<\/p>\n","protected":false},"author":1,"featured_media":68393,"comment_status":"open","ping_status":"open","sticky":false,"template":"","format":"standard","meta":{"advanced_seo_description":"","jetpack_seo_html_title":"","jetpack_seo_noindex":false,"_jetpack_memberships_contains_paid_content":false,"footnotes":""},"categories":[21],"tags":[],"class_list":["post-68392","post","type-post","status-publish","format-standard","has-post-thumbnail","hentry","category-policial"],"jetpack_featured_media_url":"https:\/\/i0.wp.com\/eltrabajo.cl\/portal\/wp-content\/uploads\/2016\/04\/GONZALO-CURICAL-SALAZAR.jpg?fit=530%2C349&ssl=1","jetpack_sharing_enabled":true,"jetpack_likes_enabled":true,"jetpack-related-posts":[],"_links":{"self":[{"href":"https:\/\/eltrabajo.cl\/portal\/wp-json\/wp\/v2\/posts\/68392","targetHints":{"allow":["GET"]}}],"collection":[{"href":"https:\/\/eltrabajo.cl\/portal\/wp-json\/wp\/v2\/posts"}],"about":[{"href":"https:\/\/eltrabajo.cl\/portal\/wp-json\/wp\/v2\/types\/post"}],"author":[{"embeddable":true,"href":"https:\/\/eltrabajo.cl\/portal\/wp-json\/wp\/v2\/users\/1"}],"replies":[{"embeddable":true,"href":"https:\/\/eltrabajo.cl\/portal\/wp-json\/wp\/v2\/comments?post=68392"}],"version-history":[{"count":0,"href":"https:\/\/eltrabajo.cl\/portal\/wp-json\/wp\/v2\/posts\/68392\/revisions"}],"wp:featuredmedia":[{"embeddable":true,"href":"https:\/\/eltrabajo.cl\/portal\/wp-json\/wp\/v2\/media\/68393"}],"wp:attachment":[{"href":"https:\/\/eltrabajo.cl\/portal\/wp-json\/wp\/v2\/media?parent=68392"}],"wp:term":[{"taxonomy":"category","embeddable":true,"href":"https:\/\/eltrabajo.cl\/portal\/wp-json\/wp\/v2\/categories?post=68392"},{"taxonomy":"post_tag","embeddable":true,"href":"https:\/\/eltrabajo.cl\/portal\/wp-json\/wp\/v2\/tags?post=68392"}],"curies":[{"name":"wp","href":"https:\/\/api.w.org\/{rel}","templated":true}]}}