{"id":68396,"date":"2016-04-05T08:40:59","date_gmt":"2016-04-05T11:40:59","guid":{"rendered":"http:\/\/www.eltrabajo.cl\/portal\/?p=68396"},"modified":"2016-04-05T08:40:59","modified_gmt":"2016-04-05T11:40:59","slug":"con-sus-chaquetas-azules-se-identifican-encuestadores-del-pre-censo","status":"publish","type":"post","link":"https:\/\/eltrabajo.cl\/portal\/con-sus-chaquetas-azules-se-identifican-encuestadores-del-pre-censo\/","title":{"rendered":"Con\u00a0sus chaquetas azules se\u00a0identifican encuestadores del Pre-Censo"},"content":{"rendered":"<p><strong>Villa El Se\u00f1orial fue uno de los sectores recorridos en d\u00eda lunes:\u00a060 trabajadores del INE estar\u00e1n a cargo de llevar a efecto las cerca de 25 mil encuestas que corresponde realizar en la Provincia de San Felipe.<\/strong><br \/>\nAyer lunes comenzaron a recorrer las calles de San Felipe, los encuestadores contratados por el Instituto Nacional de Estad\u00edsticas, INE, para desarrollar las cerca de 25 mil encuestas que servir\u00e1n como instrumento log\u00edstico para implementar el Censo 2017.<br \/>\nCarolina Montenegro, encargada operativa provincial del Pre-Censo, describi\u00f3 que \u00e9sta es la segunda etapa de planificaci\u00f3n general presupuestada para la ejecuci\u00f3n final del Censo del 19 de abril de 2017 sometidas a una peque\u00f1a encuesta que no debiera extenderse por m\u00e1s de 3 minutos<br \/>\n\u201cEste es un levantamiento de informaci\u00f3n de viviendas, hogares y personas que nos servir\u00e1 para conocer cuanta carga laboral tendremos el d\u00eda del Censo, cu\u00e1ntos censistas vamos a necesitar, cu\u00e1nta locomoci\u00f3n, formularios y alimentaci\u00f3n para ellos\u201d, relat\u00f3 Montenegro.<br \/>\nDe acuerdo a lo informado por la profesional, la encuesta por vivienda considera 4 preguntas y no debiera durar m\u00e1s de 3 minutos, por lo que, los vecinos no est\u00e1n obligados a hacer ingresar a los censistas al interior de las casa y \u00e9stos pueden recoger los datos en el antejard\u00edn.<br \/>\nEn caso de que las casas est\u00e9n deshabitadas o no se encuentren moradores al momento de la visita, Montenegro afirm\u00f3 que \u201clas preguntas a realizar est\u00e1n relacionadas con enumerar la vivienda, los hogares y las personas; las viviendas si o si las vamos a encontrar, lo que no sabemos es cu\u00e1ntos hogares constituye esa vivienda, por lo cual, nosotros hacemos un plan de contingencia y m\u00e1s o menos tenemos 3 oportunidades para visitar una casa, si nos va mal un d\u00eda lunes volveremos un d\u00eda jueves, si el jueves tampoco concretamos la encuesta, volveremos s\u00e1bado o domingo\u201d, apunt\u00f3.<br \/>\nEn cuanto a la cobertura que tendr\u00e1 este proceso, la personera del INE detall\u00f3 que la metodolog\u00eda se est\u00e1 llevando a cabo con informaci\u00f3n proporcionada por el Pre-Censo del 2011, junto con datos entregados desde la Direcci\u00f3n de Obras de los distintos municipios, que les permiten actualizar la cartograf\u00eda de cada comuna, para las cuales se ha dispuesto de un total de 64 personas (20 para San Felipe), entre censistas, supervisores y encargados t\u00e9cnicos.<br \/>\nRespecto de la efectividad que pretende lograr esta estrategia, Montenegro a\u00f1adi\u00f3 que \u201cEl Pre-Censo del 2011 fue v\u00e1lido, no as\u00ed el Censo del 2012 y justamente se est\u00e1n trabajando con nuevas metodolog\u00edas para que no ocurra lo del 2012, el 2017 es un Censo de hecho, es decir, un Censo que se hace a la antigua, se realiza s\u00f3lo durante 1 d\u00eda y es donde la gente pernoct\u00f3 el d\u00eda anterior\u201d, puntualiz\u00f3.<br \/>\nEl alcalde de San Felipe Patricio Freire Canto, acompa\u00f1\u00f3 parte de las primeras encuestas realizadas en villa El Se\u00f1orial y en el momento hizo un llamado a los vecinos a responder la encuesta, abrir las puertas a los censistas, pues se debe entregar informaci\u00f3n muy acotada, que permitir\u00e1 tener un Censo efectivo y que refleje la realidad de la comuna el 2017.<br \/>\nEl Pre-Censo, se extender\u00e1 por 3 meses y se desarrollar\u00e1 en bandas horarias desde las 8.30 de la ma\u00f1ana a las 17.30 horas o desde las 11 am hasta las 8 de la noche, de lunes a viernes y seg\u00fan Carolina Montenegro \u201ccon planes de contingencia que pueden ser una vez al mes que se realizar\u00e1n visitas s\u00e1bado y domingo\u201d, dijo.<\/p>\n<figure id=\"attachment_68397\" aria-describedby=\"caption-attachment-68397\" style=\"width: 530px\" class=\"wp-caption alignleft\"><a href=\"http:\/\/www.eltrabajo.cl\/portal\/con-sus-chaquetas-azules-se-identifican-encuestadores-del-pre-censo\/foto-1-funcionarios-del-ine-ya-comenzaron-a-desarrollar-las-encuestas\/\" rel=\"attachment wp-att-68397\"><img data-recalc-dims=\"1\" loading=\"lazy\" decoding=\"async\" class=\"size-full wp-image-68397\" src=\"https:\/\/i0.wp.com\/www.eltrabajo.cl\/portal\/wp-content\/uploads\/2016\/04\/FOTO-1-FUNCIONARIOS-DEL-INE-YA-COMENZARON-A-DESARROLLAR-LAS-ENCUESTAS.jpg?resize=530%2C348\" alt=\"Funcionarios del INE ya comenzaron a desarrollar las encuestas del Pre-Censo en la comuna de San Felipe.\" width=\"530\" height=\"348\" srcset=\"https:\/\/i0.wp.com\/eltrabajo.cl\/portal\/wp-content\/uploads\/2016\/04\/FOTO-1-FUNCIONARIOS-DEL-INE-YA-COMENZARON-A-DESARROLLAR-LAS-ENCUESTAS.jpg?w=530&amp;ssl=1 530w, https:\/\/i0.wp.com\/eltrabajo.cl\/portal\/wp-content\/uploads\/2016\/04\/FOTO-1-FUNCIONARIOS-DEL-INE-YA-COMENZARON-A-DESARROLLAR-LAS-ENCUESTAS.jpg?resize=200%2C131&amp;ssl=1 200w, https:\/\/i0.wp.com\/eltrabajo.cl\/portal\/wp-content\/uploads\/2016\/04\/FOTO-1-FUNCIONARIOS-DEL-INE-YA-COMENZARON-A-DESARROLLAR-LAS-ENCUESTAS.jpg?resize=300%2C197&amp;ssl=1 300w, https:\/\/i0.wp.com\/eltrabajo.cl\/portal\/wp-content\/uploads\/2016\/04\/FOTO-1-FUNCIONARIOS-DEL-INE-YA-COMENZARON-A-DESARROLLAR-LAS-ENCUESTAS.jpg?resize=228%2C150&amp;ssl=1 228w, https:\/\/i0.wp.com\/eltrabajo.cl\/portal\/wp-content\/uploads\/2016\/04\/FOTO-1-FUNCIONARIOS-DEL-INE-YA-COMENZARON-A-DESARROLLAR-LAS-ENCUESTAS.jpg?resize=400%2C263&amp;ssl=1 400w\" sizes=\"auto, (max-width: 530px) 100vw, 530px\" \/><\/a><figcaption id=\"caption-attachment-68397\" class=\"wp-caption-text\">Funcionarios del INE ya comenzaron a desarrollar las encuestas del Pre-Censo en la comuna de San Felipe.<\/figcaption><\/figure>\n","protected":false},"excerpt":{"rendered":"<p>Villa El Se\u00f1orial fue uno de los sectores recorridos en d\u00eda lunes:\u00a060 trabajadores del INE estar\u00e1n a cargo de llevar a efecto las cerca de 25 mil encuestas que corresponde realizar en&#8230;<\/p>\n","protected":false},"author":1,"featured_media":68397,"comment_status":"open","ping_status":"open","sticky":false,"template":"","format":"standard","meta":{"advanced_seo_description":"","jetpack_seo_html_title":"","jetpack_seo_noindex":false,"_jetpack_memberships_contains_paid_content":false,"footnotes":""},"categories":[1],"tags":[],"class_list":["post-68396","post","type-post","status-publish","format-standard","has-post-thumbnail","hentry","category-cronica"],"jetpack_featured_media_url":"https:\/\/i0.wp.com\/eltrabajo.cl\/portal\/wp-content\/uploads\/2016\/04\/FOTO-1-FUNCIONARIOS-DEL-INE-YA-COMENZARON-A-DESARROLLAR-LAS-ENCUESTAS.jpg?fit=530%2C348&ssl=1","jetpack_sharing_enabled":true,"jetpack_likes_enabled":true,"jetpack-related-posts":[],"_links":{"self":[{"href":"https:\/\/eltrabajo.cl\/portal\/wp-json\/wp\/v2\/posts\/68396","targetHints":{"allow":["GET"]}}],"collection":[{"href":"https:\/\/eltrabajo.cl\/portal\/wp-json\/wp\/v2\/posts"}],"about":[{"href":"https:\/\/eltrabajo.cl\/portal\/wp-json\/wp\/v2\/types\/post"}],"author":[{"embeddable":true,"href":"https:\/\/eltrabajo.cl\/portal\/wp-json\/wp\/v2\/users\/1"}],"replies":[{"embeddable":true,"href":"https:\/\/eltrabajo.cl\/portal\/wp-json\/wp\/v2\/comments?post=68396"}],"version-history":[{"count":0,"href":"https:\/\/eltrabajo.cl\/portal\/wp-json\/wp\/v2\/posts\/68396\/revisions"}],"wp:featuredmedia":[{"embeddable":true,"href":"https:\/\/eltrabajo.cl\/portal\/wp-json\/wp\/v2\/media\/68397"}],"wp:attachment":[{"href":"https:\/\/eltrabajo.cl\/portal\/wp-json\/wp\/v2\/media?parent=68396"}],"wp:term":[{"taxonomy":"category","embeddable":true,"href":"https:\/\/eltrabajo.cl\/portal\/wp-json\/wp\/v2\/categories?post=68396"},{"taxonomy":"post_tag","embeddable":true,"href":"https:\/\/eltrabajo.cl\/portal\/wp-json\/wp\/v2\/tags?post=68396"}],"curies":[{"name":"wp","href":"https:\/\/api.w.org\/{rel}","templated":true}]}}