{"id":68400,"date":"2016-04-05T08:48:15","date_gmt":"2016-04-05T11:48:15","guid":{"rendered":"http:\/\/www.eltrabajo.cl\/portal\/?p=68400"},"modified":"2016-04-05T08:48:15","modified_gmt":"2016-04-05T11:48:15","slug":"lucybell-luis-jara-y-zip-zup-este-sabado-en-celebracion-aniversario-llay-llay","status":"publish","type":"post","link":"https:\/\/eltrabajo.cl\/portal\/lucybell-luis-jara-y-zip-zup-este-sabado-en-celebracion-aniversario-llay-llay\/","title":{"rendered":"Lucybell, Luis Jara y Zip Zup este s\u00e1bado en celebraci\u00f3n aniversario Llay Llay"},"content":{"rendered":"<p><strong>LLAY LLAY.-<\/strong> La ciudad del Viento Viento cumple 141 a\u00f1os de vida y para celebrar a lo grande, el municipio tiene un show art\u00edstico que incluye en su parrilla al cantante y conductor del matinal Mucho Gusto de Mega, Luis jara; la banda chilena de Rock, Lucybell y el humorista que hizo re\u00edr al p\u00fablico de los festivales de Vi\u00f1a y El Patagual; Zip Zup. Los artistas nacionales se presentaran el s\u00e1bado 9 de abril a partir de las 19:00 horas en el Estadio Municipal y la entrada es liberada.<br \/>\nEl alcalde Mario Marillanca invit\u00f3 a los vecinos a participar de cada una de las actividades programadas para este a\u00f1o y el tradicional show que incluye en la obertura a artistas de la ciudad.<br \/>\nPero esto no es todo, durante todo abril los vecinos de la ciudad del Viento Viento, podr\u00e1n disfrutar de un nutrido programa de actividades. Las celebraciones comienzan con un campeonato de Baby F\u00fatbol Escolar, este lunes 4 de abril en el Gimnasio Municipal, a partir de las 14:00 horas. Para el mi\u00e9rcoles 6 de abril est\u00e1 programado el Desfile Aniversario, el lugar escogido es la plazoleta Bernardo O\u2019Higgins, luego a las 12:00 inauguraran la tradicional feria artesanal ubicada a un costado del municipio.<br \/>\nEl 8 de abril se realizar\u00e1 el lanzamiento del libro de Programaci\u00f3n Neuroling\u00fc\u00edstica \u2018Los deseos del genio\u2019, del sic\u00f3logo Guillermo Fern\u00e1ndez, programado para las 12:00 horas en la Biblioteca Municipal. El 9 y 10 de abril hay un Rodeo Oficial en la Medialuna de Santa Rosa, la invitaci\u00f3n es a las 9:00 horas.<br \/>\nEl deporte ocupa un importante lugar en la programaci\u00f3n, por ello est\u00e1n presentes actividades enfocadas en distintas disciplinas. Una de ellas es el campeonato de Artes Marciales \u2018Dojang Flores\u2019, que se realizar\u00e1 el domingo 10 de abril en el Gimnasio Municipal, a las 10:00 horas.<br \/>\nExiste en parrilla un campeonato Comunal Escolar de Escalada a realizarse en el Gimnasio Municipal, que tiene fecha para el mi\u00e9rcoles 13 de abril a partir de las 14:00 horas. Por otro lado, la Corrida Escolar Aniversario organizada tambi\u00e9n por la Municipalidad y el Daem est\u00e1 programada para el viernes 15 de abril, en el Estadio Municipal, se inicia a las 10:00 de la ma\u00f1ana.<br \/>\nPara el s\u00e1bado 16 y domingo 17 de abril, el Club de Huasos Los Loros invita a la comunidad a disfrutar de un Rodeo en la medialuna de Santa Rosa. Este mismo s\u00e1bado 16 de abril, los vecinos y vecinas tienen otra invitaci\u00f3n: el Festival de la Vida Saludable, organizada por la Municipalidad de Llay Llay, Oficina del Deporte, Senda Previene y OPD, el cual se llevar\u00e1 a cabo en el Parque Ucuquer, de 12:00 a 18:00 horas.<br \/>\nEl domingo 17 de abril se realizar\u00e1 la Zumbat\u00f3n Aniversario, en el frontis del Cine Teatro Municipal, a partir de las 17:00 horas.<br \/>\nLa Cuenta P\u00fablica de la Municipalidad de Llay Llay, est\u00e1 programada para las 18:00 horas del jueves 28 de abril, en el Cine Teatro Municipal.<br \/>\nCierra el mes de celebraciones el tradicional Cuecazo Aniversario, programado a partir de las 11:00 de la ma\u00f1ana en el frontis de la Municipalidad. El programa aniversario fue proporcionado por la encargada del Departamento de Relaciones P\u00fablicas de la Municipalidad de Llay Llay, Karina Espinoza.<br \/>\n<strong>Marianela Quevedo<\/strong><\/p>\n<figure id=\"attachment_68401\" aria-describedby=\"caption-attachment-68401\" style=\"width: 530px\" class=\"wp-caption alignleft\"><a href=\"http:\/\/www.eltrabajo.cl\/portal\/lucybell-luis-jara-y-zip-zup-este-sabado-en-celebracion-aniversario-llay-llay\/lucybell-2\/\" rel=\"attachment wp-att-68401\"><img data-recalc-dims=\"1\" loading=\"lazy\" decoding=\"async\" class=\"size-full wp-image-68401\" src=\"https:\/\/i0.wp.com\/www.eltrabajo.cl\/portal\/wp-content\/uploads\/2016\/04\/Lucybell.jpg?resize=530%2C349\" alt=\"La banda chilena de Rock, Lucybell.\" width=\"530\" height=\"349\" srcset=\"https:\/\/i0.wp.com\/eltrabajo.cl\/portal\/wp-content\/uploads\/2016\/04\/Lucybell.jpg?w=530&amp;ssl=1 530w, https:\/\/i0.wp.com\/eltrabajo.cl\/portal\/wp-content\/uploads\/2016\/04\/Lucybell.jpg?resize=200%2C132&amp;ssl=1 200w, https:\/\/i0.wp.com\/eltrabajo.cl\/portal\/wp-content\/uploads\/2016\/04\/Lucybell.jpg?resize=300%2C198&amp;ssl=1 300w, https:\/\/i0.wp.com\/eltrabajo.cl\/portal\/wp-content\/uploads\/2016\/04\/Lucybell.jpg?resize=228%2C150&amp;ssl=1 228w, https:\/\/i0.wp.com\/eltrabajo.cl\/portal\/wp-content\/uploads\/2016\/04\/Lucybell.jpg?resize=400%2C263&amp;ssl=1 400w\" sizes=\"auto, (max-width: 530px) 100vw, 530px\" \/><\/a><figcaption id=\"caption-attachment-68401\" class=\"wp-caption-text\">La banda chilena de Rock, Lucybell.<\/figcaption><\/figure>\n<figure id=\"attachment_68402\" aria-describedby=\"caption-attachment-68402\" style=\"width: 300px\" class=\"wp-caption alignleft\"><a href=\"http:\/\/www.eltrabajo.cl\/portal\/lucybell-luis-jara-y-zip-zup-este-sabado-en-celebracion-aniversario-llay-llay\/luis-jara\/\" rel=\"attachment wp-att-68402\"><img data-recalc-dims=\"1\" loading=\"lazy\" decoding=\"async\" class=\"size-medium wp-image-68402\" src=\"https:\/\/i0.wp.com\/www.eltrabajo.cl\/portal\/wp-content\/uploads\/2016\/04\/luis-jara-300x198.jpg?resize=300%2C198\" alt=\"El animador del matinal Mucho Gusto de Mega, Luis Jara, tambi\u00e9n se presentar\u00e1 por el aniversario llaylla\u00edno.\" width=\"300\" height=\"198\" srcset=\"https:\/\/i0.wp.com\/eltrabajo.cl\/portal\/wp-content\/uploads\/2016\/04\/luis-jara.jpg?resize=300%2C198&amp;ssl=1 300w, https:\/\/i0.wp.com\/eltrabajo.cl\/portal\/wp-content\/uploads\/2016\/04\/luis-jara.jpg?resize=200%2C132&amp;ssl=1 200w, https:\/\/i0.wp.com\/eltrabajo.cl\/portal\/wp-content\/uploads\/2016\/04\/luis-jara.jpg?resize=228%2C150&amp;ssl=1 228w, https:\/\/i0.wp.com\/eltrabajo.cl\/portal\/wp-content\/uploads\/2016\/04\/luis-jara.jpg?resize=400%2C263&amp;ssl=1 400w, https:\/\/i0.wp.com\/eltrabajo.cl\/portal\/wp-content\/uploads\/2016\/04\/luis-jara.jpg?w=530&amp;ssl=1 530w\" sizes=\"auto, (max-width: 300px) 100vw, 300px\" \/><\/a><figcaption id=\"caption-attachment-68402\" class=\"wp-caption-text\">El animador del matinal Mucho Gusto de Mega, Luis Jara, tambi\u00e9n se presentar\u00e1 por el aniversario llaylla\u00edno.<\/figcaption><\/figure>\n<figure id=\"attachment_68403\" aria-describedby=\"caption-attachment-68403\" style=\"width: 300px\" class=\"wp-caption alignleft\"><a href=\"http:\/\/www.eltrabajo.cl\/portal\/lucybell-luis-jara-y-zip-zup-este-sabado-en-celebracion-aniversario-llay-llay\/zip-zup\/\" rel=\"attachment wp-att-68403\"><img data-recalc-dims=\"1\" loading=\"lazy\" decoding=\"async\" class=\"size-medium wp-image-68403\" src=\"https:\/\/i0.wp.com\/www.eltrabajo.cl\/portal\/wp-content\/uploads\/2016\/04\/Zip-zup-300x198.jpg?resize=300%2C198\" alt=\"El humorista Zip Zup.\" width=\"300\" height=\"198\" srcset=\"https:\/\/i0.wp.com\/eltrabajo.cl\/portal\/wp-content\/uploads\/2016\/04\/Zip-zup.jpg?resize=300%2C198&amp;ssl=1 300w, https:\/\/i0.wp.com\/eltrabajo.cl\/portal\/wp-content\/uploads\/2016\/04\/Zip-zup.jpg?resize=200%2C132&amp;ssl=1 200w, https:\/\/i0.wp.com\/eltrabajo.cl\/portal\/wp-content\/uploads\/2016\/04\/Zip-zup.jpg?resize=227%2C150&amp;ssl=1 227w, https:\/\/i0.wp.com\/eltrabajo.cl\/portal\/wp-content\/uploads\/2016\/04\/Zip-zup.jpg?resize=400%2C264&amp;ssl=1 400w, https:\/\/i0.wp.com\/eltrabajo.cl\/portal\/wp-content\/uploads\/2016\/04\/Zip-zup.jpg?w=530&amp;ssl=1 530w\" sizes=\"auto, (max-width: 300px) 100vw, 300px\" \/><\/a><figcaption id=\"caption-attachment-68403\" class=\"wp-caption-text\">El humorista Zip Zup.<\/figcaption><\/figure>\n","protected":false},"excerpt":{"rendered":"<p>LLAY LLAY.- La ciudad del Viento Viento cumple 141 a\u00f1os de vida y para celebrar a lo grande, el municipio tiene un show art\u00edstico que incluye en su parrilla al cantante y&#8230;<\/p>\n","protected":false},"author":1,"featured_media":68401,"comment_status":"open","ping_status":"open","sticky":false,"template":"","format":"standard","meta":{"advanced_seo_description":"","jetpack_seo_html_title":"","jetpack_seo_noindex":false,"_jetpack_memberships_contains_paid_content":false,"footnotes":""},"categories":[1],"tags":[],"class_list":["post-68400","post","type-post","status-publish","format-standard","has-post-thumbnail","hentry","category-cronica"],"jetpack_featured_media_url":"https:\/\/i0.wp.com\/eltrabajo.cl\/portal\/wp-content\/uploads\/2016\/04\/Lucybell.jpg?fit=530%2C349&ssl=1","jetpack_sharing_enabled":true,"jetpack_likes_enabled":true,"jetpack-related-posts":[],"_links":{"self":[{"href":"https:\/\/eltrabajo.cl\/portal\/wp-json\/wp\/v2\/posts\/68400","targetHints":{"allow":["GET"]}}],"collection":[{"href":"https:\/\/eltrabajo.cl\/portal\/wp-json\/wp\/v2\/posts"}],"about":[{"href":"https:\/\/eltrabajo.cl\/portal\/wp-json\/wp\/v2\/types\/post"}],"author":[{"embeddable":true,"href":"https:\/\/eltrabajo.cl\/portal\/wp-json\/wp\/v2\/users\/1"}],"replies":[{"embeddable":true,"href":"https:\/\/eltrabajo.cl\/portal\/wp-json\/wp\/v2\/comments?post=68400"}],"version-history":[{"count":0,"href":"https:\/\/eltrabajo.cl\/portal\/wp-json\/wp\/v2\/posts\/68400\/revisions"}],"wp:featuredmedia":[{"embeddable":true,"href":"https:\/\/eltrabajo.cl\/portal\/wp-json\/wp\/v2\/media\/68401"}],"wp:attachment":[{"href":"https:\/\/eltrabajo.cl\/portal\/wp-json\/wp\/v2\/media?parent=68400"}],"wp:term":[{"taxonomy":"category","embeddable":true,"href":"https:\/\/eltrabajo.cl\/portal\/wp-json\/wp\/v2\/categories?post=68400"},{"taxonomy":"post_tag","embeddable":true,"href":"https:\/\/eltrabajo.cl\/portal\/wp-json\/wp\/v2\/tags?post=68400"}],"curies":[{"name":"wp","href":"https:\/\/api.w.org\/{rel}","templated":true}]}}