{"id":68406,"date":"2016-04-05T08:51:02","date_gmt":"2016-04-05T11:51:02","guid":{"rendered":"http:\/\/www.eltrabajo.cl\/portal\/?p=68406"},"modified":"2016-04-05T08:51:02","modified_gmt":"2016-04-05T11:51:02","slug":"nuevo-grupo-de-medicos-llega-a-ejercer-en-la-red-de-salud-de-aconcagua","status":"publish","type":"post","link":"https:\/\/eltrabajo.cl\/portal\/nuevo-grupo-de-medicos-llega-a-ejercer-en-la-red-de-salud-de-aconcagua\/","title":{"rendered":"Nuevo grupo de m\u00e9dicos llega a ejercer en la red de salud de Aconcagua"},"content":{"rendered":"<figure id=\"attachment_68408\" aria-describedby=\"caption-attachment-68408\" style=\"width: 300px\" class=\"wp-caption alignleft\"><a href=\"http:\/\/www.eltrabajo.cl\/portal\/nuevo-grupo-de-medicos-llega-a-ejercer-en-la-red-de-salud-de-aconcagua\/foto-2-dr-luis-foncea-subdirector-medico-del-servicio-de-salud-aconcagua\/\" rel=\"attachment wp-att-68408\"><img data-recalc-dims=\"1\" loading=\"lazy\" decoding=\"async\" class=\"size-medium wp-image-68408\" src=\"https:\/\/i0.wp.com\/www.eltrabajo.cl\/portal\/wp-content\/uploads\/2016\/04\/FOTO-2-Dr-Luis-Foncea-subdirector-medico-del-Servicio-de-Salud-Aconcagua-300x197.jpg?resize=300%2C197\" alt=\"Doctor Luis Foncea, subdirector m\u00e9dico del Servicio de Salud Aconcagua.\" width=\"300\" height=\"197\" srcset=\"https:\/\/i0.wp.com\/eltrabajo.cl\/portal\/wp-content\/uploads\/2016\/04\/FOTO-2-Dr-Luis-Foncea-subdirector-medico-del-Servicio-de-Salud-Aconcagua.jpg?resize=300%2C197&amp;ssl=1 300w, https:\/\/i0.wp.com\/eltrabajo.cl\/portal\/wp-content\/uploads\/2016\/04\/FOTO-2-Dr-Luis-Foncea-subdirector-medico-del-Servicio-de-Salud-Aconcagua.jpg?resize=200%2C131&amp;ssl=1 200w, https:\/\/i0.wp.com\/eltrabajo.cl\/portal\/wp-content\/uploads\/2016\/04\/FOTO-2-Dr-Luis-Foncea-subdirector-medico-del-Servicio-de-Salud-Aconcagua.jpg?resize=228%2C150&amp;ssl=1 228w, https:\/\/i0.wp.com\/eltrabajo.cl\/portal\/wp-content\/uploads\/2016\/04\/FOTO-2-Dr-Luis-Foncea-subdirector-medico-del-Servicio-de-Salud-Aconcagua.jpg?resize=400%2C263&amp;ssl=1 400w, https:\/\/i0.wp.com\/eltrabajo.cl\/portal\/wp-content\/uploads\/2016\/04\/FOTO-2-Dr-Luis-Foncea-subdirector-medico-del-Servicio-de-Salud-Aconcagua.jpg?w=530&amp;ssl=1 530w\" sizes=\"auto, (max-width: 300px) 100vw, 300px\" \/><\/a><figcaption id=\"caption-attachment-68408\" class=\"wp-caption-text\">Doctor Luis Foncea, subdirector m\u00e9dico del Servicio de Salud Aconcagua.<\/figcaption><\/figure>\n<p><strong>Se incorporan 36 profesionales dentro de los cuales hay pediatras y un odont\u00f3logo:<\/strong><br \/>\nEl arribo de los facultativos se genera a partir del Plan Nacional de Ingreso, Formaci\u00f3n y Retenci\u00f3n de Especialistas, el cual, permitir\u00e1 que el Servicio de Salud Aconcagua cuente con mayor cantidad de galenos que se desempe\u00f1ar\u00e1n en la red de establecimientos de Atenci\u00f3n Primaria, tanto municipal, como dependientes y hospitales comunitarios.<br \/>\nSon 36 nuevos profesionales m\u00e9dicos en etapa de Destinaci\u00f3n y Formaci\u00f3n (EDF) y Per\u00edodo Asistencial Obligatorio (PAO), los que comenzar\u00e1n a desempe\u00f1arse desde ma\u00f1ana en la red de establecimientos de salud local, permitiendo fortalecer y mejorar la atenci\u00f3n primaria y los servicios de Urgencias del Valle.<br \/>\nDentro de los facultativos, que desde el viernes estuvieron sometidos a un proceso de inducci\u00f3n, hay m\u00e9dicos, pediatras y un odont\u00f3logo, quienes ser\u00e1n distribuidos a los distintos establecimientos dependientes del Servicio de Salud Aconcagua, SSA y tambi\u00e9n a los Cesfam de administraci\u00f3n municipal Segismundo Iturra (San Felipe) y Centenario (Los Andes).<br \/>\nAs\u00ed lo corrobor\u00f3 el subdirector m\u00e9dico del SSA, Dr. Luis Foncea, quien asegur\u00f3 que \u201cnosotros estamos recibiendo a un n\u00famero importante de m\u00e9dicos, algunos en etapa de destinaci\u00f3n y formaci\u00f3n, lo que son los antiguos m\u00e9dicos generales de zona, que van a incorporarse a los distintos establecimientos de nuestra red y otros m\u00e9dicos que est\u00e1n por devolver sus per\u00edodos de post becas, post especializaci\u00f3n\u201d, describi\u00f3.<br \/>\nCabe destacar, que en esta oportunidad se consiguen 10 profesionales m\u00e1s de lo que generalmente recibe la red asistencial de Aconcagua y de acuerdo a lo manifestado por Foncea \u201cpor primera vez se incorporar\u00e1n a los Cesfam municipales: 4 m\u00e9dicos al Segismundo Iturra y 2 al Centenario de Los Andes\u201d, sostuvo.<br \/>\nAs\u00ed mismo, el galeno ratific\u00f3 que dentro de los profesionales que se suman este a\u00f1o, vuelven 4 pediatras que van a formar parte del staff del Hospital San Juan de Dios de Los Andes y San Camilo se San Felipe, quienes a la vez, tendr\u00e1n una importante acci\u00f3n en el \u00e1mbito de la atenci\u00f3n primaria, pues van a fortalecer y aumentar la efectividad del servicio en los Cesfam de las distintas comunas del Valle.<br \/>\n\u201cLo que vamos a hacer es tratar de mejorar el sistema de resolutividad de la atenci\u00f3n pedi\u00e1trica en los Cesfam, ellos van a formar parte de las unidades de emergencia del HSC Y Hosla, pero adem\u00e1s van a realizar consultor\u00edas de manera que nuestros ni\u00f1os sean atendidos de la manera m\u00e1s eficiente posible en el \u00e1mbito de morbilidad y adem\u00e1s van a desarrollar las inter consultas que se generen en esos mismos centros (Cesfam) en forma inmediata, in situ, lo que implica que los pacientes no tendr\u00edan que desplazarse a los hospitales para ser atendidos por los especialistas\u201d, concluy\u00f3 Foncea.<br \/>\nEstos profesionales nutrir\u00e1n el sistema de atenci\u00f3n primaria por al menos 6 a\u00f1os y est\u00e1n considerados dentro de un plan piloto del SSA, en el cual, por primera vez los pediatras formar\u00e1n parte de la atenci\u00f3n primaria y se espera que el pr\u00f3ximo a\u00f1o puedan incorporarse otros especialistas como m\u00e9dicos internistas, cirujanos o gineco obstetras que puedan realizar alg\u00fan grado de atenci\u00f3n en la red de salud local.<\/p>\n<figure id=\"attachment_68407\" aria-describedby=\"caption-attachment-68407\" style=\"width: 530px\" class=\"wp-caption alignleft\"><a href=\"http:\/\/www.eltrabajo.cl\/portal\/nuevo-grupo-de-medicos-llega-a-ejercer-en-la-red-de-salud-de-aconcagua\/foto-1-36-nuevo-profesionales-medicos-comenzaran\/\" rel=\"attachment wp-att-68407\"><img data-recalc-dims=\"1\" loading=\"lazy\" decoding=\"async\" class=\"size-full wp-image-68407\" src=\"https:\/\/i0.wp.com\/www.eltrabajo.cl\/portal\/wp-content\/uploads\/2016\/04\/FOTO-1-36-NUEVO-PROFESIONALES-MEDICOS-COMENZARAN.jpg?resize=530%2C349\" alt=\"36 nuevos profesionales m\u00e9dicos comenzar\u00e1n a atender en los distintos establecimientos de salud del Valle de Aconcagua.\" width=\"530\" height=\"349\" srcset=\"https:\/\/i0.wp.com\/eltrabajo.cl\/portal\/wp-content\/uploads\/2016\/04\/FOTO-1-36-NUEVO-PROFESIONALES-MEDICOS-COMENZARAN.jpg?w=530&amp;ssl=1 530w, https:\/\/i0.wp.com\/eltrabajo.cl\/portal\/wp-content\/uploads\/2016\/04\/FOTO-1-36-NUEVO-PROFESIONALES-MEDICOS-COMENZARAN.jpg?resize=200%2C132&amp;ssl=1 200w, https:\/\/i0.wp.com\/eltrabajo.cl\/portal\/wp-content\/uploads\/2016\/04\/FOTO-1-36-NUEVO-PROFESIONALES-MEDICOS-COMENZARAN.jpg?resize=300%2C198&amp;ssl=1 300w, https:\/\/i0.wp.com\/eltrabajo.cl\/portal\/wp-content\/uploads\/2016\/04\/FOTO-1-36-NUEVO-PROFESIONALES-MEDICOS-COMENZARAN.jpg?resize=228%2C150&amp;ssl=1 228w, https:\/\/i0.wp.com\/eltrabajo.cl\/portal\/wp-content\/uploads\/2016\/04\/FOTO-1-36-NUEVO-PROFESIONALES-MEDICOS-COMENZARAN.jpg?resize=400%2C263&amp;ssl=1 400w\" sizes=\"auto, (max-width: 530px) 100vw, 530px\" \/><\/a><figcaption id=\"caption-attachment-68407\" class=\"wp-caption-text\">36 nuevos profesionales m\u00e9dicos comenzar\u00e1n a atender en los distintos establecimientos de salud del Valle de Aconcagua.<\/figcaption><\/figure>\n","protected":false},"excerpt":{"rendered":"<p>Se incorporan 36 profesionales dentro de los cuales hay pediatras y un odont\u00f3logo: El arribo de los facultativos se genera a partir del Plan Nacional de Ingreso, Formaci\u00f3n y Retenci\u00f3n de Especialistas,&#8230;<\/p>\n","protected":false},"author":1,"featured_media":68407,"comment_status":"open","ping_status":"open","sticky":false,"template":"","format":"standard","meta":{"advanced_seo_description":"","jetpack_seo_html_title":"","jetpack_seo_noindex":false,"_jetpack_memberships_contains_paid_content":false,"footnotes":""},"categories":[1],"tags":[],"class_list":["post-68406","post","type-post","status-publish","format-standard","has-post-thumbnail","hentry","category-cronica"],"jetpack_featured_media_url":"https:\/\/i0.wp.com\/eltrabajo.cl\/portal\/wp-content\/uploads\/2016\/04\/FOTO-1-36-NUEVO-PROFESIONALES-MEDICOS-COMENZARAN.jpg?fit=530%2C349&ssl=1","jetpack_sharing_enabled":true,"jetpack_likes_enabled":true,"jetpack-related-posts":[],"_links":{"self":[{"href":"https:\/\/eltrabajo.cl\/portal\/wp-json\/wp\/v2\/posts\/68406","targetHints":{"allow":["GET"]}}],"collection":[{"href":"https:\/\/eltrabajo.cl\/portal\/wp-json\/wp\/v2\/posts"}],"about":[{"href":"https:\/\/eltrabajo.cl\/portal\/wp-json\/wp\/v2\/types\/post"}],"author":[{"embeddable":true,"href":"https:\/\/eltrabajo.cl\/portal\/wp-json\/wp\/v2\/users\/1"}],"replies":[{"embeddable":true,"href":"https:\/\/eltrabajo.cl\/portal\/wp-json\/wp\/v2\/comments?post=68406"}],"version-history":[{"count":0,"href":"https:\/\/eltrabajo.cl\/portal\/wp-json\/wp\/v2\/posts\/68406\/revisions"}],"wp:featuredmedia":[{"embeddable":true,"href":"https:\/\/eltrabajo.cl\/portal\/wp-json\/wp\/v2\/media\/68407"}],"wp:attachment":[{"href":"https:\/\/eltrabajo.cl\/portal\/wp-json\/wp\/v2\/media?parent=68406"}],"wp:term":[{"taxonomy":"category","embeddable":true,"href":"https:\/\/eltrabajo.cl\/portal\/wp-json\/wp\/v2\/categories?post=68406"},{"taxonomy":"post_tag","embeddable":true,"href":"https:\/\/eltrabajo.cl\/portal\/wp-json\/wp\/v2\/tags?post=68406"}],"curies":[{"name":"wp","href":"https:\/\/api.w.org\/{rel}","templated":true}]}}