{"id":68411,"date":"2016-04-05T09:01:22","date_gmt":"2016-04-05T12:01:22","guid":{"rendered":"http:\/\/www.eltrabajo.cl\/portal\/?p=68411"},"modified":"2016-04-05T09:01:23","modified_gmt":"2016-04-05T12:01:23","slug":"crearan-la-biblioteca-pablo-flores-en-honor-a-joven-profesor-fallecido","status":"publish","type":"post","link":"https:\/\/eltrabajo.cl\/portal\/crearan-la-biblioteca-pablo-flores-en-honor-a-joven-profesor-fallecido\/","title":{"rendered":"Crear\u00e1n la \u2018Biblioteca Pablo Flores\u2019, en honor a joven profesor fallecido"},"content":{"rendered":"<figure id=\"attachment_68413\" aria-describedby=\"caption-attachment-68413\" style=\"width: 300px\" class=\"wp-caption alignleft\"><a href=\"http:\/\/www.eltrabajo.cl\/portal\/crearan-la-biblioteca-pablo-flores-en-honor-a-joven-profesor-fallecido\/pablo-flores\/\" rel=\"attachment wp-att-68413\"><img data-recalc-dims=\"1\" loading=\"lazy\" decoding=\"async\" class=\"size-medium wp-image-68413\" src=\"https:\/\/i0.wp.com\/www.eltrabajo.cl\/portal\/wp-content\/uploads\/2016\/04\/Pablo-Flores-300x198.jpg?resize=300%2C198\" alt=\"Profesor Pablo Flores, fallecido hace dos meses, la nueva biblioteca llevar\u00e1 su nombre.\" width=\"300\" height=\"198\" srcset=\"https:\/\/i0.wp.com\/eltrabajo.cl\/portal\/wp-content\/uploads\/2016\/04\/Pablo-Flores.jpg?resize=300%2C198&amp;ssl=1 300w, https:\/\/i0.wp.com\/eltrabajo.cl\/portal\/wp-content\/uploads\/2016\/04\/Pablo-Flores.jpg?resize=200%2C132&amp;ssl=1 200w, https:\/\/i0.wp.com\/eltrabajo.cl\/portal\/wp-content\/uploads\/2016\/04\/Pablo-Flores.jpg?resize=227%2C150&amp;ssl=1 227w, https:\/\/i0.wp.com\/eltrabajo.cl\/portal\/wp-content\/uploads\/2016\/04\/Pablo-Flores.jpg?resize=400%2C264&amp;ssl=1 400w, https:\/\/i0.wp.com\/eltrabajo.cl\/portal\/wp-content\/uploads\/2016\/04\/Pablo-Flores.jpg?w=530&amp;ssl=1 530w\" sizes=\"auto, (max-width: 300px) 100vw, 300px\" \/><\/a><figcaption id=\"caption-attachment-68413\" class=\"wp-caption-text\">Profesor Pablo Flores, fallecido hace dos meses, la nueva biblioteca llevar\u00e1 su nombre.<\/figcaption><\/figure>\n<p><strong>El viernes lo honrar\u00e1n con Misa en escuela de Bellavista:<\/strong><br \/>\nEste viernes a las 09:00 horas en la Escuela Carolina Ocampo, de Bellavista, se estar\u00e1 celebrando una Misa en recuerdo del querido profesor Pablo Flores Rodr\u00edguez, quien falleciera el 30 de enero pasado a ra\u00edz de una complicada enfermedad. Seg\u00fan inform\u00f3 la subdirectora de ese centro escolar, M\u00f3nica Tapia Olmos, \u00abno solamente estaremos recordando a nuestro querido profesor, tambi\u00e9n ya se est\u00e1 gestionando a nivel administrativo el poder crear una biblioteca escolar que llevar\u00eda su nombre, actualmente no tenemos biblioteca y por eso estamos pensando hacerlo este a\u00f1o\u00bb.<br \/>\nActualmente no existe un recinto para albergar el sitial de biblioteca, pero se piensa usar la actual Direcci\u00f3n como tal, ya que la oficina del director estar\u00eda siendo reinstalada en una edificaci\u00f3n cercana a la escuela, a unos 30 metros del complejo de salones de clases.<br \/>\nSeg\u00fan la funcionaria, los profesores est\u00e1n muy motivados con esta idea, pues ya hay algunos libros disponibles, mientras que esperan tambi\u00e9n apostarle a los fondos SEP para comprar m\u00e1s libros, adem\u00e1s que se estar\u00e1n aceptando donaciones.<br \/>\n<strong>Roberto Gonz\u00e1lez Short<\/strong><br \/>\n<strong>rgonzalez@eltrabajo.cl<\/strong><\/p>\n<figure id=\"attachment_68414\" aria-describedby=\"caption-attachment-68414\" style=\"width: 530px\" class=\"wp-caption alignleft\"><a href=\"http:\/\/www.eltrabajo.cl\/portal\/crearan-la-biblioteca-pablo-flores-en-honor-a-joven-profesor-fallecido\/prebasica28\/\" rel=\"attachment wp-att-68414\"><img data-recalc-dims=\"1\" loading=\"lazy\" decoding=\"async\" class=\"size-full wp-image-68414\" src=\"https:\/\/i0.wp.com\/www.eltrabajo.cl\/portal\/wp-content\/uploads\/2016\/04\/Prebasica28.jpg?resize=530%2C349\" alt=\"FUTUROS LECTORES.- Estos peque\u00f1itos de Preb\u00e1sica pronto contar\u00e1n con su propia biblioteca escolar.\" width=\"530\" height=\"349\" srcset=\"https:\/\/i0.wp.com\/eltrabajo.cl\/portal\/wp-content\/uploads\/2016\/04\/Prebasica28.jpg?w=530&amp;ssl=1 530w, https:\/\/i0.wp.com\/eltrabajo.cl\/portal\/wp-content\/uploads\/2016\/04\/Prebasica28.jpg?resize=200%2C132&amp;ssl=1 200w, https:\/\/i0.wp.com\/eltrabajo.cl\/portal\/wp-content\/uploads\/2016\/04\/Prebasica28.jpg?resize=300%2C198&amp;ssl=1 300w, https:\/\/i0.wp.com\/eltrabajo.cl\/portal\/wp-content\/uploads\/2016\/04\/Prebasica28.jpg?resize=228%2C150&amp;ssl=1 228w, https:\/\/i0.wp.com\/eltrabajo.cl\/portal\/wp-content\/uploads\/2016\/04\/Prebasica28.jpg?resize=400%2C263&amp;ssl=1 400w\" sizes=\"auto, (max-width: 530px) 100vw, 530px\" \/><\/a><figcaption id=\"caption-attachment-68414\" class=\"wp-caption-text\">FUTUROS LECTORES.- Estos peque\u00f1itos de Preb\u00e1sica pronto contar\u00e1n con su propia biblioteca escolar.<\/figcaption><\/figure>\n<figure id=\"attachment_68412\" aria-describedby=\"caption-attachment-68412\" style=\"width: 530px\" class=\"wp-caption alignleft\"><a href=\"http:\/\/www.eltrabajo.cl\/portal\/crearan-la-biblioteca-pablo-flores-en-honor-a-joven-profesor-fallecido\/bellavista1-4\/\" rel=\"attachment wp-att-68412\"><img data-recalc-dims=\"1\" loading=\"lazy\" decoding=\"async\" class=\"size-full wp-image-68412\" src=\"https:\/\/i0.wp.com\/www.eltrabajo.cl\/portal\/wp-content\/uploads\/2016\/04\/Bellavista1.jpg?resize=530%2C349\" alt=\"PROFES EMPRENDEDORES.- Ellos son los profesores de la Escuela Carolina Ocampo de Bellavista, quienes est\u00e1n gestionando crear una biblioteca para su escuela.\" width=\"530\" height=\"349\" srcset=\"https:\/\/i0.wp.com\/eltrabajo.cl\/portal\/wp-content\/uploads\/2016\/04\/Bellavista1.jpg?w=530&amp;ssl=1 530w, https:\/\/i0.wp.com\/eltrabajo.cl\/portal\/wp-content\/uploads\/2016\/04\/Bellavista1.jpg?resize=200%2C132&amp;ssl=1 200w, https:\/\/i0.wp.com\/eltrabajo.cl\/portal\/wp-content\/uploads\/2016\/04\/Bellavista1.jpg?resize=300%2C198&amp;ssl=1 300w, https:\/\/i0.wp.com\/eltrabajo.cl\/portal\/wp-content\/uploads\/2016\/04\/Bellavista1.jpg?resize=228%2C150&amp;ssl=1 228w, https:\/\/i0.wp.com\/eltrabajo.cl\/portal\/wp-content\/uploads\/2016\/04\/Bellavista1.jpg?resize=400%2C263&amp;ssl=1 400w\" sizes=\"auto, (max-width: 530px) 100vw, 530px\" \/><\/a><figcaption id=\"caption-attachment-68412\" class=\"wp-caption-text\">PROFES EMPRENDEDORES.- Ellos son los profesores de la Escuela Carolina Ocampo de Bellavista, quienes est\u00e1n gestionando crear una biblioteca para su escuela.<\/figcaption><\/figure>\n","protected":false},"excerpt":{"rendered":"<p>El viernes lo honrar\u00e1n con Misa en escuela de Bellavista: Este viernes a las 09:00 horas en la Escuela Carolina Ocampo, de Bellavista, se estar\u00e1 celebrando una Misa en recuerdo del querido&#8230;<\/p>\n","protected":false},"author":1,"featured_media":68413,"comment_status":"open","ping_status":"open","sticky":false,"template":"","format":"standard","meta":{"advanced_seo_description":"","jetpack_seo_html_title":"","jetpack_seo_noindex":false,"_jetpack_memberships_contains_paid_content":false,"footnotes":""},"categories":[15],"tags":[],"class_list":["post-68411","post","type-post","status-publish","format-standard","has-post-thumbnail","hentry","category-comunidad"],"jetpack_featured_media_url":"https:\/\/i0.wp.com\/eltrabajo.cl\/portal\/wp-content\/uploads\/2016\/04\/Pablo-Flores.jpg?fit=530%2C350&ssl=1","jetpack_sharing_enabled":true,"jetpack_likes_enabled":true,"jetpack-related-posts":[],"_links":{"self":[{"href":"https:\/\/eltrabajo.cl\/portal\/wp-json\/wp\/v2\/posts\/68411","targetHints":{"allow":["GET"]}}],"collection":[{"href":"https:\/\/eltrabajo.cl\/portal\/wp-json\/wp\/v2\/posts"}],"about":[{"href":"https:\/\/eltrabajo.cl\/portal\/wp-json\/wp\/v2\/types\/post"}],"author":[{"embeddable":true,"href":"https:\/\/eltrabajo.cl\/portal\/wp-json\/wp\/v2\/users\/1"}],"replies":[{"embeddable":true,"href":"https:\/\/eltrabajo.cl\/portal\/wp-json\/wp\/v2\/comments?post=68411"}],"version-history":[{"count":0,"href":"https:\/\/eltrabajo.cl\/portal\/wp-json\/wp\/v2\/posts\/68411\/revisions"}],"wp:featuredmedia":[{"embeddable":true,"href":"https:\/\/eltrabajo.cl\/portal\/wp-json\/wp\/v2\/media\/68413"}],"wp:attachment":[{"href":"https:\/\/eltrabajo.cl\/portal\/wp-json\/wp\/v2\/media?parent=68411"}],"wp:term":[{"taxonomy":"category","embeddable":true,"href":"https:\/\/eltrabajo.cl\/portal\/wp-json\/wp\/v2\/categories?post=68411"},{"taxonomy":"post_tag","embeddable":true,"href":"https:\/\/eltrabajo.cl\/portal\/wp-json\/wp\/v2\/tags?post=68411"}],"curies":[{"name":"wp","href":"https:\/\/api.w.org\/{rel}","templated":true}]}}