{"id":68418,"date":"2016-04-05T09:04:57","date_gmt":"2016-04-05T12:04:57","guid":{"rendered":"http:\/\/www.eltrabajo.cl\/portal\/?p=68418"},"modified":"2016-04-05T09:04:57","modified_gmt":"2016-04-05T12:04:57","slug":"escolares-sanfelipenos-visitaron-la-36a-fidae-2016-en-santiago","status":"publish","type":"post","link":"https:\/\/eltrabajo.cl\/portal\/escolares-sanfelipenos-visitaron-la-36a-fidae-2016-en-santiago\/","title":{"rendered":"Escolares sanfelipe\u00f1os visitaron la 36\u00aa Fidae 2016 en Santiago"},"content":{"rendered":"<p><strong>Aviones de 59 pa\u00edses fueron accesibles a todo el mundo:<\/strong><br \/>\nUn grupo de 25 estudiantes de la Escuela Jos\u00e9 de San Mart\u00edn tuvieron el privilegio de poder asistir este domingo al mayor encuentro de tecnolog\u00eda aeroespacial de Am\u00e9rica Latina y uno de los m\u00e1s importantes del mundo, que se desarroll\u00f3 en la 36\u00aa Feria Internacional del Aire y del Espacio, Fidae 2016 en Santiago.<br \/>\nLa presidente Michelle Bachelet encabez\u00f3 en Santiago la inauguraci\u00f3n de tan importante evento, en donde expusieron 59 pa\u00edses como Chile, Argentina, Brasil, M\u00e9xico, Rusia, Estados Unidos y Europa. De Francia, se present\u00f3 el moderno Airbus A350 XWB de pasajeros, el cual est\u00e1 a\u00fan en su fase de pruebas, mientras que de Rusia estuvo presente con los \u00faltimos modelos de aviones a reacci\u00f3n de combate Migs.<\/p>\n<p><strong>DONAN ENTRADAS<\/strong><br \/>\nSeg\u00fan report\u00f3 a Diario El Trabajo la jefa UTP de ese centro escolar municipalizado, Maribel Vega, \u00ablos ni\u00f1os estaban locos de alegr\u00eda, fueron 50 boletos los que don\u00f3 un exalumno de nuestra escuela y ahora es Coronel de nuestras Fuerzas A\u00e9reas, Luis Felipe S\u00e1ez Collarte, por ello es que apoderados pudieron viaja tambi\u00e9n y acompa\u00f1ar a sus peque\u00f1os\u00bb, dijo Vega.<br \/>\nEsta feria se realiza desde1980, cuando la Fuerza A\u00e9rea de Chile decidi\u00f3 celebrar sus 50 a\u00f1os. Desde entonces esta muestra se ha perfilado como un evento de car\u00e1cter integral, abarcando las \u00e1reas de aviaci\u00f3n civil y comercial; defensa; mantenimiento de aeronaves; equipamientos y servicios aeroportuarios; tecnolog\u00eda espacial y Homeland Security.<br \/>\nLos peque\u00f1os saltaban; se tomaban selfies y muchos las sub\u00edan r\u00e1pidamente a sus redes sociales favoritas; era un sue\u00f1o hecho realidad, poder conocer las enormes y poderosas naves de combate; misiles de ataque y helic\u00f3pteros gigantes.<\/p>\n<p><strong>GRAN MAQUINARIA<\/strong><br \/>\nEs la feria aeron\u00e1utica m\u00e1s importante de Latinoam\u00e9rica y el hemisferio sur, as\u00ed como la tercera a nivel mundial. Fidae 2016 Chile, cuenta con el respaldo del Gobierno de Chile y la Fuerza A\u00e9rea de Chile, se encuentra dentro de las cinco m\u00e1s importantes a nivel mundial, presentando las \u00faltimas tecnolog\u00edas aeroespaciales y de defensa, liderando en Latinoam\u00e9rica respecto a exposiciones de la misma naturaleza.<br \/>\nLa tecnolog\u00eda comprende: aviaci\u00f3n civil y comercial; defensa; tecnolog\u00eda espacial; mantenimiento de aeronaves y equipamiento aeroportuario. Adem\u00e1s de la muestra est\u00e1tica, se realizan exhibiciones a\u00e9reas. Fidae 2016 Chile arranc\u00f3 el 29 de marzo y termin\u00f3 este domingo 3 de abril en las instalaciones de Grupo 10 de la Fach, en el Aeropuerto Arturo Merino Ben\u00edtez de Santiago.<br \/>\n<strong>Roberto Gonz\u00e1lez Short<\/strong><br \/>\n<strong>rgonzalez@eltrabajo.cl<\/strong><\/p>\n<figure id=\"attachment_68419\" aria-describedby=\"caption-attachment-68419\" style=\"width: 528px\" class=\"wp-caption alignleft\"><a href=\"http:\/\/www.eltrabajo.cl\/portal\/escolares-sanfelipenos-visitaron-la-36a-fidae-2016-en-santiago\/fernando-gonzalez\/\" rel=\"attachment wp-att-68419\"><img data-recalc-dims=\"1\" loading=\"lazy\" decoding=\"async\" class=\"size-full wp-image-68419\" src=\"https:\/\/i0.wp.com\/www.eltrabajo.cl\/portal\/wp-content\/uploads\/2016\/04\/Fernando-Gonzalez.jpg?resize=528%2C350\" alt=\"INOLVIDABLE.- Fernando Gonz\u00e1lez nunca olvidar\u00e1 este d\u00eda, cuando le tomaron esta fotograf\u00eda con este gigantesco avi\u00f3n.\" width=\"528\" height=\"350\" srcset=\"https:\/\/i0.wp.com\/eltrabajo.cl\/portal\/wp-content\/uploads\/2016\/04\/Fernando-Gonzalez.jpg?w=528&amp;ssl=1 528w, https:\/\/i0.wp.com\/eltrabajo.cl\/portal\/wp-content\/uploads\/2016\/04\/Fernando-Gonzalez.jpg?resize=200%2C133&amp;ssl=1 200w, https:\/\/i0.wp.com\/eltrabajo.cl\/portal\/wp-content\/uploads\/2016\/04\/Fernando-Gonzalez.jpg?resize=300%2C199&amp;ssl=1 300w, https:\/\/i0.wp.com\/eltrabajo.cl\/portal\/wp-content\/uploads\/2016\/04\/Fernando-Gonzalez.jpg?resize=226%2C150&amp;ssl=1 226w, https:\/\/i0.wp.com\/eltrabajo.cl\/portal\/wp-content\/uploads\/2016\/04\/Fernando-Gonzalez.jpg?resize=400%2C265&amp;ssl=1 400w\" sizes=\"auto, (max-width: 528px) 100vw, 528px\" \/><\/a><figcaption id=\"caption-attachment-68419\" class=\"wp-caption-text\">INOLVIDABLE.- Fernando Gonz\u00e1lez nunca olvidar\u00e1 este d\u00eda, cuando le tomaron esta fotograf\u00eda con este gigantesco avi\u00f3n.<\/figcaption><\/figure>\n<figure id=\"attachment_68420\" aria-describedby=\"caption-attachment-68420\" style=\"width: 530px\" class=\"wp-caption alignleft\"><a href=\"http:\/\/www.eltrabajo.cl\/portal\/escolares-sanfelipenos-visitaron-la-36a-fidae-2016-en-santiago\/ignacio-acuna\/\" rel=\"attachment wp-att-68420\"><img data-recalc-dims=\"1\" loading=\"lazy\" decoding=\"async\" class=\"size-full wp-image-68420\" src=\"https:\/\/i0.wp.com\/www.eltrabajo.cl\/portal\/wp-content\/uploads\/2016\/04\/Ignacio-Acuna.jpg?resize=530%2C349\" alt=\"FUTURO PILOTO.- El peque\u00f1o Ignacio Acu\u00f1a, estudiante de la Escuela Jos\u00e9 de San Mart\u00edn, se dio el lujo de compartir con pilotos reales en una de estas poderosas naves de combate.\" width=\"530\" height=\"349\" srcset=\"https:\/\/i0.wp.com\/eltrabajo.cl\/portal\/wp-content\/uploads\/2016\/04\/Ignacio-Acuna.jpg?w=530&amp;ssl=1 530w, https:\/\/i0.wp.com\/eltrabajo.cl\/portal\/wp-content\/uploads\/2016\/04\/Ignacio-Acuna.jpg?resize=200%2C132&amp;ssl=1 200w, https:\/\/i0.wp.com\/eltrabajo.cl\/portal\/wp-content\/uploads\/2016\/04\/Ignacio-Acuna.jpg?resize=300%2C198&amp;ssl=1 300w, https:\/\/i0.wp.com\/eltrabajo.cl\/portal\/wp-content\/uploads\/2016\/04\/Ignacio-Acuna.jpg?resize=228%2C150&amp;ssl=1 228w, https:\/\/i0.wp.com\/eltrabajo.cl\/portal\/wp-content\/uploads\/2016\/04\/Ignacio-Acuna.jpg?resize=400%2C263&amp;ssl=1 400w\" sizes=\"auto, (max-width: 530px) 100vw, 530px\" \/><\/a><figcaption id=\"caption-attachment-68420\" class=\"wp-caption-text\">FUTURO PILOTO.- El peque\u00f1o Ignacio Acu\u00f1a, estudiante de la Escuela Jos\u00e9 de San Mart\u00edn, se dio el lujo de compartir con pilotos reales en una de estas poderosas naves de combate.<\/figcaption><\/figure>\n<figure id=\"attachment_68421\" aria-describedby=\"caption-attachment-68421\" style=\"width: 530px\" class=\"wp-caption alignleft\"><a href=\"http:\/\/www.eltrabajo.cl\/portal\/escolares-sanfelipenos-visitaron-la-36a-fidae-2016-en-santiago\/porta-grupal2\/\" rel=\"attachment wp-att-68421\"><img data-recalc-dims=\"1\" loading=\"lazy\" decoding=\"async\" class=\"size-full wp-image-68421\" src=\"https:\/\/i0.wp.com\/www.eltrabajo.cl\/portal\/wp-content\/uploads\/2016\/04\/porta-Grupal2.jpg?resize=530%2C350\" alt=\"LA PANDILLA SE ESCAP\u00d3.- Aqu\u00ed tenemos a Fabi\u00e1n Garc\u00eda, C\u00e9sar Garc\u00eda, Esteban Santib\u00e1\u00f1ez y Valentina Madrid.\" width=\"530\" height=\"350\" srcset=\"https:\/\/i0.wp.com\/eltrabajo.cl\/portal\/wp-content\/uploads\/2016\/04\/porta-Grupal2.jpg?w=530&amp;ssl=1 530w, https:\/\/i0.wp.com\/eltrabajo.cl\/portal\/wp-content\/uploads\/2016\/04\/porta-Grupal2.jpg?resize=200%2C132&amp;ssl=1 200w, https:\/\/i0.wp.com\/eltrabajo.cl\/portal\/wp-content\/uploads\/2016\/04\/porta-Grupal2.jpg?resize=300%2C198&amp;ssl=1 300w, https:\/\/i0.wp.com\/eltrabajo.cl\/portal\/wp-content\/uploads\/2016\/04\/porta-Grupal2.jpg?resize=227%2C150&amp;ssl=1 227w, https:\/\/i0.wp.com\/eltrabajo.cl\/portal\/wp-content\/uploads\/2016\/04\/porta-Grupal2.jpg?resize=400%2C264&amp;ssl=1 400w\" sizes=\"auto, (max-width: 530px) 100vw, 530px\" \/><\/a><figcaption id=\"caption-attachment-68421\" class=\"wp-caption-text\">LA PANDILLA SE ESCAP\u00d3.- Aqu\u00ed tenemos a Fabi\u00e1n Garc\u00eda, C\u00e9sar Garc\u00eda, Esteban Santib\u00e1\u00f1ez y Valentina Madrid.<\/figcaption><\/figure>\n<figure id=\"attachment_68422\" aria-describedby=\"caption-attachment-68422\" style=\"width: 530px\" class=\"wp-caption alignleft\"><a href=\"http:\/\/www.eltrabajo.cl\/portal\/escolares-sanfelipenos-visitaron-la-36a-fidae-2016-en-santiago\/trini33\/\" rel=\"attachment wp-att-68422\"><img data-recalc-dims=\"1\" loading=\"lazy\" decoding=\"async\" class=\"size-full wp-image-68422\" src=\"https:\/\/i0.wp.com\/www.eltrabajo.cl\/portal\/wp-content\/uploads\/2016\/04\/Trini33.jpg?resize=530%2C348\" alt=\"D\u00cdA INOLVIDABLE.- Del Club A\u00e9reo de Santiago, aqu\u00ed tenemos esta peque\u00f1a navecita, posan para Diario El Trabajo la peque\u00f1a Trinidad, Juan Carlos y Javiera Z\u00fa\u00f1iga, y nuestro amiguito Ignacio Acu\u00f1a, todos de la Escuela Jos\u00e9 de San Mart\u00edn.\" width=\"530\" height=\"348\" srcset=\"https:\/\/i0.wp.com\/eltrabajo.cl\/portal\/wp-content\/uploads\/2016\/04\/Trini33.jpg?w=530&amp;ssl=1 530w, https:\/\/i0.wp.com\/eltrabajo.cl\/portal\/wp-content\/uploads\/2016\/04\/Trini33.jpg?resize=200%2C131&amp;ssl=1 200w, https:\/\/i0.wp.com\/eltrabajo.cl\/portal\/wp-content\/uploads\/2016\/04\/Trini33.jpg?resize=300%2C197&amp;ssl=1 300w, https:\/\/i0.wp.com\/eltrabajo.cl\/portal\/wp-content\/uploads\/2016\/04\/Trini33.jpg?resize=228%2C150&amp;ssl=1 228w, https:\/\/i0.wp.com\/eltrabajo.cl\/portal\/wp-content\/uploads\/2016\/04\/Trini33.jpg?resize=400%2C263&amp;ssl=1 400w\" sizes=\"auto, (max-width: 530px) 100vw, 530px\" \/><\/a><figcaption id=\"caption-attachment-68422\" class=\"wp-caption-text\">D\u00cdA INOLVIDABLE.- Del Club A\u00e9reo de Santiago, aqu\u00ed tenemos esta peque\u00f1a navecita, posan para Diario El Trabajo la peque\u00f1a Trinidad, Juan Carlos y Javiera Z\u00fa\u00f1iga, y nuestro amiguito Ignacio Acu\u00f1a, todos de la Escuela Jos\u00e9 de San Mart\u00edn.<\/figcaption><\/figure>\n","protected":false},"excerpt":{"rendered":"<p>Aviones de 59 pa\u00edses fueron accesibles a todo el mundo: Un grupo de 25 estudiantes de la Escuela Jos\u00e9 de San Mart\u00edn tuvieron el privilegio de poder asistir este domingo al mayor&#8230;<\/p>\n","protected":false},"author":1,"featured_media":68421,"comment_status":"open","ping_status":"open","sticky":false,"template":"","format":"standard","meta":{"advanced_seo_description":"","jetpack_seo_html_title":"","jetpack_seo_noindex":false,"_jetpack_memberships_contains_paid_content":false,"footnotes":""},"categories":[15],"tags":[],"class_list":["post-68418","post","type-post","status-publish","format-standard","has-post-thumbnail","hentry","category-comunidad"],"jetpack_featured_media_url":"https:\/\/i0.wp.com\/eltrabajo.cl\/portal\/wp-content\/uploads\/2016\/04\/porta-Grupal2.jpg?fit=530%2C350&ssl=1","jetpack_sharing_enabled":true,"jetpack_likes_enabled":true,"jetpack-related-posts":[],"_links":{"self":[{"href":"https:\/\/eltrabajo.cl\/portal\/wp-json\/wp\/v2\/posts\/68418","targetHints":{"allow":["GET"]}}],"collection":[{"href":"https:\/\/eltrabajo.cl\/portal\/wp-json\/wp\/v2\/posts"}],"about":[{"href":"https:\/\/eltrabajo.cl\/portal\/wp-json\/wp\/v2\/types\/post"}],"author":[{"embeddable":true,"href":"https:\/\/eltrabajo.cl\/portal\/wp-json\/wp\/v2\/users\/1"}],"replies":[{"embeddable":true,"href":"https:\/\/eltrabajo.cl\/portal\/wp-json\/wp\/v2\/comments?post=68418"}],"version-history":[{"count":0,"href":"https:\/\/eltrabajo.cl\/portal\/wp-json\/wp\/v2\/posts\/68418\/revisions"}],"wp:featuredmedia":[{"embeddable":true,"href":"https:\/\/eltrabajo.cl\/portal\/wp-json\/wp\/v2\/media\/68421"}],"wp:attachment":[{"href":"https:\/\/eltrabajo.cl\/portal\/wp-json\/wp\/v2\/media?parent=68418"}],"wp:term":[{"taxonomy":"category","embeddable":true,"href":"https:\/\/eltrabajo.cl\/portal\/wp-json\/wp\/v2\/categories?post=68418"},{"taxonomy":"post_tag","embeddable":true,"href":"https:\/\/eltrabajo.cl\/portal\/wp-json\/wp\/v2\/tags?post=68418"}],"curies":[{"name":"wp","href":"https:\/\/api.w.org\/{rel}","templated":true}]}}